{"id":523,"date":"2025-09-10T12:00:41","date_gmt":"2025-09-10T10:00:41","guid":{"rendered":"https:\/\/ccviolenciaeigualdad.com\/?p=523"},"modified":"2025-09-10T12:56:54","modified_gmt":"2025-09-10T10:56:54","slug":"x-encuentro-estatal-de-apcgenero","status":"publish","type":"post","link":"https:\/\/ccviolenciaeigualdad.com\/it\/x-encuentro-estatal-de-apcgenero\/","title":{"rendered":"X Riunione Statale dell&#039;APCG\u00e9nero"},"content":{"rendered":"<p>Reti, sinergie e professionalizzazione del settore della parit\u00e0<\/p>\n\n\n\n<p>26 e 27 settembre 2025<\/p>\n\n\n\n<p>Facolt\u00e0 di Relazioni Sindacali e Risorse Umane di Albacete (Campus Universitario)<\/p>\n\n\n\n<p>ANCHE VIRTUALE!<\/p>\n\n\n\n<p>Lui <em>Riunione statale dell&#039;APCG\u00e9nero<\/em> \u00c8 uno spazio di riferimento per i professionisti della parit\u00e0, dove ci incontriamo ogni anno per discutere delle sfide del settore, condividere strumenti di intervento, generare posizioni comuni e rafforzare le reti di collaborazione.<\/p>\n\n\n\n<p>Qui <strong>decima edizione<\/strong>, ci concentriamo sul <strong>professionalizzazione del settore della parit\u00e0<\/strong>.<\/p>\n\n\n\n<p>Programma definitivo: https:\/\/encuentros.consultoriagenero.org\/wp-content\/uploads\/2025\/08\/V2_Programa-X-Encuentro-Estatal-2025-APCGenero.pdf<\/p>\n\n\n\n<p><\/p>\n\n\n\n<p>Registrazione: https:\/\/encuentros.consultoriagenero.org\/inscripcion\/inscripciones\/<\/p>","protected":false},"excerpt":{"rendered":"<p>Reti, sinergie e professionalizzazione nel settore delle pari opportunit\u00e0, 26 e 27 settembre 2025, Facolt\u00e0 di Relazioni Sindacali e Risorse Umane di Albacete (Campus Universitario). Disponibile anche in modalit\u00e0 virtuale! L&#039;Incontro Nazionale APCG\u00e9nero \u00e8 un forum chiave per i professionisti delle pari opportunit\u00e0, dove ci incontriamo ogni anno per discutere le sfide che il settore deve affrontare, [\u2026]<\/p>","protected":false},"author":4,"featured_media":526,"comment_status":"closed","ping_status":"closed","sticky":false,"template":"","format":"standard","meta":{"footnotes":""},"categories":[1],"tags":[],"class_list":["post-523","post","type-post","status-publish","format-standard","has-post-thumbnail","hentry","category-uncategorized"],"yoast_head":"<!-- This site is optimized with the Yoast SEO plugin v26.3 - https:\/\/yoast.com\/wordpress\/plugins\/seo\/ -->\n<title>X Encuentro Estatal de APCG\u00e9nero - Claudia Cruzado<\/title>\n<meta name=\"robots\" content=\"index, follow, max-snippet:-1, max-image-preview:large, max-video-preview:-1\" \/>\n<link rel=\"canonical\" href=\"https:\/\/ccviolenciaeigualdad.com\/it\/x-encuentro-estatal-de-apcgenero\/\" \/>\n<meta property=\"og:locale\" content=\"it_IT\" \/>\n<meta property=\"og:type\" content=\"article\" \/>\n<meta property=\"og:title\" content=\"X Encuentro Estatal de APCG\u00e9nero - Claudia Cruzado\" \/>\n<meta property=\"og:description\" content=\"Redes, sinergias y profesionalizaci\u00f3n del sector de la igualdad 26 y 27 de septiembre de 2025 Facultad de RELACIONES LABORALES Y RECURSOS HUMANOS DE ALBACETE (CAMPUS UNIVERSITARIO) \u00a1TAMBI\u00c9N VIRTUAL! El Encuentro Estatal de APCG\u00e9nero es un espacio de referencia para profesionales de la igualdad, donde cada a\u00f1o nos reunimos para debatir sobre retos del sector, [&hellip;]\" \/>\n<meta property=\"og:url\" content=\"https:\/\/ccviolenciaeigualdad.com\/it\/x-encuentro-estatal-de-apcgenero\/\" \/>\n<meta property=\"og:site_name\" content=\"Claudia Cruzado\" \/>\n<meta property=\"article:published_time\" content=\"2025-09-10T10:00:41+00:00\" \/>\n<meta property=\"article:modified_time\" content=\"2025-09-10T10:56:54+00:00\" \/>\n<meta property=\"og:image\" content=\"https:\/\/ccviolenciaeigualdad.com\/wp-content\/uploads\/2025\/09\/Screenshot-2025-09-10-115845-1.png\" \/>\n\t<meta property=\"og:image:width\" content=\"214\" \/>\n\t<meta property=\"og:image:height\" content=\"313\" \/>\n\t<meta property=\"og:image:type\" content=\"image\/png\" \/>\n<meta name=\"author\" content=\"ClaudiaCruzado\" \/>\n<meta name=\"twitter:card\" content=\"summary_large_image\" \/>\n<meta name=\"twitter:label1\" content=\"Scritto da\" \/>\n\t<meta name=\"twitter:data1\" content=\"ClaudiaCruzado\" \/>\n\t<meta name=\"twitter:label2\" content=\"Tempo di lettura stimato\" \/>\n\t<meta name=\"twitter:data2\" content=\"1 minuto\" \/>\n<script type=\"application\/ld+json\" class=\"yoast-schema-graph\">{\"@context\":\"https:\/\/schema.org\",\"@graph\":[{\"@type\":\"Article\",\"@id\":\"https:\/\/ccviolenciaeigualdad.com\/x-encuentro-estatal-de-apcgenero\/#article\",\"isPartOf\":{\"@id\":\"https:\/\/ccviolenciaeigualdad.com\/x-encuentro-estatal-de-apcgenero\/\"},\"author\":{\"name\":\"ClaudiaCruzado\",\"@id\":\"https:\/\/ccviolenciaeigualdad.com\/#\/schema\/person\/2b905ae2f475f22f62b4cadef2183a5f\"},\"headline\":\"X Encuentro Estatal de APCG\u00e9nero\",\"datePublished\":\"2025-09-10T10:00:41+00:00\",\"dateModified\":\"2025-09-10T10:56:54+00:00\",\"mainEntityOfPage\":{\"@id\":\"https:\/\/ccviolenciaeigualdad.com\/x-encuentro-estatal-de-apcgenero\/\"},\"wordCount\":112,\"publisher\":{\"@id\":\"https:\/\/ccviolenciaeigualdad.com\/#organization\"},\"image\":{\"@id\":\"https:\/\/ccviolenciaeigualdad.com\/x-encuentro-estatal-de-apcgenero\/#primaryimage\"},\"thumbnailUrl\":\"https:\/\/ccviolenciaeigualdad.com\/wp-content\/uploads\/2025\/09\/Screenshot-2025-09-10-115845-1.png\",\"articleSection\":[\"Uncategorized\"],\"inLanguage\":\"it-IT\"},{\"@type\":\"WebPage\",\"@id\":\"https:\/\/ccviolenciaeigualdad.com\/x-encuentro-estatal-de-apcgenero\/\",\"url\":\"https:\/\/ccviolenciaeigualdad.com\/x-encuentro-estatal-de-apcgenero\/\",\"name\":\"X Encuentro Estatal de APCG\u00e9nero - Claudia Cruzado\",\"isPartOf\":{\"@id\":\"https:\/\/ccviolenciaeigualdad.com\/#website\"},\"primaryImageOfPage\":{\"@id\":\"https:\/\/ccviolenciaeigualdad.com\/x-encuentro-estatal-de-apcgenero\/#primaryimage\"},\"image\":{\"@id\":\"https:\/\/ccviolenciaeigualdad.com\/x-encuentro-estatal-de-apcgenero\/#primaryimage\"},\"thumbnailUrl\":\"https:\/\/ccviolenciaeigualdad.com\/wp-content\/uploads\/2025\/09\/Screenshot-2025-09-10-115845-1.png\",\"datePublished\":\"2025-09-10T10:00:41+00:00\",\"dateModified\":\"2025-09-10T10:56:54+00:00\",\"breadcrumb\":{\"@id\":\"https:\/\/ccviolenciaeigualdad.com\/x-encuentro-estatal-de-apcgenero\/#breadcrumb\"},\"inLanguage\":\"it-IT\",\"potentialAction\":[{\"@type\":\"ReadAction\",\"target\":[\"https:\/\/ccviolenciaeigualdad.com\/x-encuentro-estatal-de-apcgenero\/\"]}]},{\"@type\":\"ImageObject\",\"inLanguage\":\"it-IT\",\"@id\":\"https:\/\/ccviolenciaeigualdad.com\/x-encuentro-estatal-de-apcgenero\/#primaryimage\",\"url\":\"https:\/\/ccviolenciaeigualdad.com\/wp-content\/uploads\/2025\/09\/Screenshot-2025-09-10-115845-1.png\",\"contentUrl\":\"https:\/\/ccviolenciaeigualdad.com\/wp-content\/uploads\/2025\/09\/Screenshot-2025-09-10-115845-1.png\",\"width\":214,\"height\":313},{\"@type\":\"BreadcrumbList\",\"@id\":\"https:\/\/ccviolenciaeigualdad.com\/x-encuentro-estatal-de-apcgenero\/#breadcrumb\",\"itemListElement\":[{\"@type\":\"ListItem\",\"position\":1,\"name\":\"Home\",\"item\":\"https:\/\/ccviolenciaeigualdad.com\/\"},{\"@type\":\"ListItem\",\"position\":2,\"name\":\"X Encuentro Estatal de APCG\u00e9nero\"}]},{\"@type\":\"WebSite\",\"@id\":\"https:\/\/ccviolenciaeigualdad.com\/#website\",\"url\":\"https:\/\/ccviolenciaeigualdad.com\/\",\"name\":\"Claudia Cruzado\",\"description\":\"Consultora especializada en igualdad, violencia de g\u00e9nero y acoso laboral\",\"publisher\":{\"@id\":\"https:\/\/ccviolenciaeigualdad.com\/#organization\"},\"potentialAction\":[{\"@type\":\"SearchAction\",\"target\":{\"@type\":\"EntryPoint\",\"urlTemplate\":\"https:\/\/ccviolenciaeigualdad.com\/?s={search_term_string}\"},\"query-input\":{\"@type\":\"PropertyValueSpecification\",\"valueRequired\":true,\"valueName\":\"search_term_string\"}}],\"inLanguage\":\"it-IT\"},{\"@type\":\"Organization\",\"@id\":\"https:\/\/ccviolenciaeigualdad.com\/#organization\",\"name\":\"Claudia Cruzado\",\"url\":\"https:\/\/ccviolenciaeigualdad.com\/\",\"logo\":{\"@type\":\"ImageObject\",\"inLanguage\":\"it-IT\",\"@id\":\"https:\/\/ccviolenciaeigualdad.com\/#\/schema\/logo\/image\/\",\"url\":\"https:\/\/ccviolenciaeigualdad.com\/wp-content\/uploads\/2025\/10\/cropped-logo-fondo-claudia-cruzado-1-1.png\",\"contentUrl\":\"https:\/\/ccviolenciaeigualdad.com\/wp-content\/uploads\/2025\/10\/cropped-logo-fondo-claudia-cruzado-1-1.png\",\"width\":1080,\"height\":373,\"caption\":\"Claudia Cruzado\"},\"image\":{\"@id\":\"https:\/\/ccviolenciaeigualdad.com\/#\/schema\/logo\/image\/\"}},{\"@type\":\"Person\",\"@id\":\"https:\/\/ccviolenciaeigualdad.com\/#\/schema\/person\/2b905ae2f475f22f62b4cadef2183a5f\",\"name\":\"ClaudiaCruzado\",\"url\":\"https:\/\/ccviolenciaeigualdad.com\/it\/author\/claudiacruzado\/\"}]}<\/script>\n<!-- \/ Yoast SEO plugin. -->","yoast_head_json":{"title":"X Encuentro Estatal de APCG\u00e9nero - Claudia Cruzado","robots":{"index":"index","follow":"follow","max-snippet":"max-snippet:-1","max-image-preview":"max-image-preview:large","max-video-preview":"max-video-preview:-1"},"canonical":"https:\/\/ccviolenciaeigualdad.com\/it\/x-encuentro-estatal-de-apcgenero\/","og_locale":"it_IT","og_type":"article","og_title":"X Encuentro Estatal de APCG\u00e9nero - Claudia Cruzado","og_description":"Redes, sinergias y profesionalizaci\u00f3n del sector de la igualdad 26 y 27 de septiembre de 2025 Facultad de RELACIONES LABORALES Y RECURSOS HUMANOS DE ALBACETE (CAMPUS UNIVERSITARIO) \u00a1TAMBI\u00c9N VIRTUAL! El Encuentro Estatal de APCG\u00e9nero es un espacio de referencia para profesionales de la igualdad, donde cada a\u00f1o nos reunimos para debatir sobre retos del sector, [&hellip;]","og_url":"https:\/\/ccviolenciaeigualdad.com\/it\/x-encuentro-estatal-de-apcgenero\/","og_site_name":"Claudia Cruzado","article_published_time":"2025-09-10T10:00:41+00:00","article_modified_time":"2025-09-10T10:56:54+00:00","og_image":[{"width":214,"height":313,"url":"https:\/\/ccviolenciaeigualdad.com\/wp-content\/uploads\/2025\/09\/Screenshot-2025-09-10-115845-1.png","type":"image\/png"}],"author":"ClaudiaCruzado","twitter_card":"summary_large_image","twitter_misc":{"Scritto da":"ClaudiaCruzado","Tempo di lettura stimato":"1 minuto"},"schema":{"@context":"https:\/\/schema.org","@graph":[{"@type":"Article","@id":"https:\/\/ccviolenciaeigualdad.com\/x-encuentro-estatal-de-apcgenero\/#article","isPartOf":{"@id":"https:\/\/ccviolenciaeigualdad.com\/x-encuentro-estatal-de-apcgenero\/"},"author":{"name":"ClaudiaCruzado","@id":"https:\/\/ccviolenciaeigualdad.com\/#\/schema\/person\/2b905ae2f475f22f62b4cadef2183a5f"},"headline":"X Encuentro Estatal de APCG\u00e9nero","datePublished":"2025-09-10T10:00:41+00:00","dateModified":"2025-09-10T10:56:54+00:00","mainEntityOfPage":{"@id":"https:\/\/ccviolenciaeigualdad.com\/x-encuentro-estatal-de-apcgenero\/"},"wordCount":112,"publisher":{"@id":"https:\/\/ccviolenciaeigualdad.com\/#organization"},"image":{"@id":"https:\/\/ccviolenciaeigualdad.com\/x-encuentro-estatal-de-apcgenero\/#primaryimage"},"thumbnailUrl":"https:\/\/ccviolenciaeigualdad.com\/wp-content\/uploads\/2025\/09\/Screenshot-2025-09-10-115845-1.png","articleSection":["Uncategorized"],"inLanguage":"it-IT"},{"@type":"WebPage","@id":"https:\/\/ccviolenciaeigualdad.com\/x-encuentro-estatal-de-apcgenero\/","url":"https:\/\/ccviolenciaeigualdad.com\/x-encuentro-estatal-de-apcgenero\/","name":"X Encuentro Estatal de APCG\u00e9nero - Claudia Cruzado","isPartOf":{"@id":"https:\/\/ccviolenciaeigualdad.com\/#website"},"primaryImageOfPage":{"@id":"https:\/\/ccviolenciaeigualdad.com\/x-encuentro-estatal-de-apcgenero\/#primaryimage"},"image":{"@id":"https:\/\/ccviolenciaeigualdad.com\/x-encuentro-estatal-de-apcgenero\/#primaryimage"},"thumbnailUrl":"https:\/\/ccviolenciaeigualdad.com\/wp-content\/uploads\/2025\/09\/Screenshot-2025-09-10-115845-1.png","datePublished":"2025-09-10T10:00:41+00:00","dateModified":"2025-09-10T10:56:54+00:00","breadcrumb":{"@id":"https:\/\/ccviolenciaeigualdad.com\/x-encuentro-estatal-de-apcgenero\/#breadcrumb"},"inLanguage":"it-IT","potentialAction":[{"@type":"ReadAction","target":["https:\/\/ccviolenciaeigualdad.com\/x-encuentro-estatal-de-apcgenero\/"]}]},{"@type":"ImageObject","inLanguage":"it-IT","@id":"https:\/\/ccviolenciaeigualdad.com\/x-encuentro-estatal-de-apcgenero\/#primaryimage","url":"https:\/\/ccviolenciaeigualdad.com\/wp-content\/uploads\/2025\/09\/Screenshot-2025-09-10-115845-1.png","contentUrl":"https:\/\/ccviolenciaeigualdad.com\/wp-content\/uploads\/2025\/09\/Screenshot-2025-09-10-115845-1.png","width":214,"height":313},{"@type":"BreadcrumbList","@id":"https:\/\/ccviolenciaeigualdad.com\/x-encuentro-estatal-de-apcgenero\/#breadcrumb","itemListElement":[{"@type":"ListItem","position":1,"name":"Home","item":"https:\/\/ccviolenciaeigualdad.com\/"},{"@type":"ListItem","position":2,"name":"X Encuentro Estatal de APCG\u00e9nero"}]},{"@type":"WebSite","@id":"https:\/\/ccviolenciaeigualdad.com\/#website","url":"https:\/\/ccviolenciaeigualdad.com\/","name":"Claudia Cruzado","description":"Consulente specializzato in parit\u00e0, violenza di genere e molestie sul posto di lavoro","publisher":{"@id":"https:\/\/ccviolenciaeigualdad.com\/#organization"},"potentialAction":[{"@type":"SearchAction","target":{"@type":"EntryPoint","urlTemplate":"https:\/\/ccviolenciaeigualdad.com\/?s={search_term_string}"},"query-input":{"@type":"PropertyValueSpecification","valueRequired":true,"valueName":"search_term_string"}}],"inLanguage":"it-IT"},{"@type":"Organization","@id":"https:\/\/ccviolenciaeigualdad.com\/#organization","name":"Claudia Cruzado","url":"https:\/\/ccviolenciaeigualdad.com\/","logo":{"@type":"ImageObject","inLanguage":"it-IT","@id":"https:\/\/ccviolenciaeigualdad.com\/#\/schema\/logo\/image\/","url":"https:\/\/ccviolenciaeigualdad.com\/wp-content\/uploads\/2025\/10\/cropped-logo-fondo-claudia-cruzado-1-1.png","contentUrl":"https:\/\/ccviolenciaeigualdad.com\/wp-content\/uploads\/2025\/10\/cropped-logo-fondo-claudia-cruzado-1-1.png","width":1080,"height":373,"caption":"Claudia Cruzado"},"image":{"@id":"https:\/\/ccviolenciaeigualdad.com\/#\/schema\/logo\/image\/"}},{"@type":"Person","@id":"https:\/\/ccviolenciaeigualdad.com\/#\/schema\/person\/2b905ae2f475f22f62b4cadef2183a5f","name":"Claudia Cruzado","url":"https:\/\/ccviolenciaeigualdad.com\/it\/author\/claudiacruzado\/"}]}},"_links":{"self":[{"href":"https:\/\/ccviolenciaeigualdad.com\/it\/wp-json\/wp\/v2\/posts\/523","targetHints":{"allow":["GET"]}}],"collection":[{"href":"https:\/\/ccviolenciaeigualdad.com\/it\/wp-json\/wp\/v2\/posts"}],"about":[{"href":"https:\/\/ccviolenciaeigualdad.com\/it\/wp-json\/wp\/v2\/types\/post"}],"author":[{"embeddable":true,"href":"https:\/\/ccviolenciaeigualdad.com\/it\/wp-json\/wp\/v2\/users\/4"}],"replies":[{"embeddable":true,"href":"https:\/\/ccviolenciaeigualdad.com\/it\/wp-json\/wp\/v2\/comments?post=523"}],"version-history":[{"count":1,"href":"https:\/\/ccviolenciaeigualdad.com\/it\/wp-json\/wp\/v2\/posts\/523\/revisions"}],"predecessor-version":[{"id":525,"href":"https:\/\/ccviolenciaeigualdad.com\/it\/wp-json\/wp\/v2\/posts\/523\/revisions\/525"}],"wp:featuredmedia":[{"embeddable":true,"href":"https:\/\/ccviolenciaeigualdad.com\/it\/wp-json\/wp\/v2\/media\/526"}],"wp:attachment":[{"href":"https:\/\/ccviolenciaeigualdad.com\/it\/wp-json\/wp\/v2\/media?parent=523"}],"wp:term":[{"taxonomy":"category","embeddable":true,"href":"https:\/\/ccviolenciaeigualdad.com\/it\/wp-json\/wp\/v2\/categories?post=523"},{"taxonomy":"post_tag","embeddable":true,"href":"https:\/\/ccviolenciaeigualdad.com\/it\/wp-json\/wp\/v2\/tags?post=523"}],"curies":[{"name":"parola chiave","href":"https:\/\/api.w.org\/{rel}","templated":true}]}}