{"id":511,"date":"2025-05-09T17:39:35","date_gmt":"2025-05-09T15:39:35","guid":{"rendered":"https:\/\/ccviolenciaeigualdad.com\/?p=511"},"modified":"2025-05-09T17:39:36","modified_gmt":"2025-05-09T15:39:36","slug":"mediacion-artistica-y-educativa-teatro-foro-con-tematica-inclusiva-y-diversidadde-genero-contra-el-bullying","status":"publish","type":"post","link":"https:\/\/ccviolenciaeigualdad.com\/it\/mediacion-artistica-y-educativa-teatro-foro-con-tematica-inclusiva-y-diversidadde-genero-contra-el-bullying\/","title":{"rendered":"Mediazione artistica ed educativa: teatro forum con temi inclusivi e diversit\u00e0 di genere contro il bullismo"},"content":{"rendered":"<p>Abstract: Questo studio ha esplorato l&#039;uso della mediazione artistica ed educativa con studenti delle scuole secondarie per prevenire il bullismo e promuovere una maggiore accettazione e inclusivit\u00e0 nelle scuole. L&#039;opera teatrale \u00e8 stata utilizzata come punto di partenza per questo approccio. <em>Bastardo<\/em> Questo progetto racconta la vera storia di Romasanta, che, a causa della sua condizione intersessuale, \u00e8 stato perseguitato e molestato, diventando infine un serial killer. Utilizzando una metodologia basata sul Teatro Forum come strumento di ricerca partecipativa e incorporando risorse etnografiche, il progetto mira a: in primo luogo, sensibilizzare gli studenti sulla propria responsabilit\u00e0 individuale e collettiva, consentendo loro di riconoscere i comportamenti all&#039;interno di processi di emarginazione ed esclusione che peggiorano la situazione delle vittime; e in secondo luogo, mostrare a queste vittime meccanismi di coping. La ricerca conclude che il Teatro Forum promuove una maggiore coesione di gruppo tra i partecipanti e facilita l&#039;individuazione e la risposta ai casi di molestie, rendendo il suo utilizzo essenziale per promuovere il pensiero critico e i valori democratici. Allo stesso modo, consente lo sviluppo di competenze chiave relative allo sviluppo del linguaggio, all&#039;autonomia, alla cultura e alla conoscenza.\u00a0<\/p>\n\n\n\n<p>Link all&#039;articolo completo: https:\/\/digitum.um.es\/digitum\/bitstream\/10201\/148642\/1\/Arteterapia.pdf<\/p>\n\n\n\n<p><\/p>","protected":false},"excerpt":{"rendered":"<p>Abstract: Questo studio ha esplorato l&#039;uso della mediazione artistica ed educativa con studenti delle scuole secondarie per prevenire il bullismo e promuovere una maggiore accettazione e inclusivit\u00e0 nelle scuole. L&#039;opera *Malnacido*, che racconta la storia vera di Romasanta, che [\u2026]<\/p>","protected":false},"author":4,"featured_media":512,"comment_status":"closed","ping_status":"closed","sticky":false,"template":"","format":"standard","meta":{"footnotes":""},"categories":[1],"tags":[],"class_list":["post-511","post","type-post","status-publish","format-standard","has-post-thumbnail","hentry","category-uncategorized"],"yoast_head":"<!-- This site is optimized with the Yoast SEO plugin v26.3 - https:\/\/yoast.com\/wordpress\/plugins\/seo\/ -->\n<title>Mediaci\u00f3n art\u00edstica y educativa: teatro foro con tem\u00e1tica inclusiva y diversidadde g\u00e9nero contra el bullying - Claudia Cruzado<\/title>\n<meta name=\"robots\" content=\"index, follow, max-snippet:-1, max-image-preview:large, max-video-preview:-1\" \/>\n<link rel=\"canonical\" href=\"https:\/\/ccviolenciaeigualdad.com\/it\/mediacion-artistica-y-educativa-teatro-foro-con-tematica-inclusiva-y-diversidadde-genero-contra-el-bullying\/\" \/>\n<meta property=\"og:locale\" content=\"it_IT\" \/>\n<meta property=\"og:type\" content=\"article\" \/>\n<meta property=\"og:title\" content=\"Mediaci\u00f3n art\u00edstica y educativa: teatro foro con tem\u00e1tica inclusiva y diversidadde g\u00e9nero contra el bullying - Claudia Cruzado\" \/>\n<meta property=\"og:description\" content=\"Resumen: en este estudio se ha trabajado la mediaci\u00f3n art\u00edstica y educativa con alumnado de educaci\u00f3n secundaria para prevenir el bullying, y generar una mayor aceptaci\u00f3n e inclusividad en los centros educativos.\u00a0 Para ello, se ha tomado como punto de partida la obra de teatro Malnacido que cuenta la historia ver\u00eddica de Romasanta, que, por [&hellip;]\" \/>\n<meta property=\"og:url\" content=\"https:\/\/ccviolenciaeigualdad.com\/it\/mediacion-artistica-y-educativa-teatro-foro-con-tematica-inclusiva-y-diversidadde-genero-contra-el-bullying\/\" \/>\n<meta property=\"og:site_name\" content=\"Claudia Cruzado\" \/>\n<meta property=\"article:published_time\" content=\"2025-05-09T15:39:35+00:00\" \/>\n<meta property=\"article:modified_time\" content=\"2025-05-09T15:39:36+00:00\" \/>\n<meta property=\"og:image\" content=\"https:\/\/ccviolenciaeigualdad.com\/wp-content\/uploads\/2025\/05\/Screenshot-2025-05-09-173714.png\" \/>\n\t<meta property=\"og:image:width\" content=\"241\" \/>\n\t<meta property=\"og:image:height\" content=\"187\" \/>\n\t<meta property=\"og:image:type\" content=\"image\/png\" \/>\n<meta name=\"author\" content=\"ClaudiaCruzado\" \/>\n<meta name=\"twitter:card\" content=\"summary_large_image\" \/>\n<meta name=\"twitter:label1\" content=\"Scritto da\" \/>\n\t<meta name=\"twitter:data1\" content=\"ClaudiaCruzado\" \/>\n\t<meta name=\"twitter:label2\" content=\"Tempo di lettura stimato\" \/>\n\t<meta name=\"twitter:data2\" content=\"2 minuti\" \/>\n<script type=\"application\/ld+json\" class=\"yoast-schema-graph\">{\"@context\":\"https:\/\/schema.org\",\"@graph\":[{\"@type\":\"Article\",\"@id\":\"https:\/\/ccviolenciaeigualdad.com\/mediacion-artistica-y-educativa-teatro-foro-con-tematica-inclusiva-y-diversidadde-genero-contra-el-bullying\/#article\",\"isPartOf\":{\"@id\":\"https:\/\/ccviolenciaeigualdad.com\/mediacion-artistica-y-educativa-teatro-foro-con-tematica-inclusiva-y-diversidadde-genero-contra-el-bullying\/\"},\"author\":{\"name\":\"ClaudiaCruzado\",\"@id\":\"https:\/\/ccviolenciaeigualdad.com\/#\/schema\/person\/2b905ae2f475f22f62b4cadef2183a5f\"},\"headline\":\"Mediaci\u00f3n art\u00edstica y educativa: teatro foro con tem\u00e1tica inclusiva y diversidadde g\u00e9nero contra el bullying\",\"datePublished\":\"2025-05-09T15:39:35+00:00\",\"dateModified\":\"2025-05-09T15:39:36+00:00\",\"mainEntityOfPage\":{\"@id\":\"https:\/\/ccviolenciaeigualdad.com\/mediacion-artistica-y-educativa-teatro-foro-con-tematica-inclusiva-y-diversidadde-genero-contra-el-bullying\/\"},\"wordCount\":259,\"publisher\":{\"@id\":\"https:\/\/ccviolenciaeigualdad.com\/#organization\"},\"image\":{\"@id\":\"https:\/\/ccviolenciaeigualdad.com\/mediacion-artistica-y-educativa-teatro-foro-con-tematica-inclusiva-y-diversidadde-genero-contra-el-bullying\/#primaryimage\"},\"thumbnailUrl\":\"https:\/\/ccviolenciaeigualdad.com\/wp-content\/uploads\/2025\/05\/Screenshot-2025-05-09-173714.png\",\"articleSection\":[\"Uncategorized\"],\"inLanguage\":\"it-IT\"},{\"@type\":\"WebPage\",\"@id\":\"https:\/\/ccviolenciaeigualdad.com\/mediacion-artistica-y-educativa-teatro-foro-con-tematica-inclusiva-y-diversidadde-genero-contra-el-bullying\/\",\"url\":\"https:\/\/ccviolenciaeigualdad.com\/mediacion-artistica-y-educativa-teatro-foro-con-tematica-inclusiva-y-diversidadde-genero-contra-el-bullying\/\",\"name\":\"Mediaci\u00f3n art\u00edstica y educativa: teatro foro con tem\u00e1tica inclusiva y diversidadde g\u00e9nero contra el bullying - Claudia Cruzado\",\"isPartOf\":{\"@id\":\"https:\/\/ccviolenciaeigualdad.com\/#website\"},\"primaryImageOfPage\":{\"@id\":\"https:\/\/ccviolenciaeigualdad.com\/mediacion-artistica-y-educativa-teatro-foro-con-tematica-inclusiva-y-diversidadde-genero-contra-el-bullying\/#primaryimage\"},\"image\":{\"@id\":\"https:\/\/ccviolenciaeigualdad.com\/mediacion-artistica-y-educativa-teatro-foro-con-tematica-inclusiva-y-diversidadde-genero-contra-el-bullying\/#primaryimage\"},\"thumbnailUrl\":\"https:\/\/ccviolenciaeigualdad.com\/wp-content\/uploads\/2025\/05\/Screenshot-2025-05-09-173714.png\",\"datePublished\":\"2025-05-09T15:39:35+00:00\",\"dateModified\":\"2025-05-09T15:39:36+00:00\",\"breadcrumb\":{\"@id\":\"https:\/\/ccviolenciaeigualdad.com\/mediacion-artistica-y-educativa-teatro-foro-con-tematica-inclusiva-y-diversidadde-genero-contra-el-bullying\/#breadcrumb\"},\"inLanguage\":\"it-IT\",\"potentialAction\":[{\"@type\":\"ReadAction\",\"target\":[\"https:\/\/ccviolenciaeigualdad.com\/mediacion-artistica-y-educativa-teatro-foro-con-tematica-inclusiva-y-diversidadde-genero-contra-el-bullying\/\"]}]},{\"@type\":\"ImageObject\",\"inLanguage\":\"it-IT\",\"@id\":\"https:\/\/ccviolenciaeigualdad.com\/mediacion-artistica-y-educativa-teatro-foro-con-tematica-inclusiva-y-diversidadde-genero-contra-el-bullying\/#primaryimage\",\"url\":\"https:\/\/ccviolenciaeigualdad.com\/wp-content\/uploads\/2025\/05\/Screenshot-2025-05-09-173714.png\",\"contentUrl\":\"https:\/\/ccviolenciaeigualdad.com\/wp-content\/uploads\/2025\/05\/Screenshot-2025-05-09-173714.png\",\"width\":241,\"height\":187},{\"@type\":\"BreadcrumbList\",\"@id\":\"https:\/\/ccviolenciaeigualdad.com\/mediacion-artistica-y-educativa-teatro-foro-con-tematica-inclusiva-y-diversidadde-genero-contra-el-bullying\/#breadcrumb\",\"itemListElement\":[{\"@type\":\"ListItem\",\"position\":1,\"name\":\"Home\",\"item\":\"https:\/\/ccviolenciaeigualdad.com\/\"},{\"@type\":\"ListItem\",\"position\":2,\"name\":\"Mediaci\u00f3n art\u00edstica y educativa: teatro foro con tem\u00e1tica inclusiva y diversidadde g\u00e9nero contra el bullying\"}]},{\"@type\":\"WebSite\",\"@id\":\"https:\/\/ccviolenciaeigualdad.com\/#website\",\"url\":\"https:\/\/ccviolenciaeigualdad.com\/\",\"name\":\"Claudia Cruzado\",\"description\":\"Consultora especializada en igualdad, violencia de g\u00e9nero y acoso laboral\",\"publisher\":{\"@id\":\"https:\/\/ccviolenciaeigualdad.com\/#organization\"},\"potentialAction\":[{\"@type\":\"SearchAction\",\"target\":{\"@type\":\"EntryPoint\",\"urlTemplate\":\"https:\/\/ccviolenciaeigualdad.com\/?s={search_term_string}\"},\"query-input\":{\"@type\":\"PropertyValueSpecification\",\"valueRequired\":true,\"valueName\":\"search_term_string\"}}],\"inLanguage\":\"it-IT\"},{\"@type\":\"Organization\",\"@id\":\"https:\/\/ccviolenciaeigualdad.com\/#organization\",\"name\":\"Claudia Cruzado\",\"url\":\"https:\/\/ccviolenciaeigualdad.com\/\",\"logo\":{\"@type\":\"ImageObject\",\"inLanguage\":\"it-IT\",\"@id\":\"https:\/\/ccviolenciaeigualdad.com\/#\/schema\/logo\/image\/\",\"url\":\"https:\/\/ccviolenciaeigualdad.com\/wp-content\/uploads\/2025\/10\/cropped-logo-fondo-claudia-cruzado-1-1.png\",\"contentUrl\":\"https:\/\/ccviolenciaeigualdad.com\/wp-content\/uploads\/2025\/10\/cropped-logo-fondo-claudia-cruzado-1-1.png\",\"width\":1080,\"height\":373,\"caption\":\"Claudia Cruzado\"},\"image\":{\"@id\":\"https:\/\/ccviolenciaeigualdad.com\/#\/schema\/logo\/image\/\"}},{\"@type\":\"Person\",\"@id\":\"https:\/\/ccviolenciaeigualdad.com\/#\/schema\/person\/2b905ae2f475f22f62b4cadef2183a5f\",\"name\":\"ClaudiaCruzado\",\"url\":\"https:\/\/ccviolenciaeigualdad.com\/it\/author\/claudiacruzado\/\"}]}<\/script>\n<!-- \/ Yoast SEO plugin. -->","yoast_head_json":{"title":"Mediaci\u00f3n art\u00edstica y educativa: teatro foro con tem\u00e1tica inclusiva y diversidadde g\u00e9nero contra el bullying - Claudia Cruzado","robots":{"index":"index","follow":"follow","max-snippet":"max-snippet:-1","max-image-preview":"max-image-preview:large","max-video-preview":"max-video-preview:-1"},"canonical":"https:\/\/ccviolenciaeigualdad.com\/it\/mediacion-artistica-y-educativa-teatro-foro-con-tematica-inclusiva-y-diversidadde-genero-contra-el-bullying\/","og_locale":"it_IT","og_type":"article","og_title":"Mediaci\u00f3n art\u00edstica y educativa: teatro foro con tem\u00e1tica inclusiva y diversidadde g\u00e9nero contra el bullying - Claudia Cruzado","og_description":"Resumen: en este estudio se ha trabajado la mediaci\u00f3n art\u00edstica y educativa con alumnado de educaci\u00f3n secundaria para prevenir el bullying, y generar una mayor aceptaci\u00f3n e inclusividad en los centros educativos.\u00a0 Para ello, se ha tomado como punto de partida la obra de teatro Malnacido que cuenta la historia ver\u00eddica de Romasanta, que, por [&hellip;]","og_url":"https:\/\/ccviolenciaeigualdad.com\/it\/mediacion-artistica-y-educativa-teatro-foro-con-tematica-inclusiva-y-diversidadde-genero-contra-el-bullying\/","og_site_name":"Claudia Cruzado","article_published_time":"2025-05-09T15:39:35+00:00","article_modified_time":"2025-05-09T15:39:36+00:00","og_image":[{"width":241,"height":187,"url":"https:\/\/ccviolenciaeigualdad.com\/wp-content\/uploads\/2025\/05\/Screenshot-2025-05-09-173714.png","type":"image\/png"}],"author":"ClaudiaCruzado","twitter_card":"summary_large_image","twitter_misc":{"Scritto da":"ClaudiaCruzado","Tempo di lettura stimato":"2 minuti"},"schema":{"@context":"https:\/\/schema.org","@graph":[{"@type":"Article","@id":"https:\/\/ccviolenciaeigualdad.com\/mediacion-artistica-y-educativa-teatro-foro-con-tematica-inclusiva-y-diversidadde-genero-contra-el-bullying\/#article","isPartOf":{"@id":"https:\/\/ccviolenciaeigualdad.com\/mediacion-artistica-y-educativa-teatro-foro-con-tematica-inclusiva-y-diversidadde-genero-contra-el-bullying\/"},"author":{"name":"ClaudiaCruzado","@id":"https:\/\/ccviolenciaeigualdad.com\/#\/schema\/person\/2b905ae2f475f22f62b4cadef2183a5f"},"headline":"Mediaci\u00f3n art\u00edstica y educativa: teatro foro con tem\u00e1tica inclusiva y diversidadde g\u00e9nero contra el bullying","datePublished":"2025-05-09T15:39:35+00:00","dateModified":"2025-05-09T15:39:36+00:00","mainEntityOfPage":{"@id":"https:\/\/ccviolenciaeigualdad.com\/mediacion-artistica-y-educativa-teatro-foro-con-tematica-inclusiva-y-diversidadde-genero-contra-el-bullying\/"},"wordCount":259,"publisher":{"@id":"https:\/\/ccviolenciaeigualdad.com\/#organization"},"image":{"@id":"https:\/\/ccviolenciaeigualdad.com\/mediacion-artistica-y-educativa-teatro-foro-con-tematica-inclusiva-y-diversidadde-genero-contra-el-bullying\/#primaryimage"},"thumbnailUrl":"https:\/\/ccviolenciaeigualdad.com\/wp-content\/uploads\/2025\/05\/Screenshot-2025-05-09-173714.png","articleSection":["Uncategorized"],"inLanguage":"it-IT"},{"@type":"WebPage","@id":"https:\/\/ccviolenciaeigualdad.com\/mediacion-artistica-y-educativa-teatro-foro-con-tematica-inclusiva-y-diversidadde-genero-contra-el-bullying\/","url":"https:\/\/ccviolenciaeigualdad.com\/mediacion-artistica-y-educativa-teatro-foro-con-tematica-inclusiva-y-diversidadde-genero-contra-el-bullying\/","name":"Mediaci\u00f3n art\u00edstica y educativa: teatro foro con tem\u00e1tica inclusiva y diversidadde g\u00e9nero contra el bullying - Claudia Cruzado","isPartOf":{"@id":"https:\/\/ccviolenciaeigualdad.com\/#website"},"primaryImageOfPage":{"@id":"https:\/\/ccviolenciaeigualdad.com\/mediacion-artistica-y-educativa-teatro-foro-con-tematica-inclusiva-y-diversidadde-genero-contra-el-bullying\/#primaryimage"},"image":{"@id":"https:\/\/ccviolenciaeigualdad.com\/mediacion-artistica-y-educativa-teatro-foro-con-tematica-inclusiva-y-diversidadde-genero-contra-el-bullying\/#primaryimage"},"thumbnailUrl":"https:\/\/ccviolenciaeigualdad.com\/wp-content\/uploads\/2025\/05\/Screenshot-2025-05-09-173714.png","datePublished":"2025-05-09T15:39:35+00:00","dateModified":"2025-05-09T15:39:36+00:00","breadcrumb":{"@id":"https:\/\/ccviolenciaeigualdad.com\/mediacion-artistica-y-educativa-teatro-foro-con-tematica-inclusiva-y-diversidadde-genero-contra-el-bullying\/#breadcrumb"},"inLanguage":"it-IT","potentialAction":[{"@type":"ReadAction","target":["https:\/\/ccviolenciaeigualdad.com\/mediacion-artistica-y-educativa-teatro-foro-con-tematica-inclusiva-y-diversidadde-genero-contra-el-bullying\/"]}]},{"@type":"ImageObject","inLanguage":"it-IT","@id":"https:\/\/ccviolenciaeigualdad.com\/mediacion-artistica-y-educativa-teatro-foro-con-tematica-inclusiva-y-diversidadde-genero-contra-el-bullying\/#primaryimage","url":"https:\/\/ccviolenciaeigualdad.com\/wp-content\/uploads\/2025\/05\/Screenshot-2025-05-09-173714.png","contentUrl":"https:\/\/ccviolenciaeigualdad.com\/wp-content\/uploads\/2025\/05\/Screenshot-2025-05-09-173714.png","width":241,"height":187},{"@type":"BreadcrumbList","@id":"https:\/\/ccviolenciaeigualdad.com\/mediacion-artistica-y-educativa-teatro-foro-con-tematica-inclusiva-y-diversidadde-genero-contra-el-bullying\/#breadcrumb","itemListElement":[{"@type":"ListItem","position":1,"name":"Home","item":"https:\/\/ccviolenciaeigualdad.com\/"},{"@type":"ListItem","position":2,"name":"Mediaci\u00f3n art\u00edstica y educativa: teatro foro con tem\u00e1tica inclusiva y diversidadde g\u00e9nero contra el bullying"}]},{"@type":"WebSite","@id":"https:\/\/ccviolenciaeigualdad.com\/#website","url":"https:\/\/ccviolenciaeigualdad.com\/","name":"Claudia Cruzado","description":"Consulente specializzato in parit\u00e0, violenza di genere e molestie sul posto di lavoro","publisher":{"@id":"https:\/\/ccviolenciaeigualdad.com\/#organization"},"potentialAction":[{"@type":"SearchAction","target":{"@type":"EntryPoint","urlTemplate":"https:\/\/ccviolenciaeigualdad.com\/?s={search_term_string}"},"query-input":{"@type":"PropertyValueSpecification","valueRequired":true,"valueName":"search_term_string"}}],"inLanguage":"it-IT"},{"@type":"Organization","@id":"https:\/\/ccviolenciaeigualdad.com\/#organization","name":"Claudia Cruzado","url":"https:\/\/ccviolenciaeigualdad.com\/","logo":{"@type":"ImageObject","inLanguage":"it-IT","@id":"https:\/\/ccviolenciaeigualdad.com\/#\/schema\/logo\/image\/","url":"https:\/\/ccviolenciaeigualdad.com\/wp-content\/uploads\/2025\/10\/cropped-logo-fondo-claudia-cruzado-1-1.png","contentUrl":"https:\/\/ccviolenciaeigualdad.com\/wp-content\/uploads\/2025\/10\/cropped-logo-fondo-claudia-cruzado-1-1.png","width":1080,"height":373,"caption":"Claudia Cruzado"},"image":{"@id":"https:\/\/ccviolenciaeigualdad.com\/#\/schema\/logo\/image\/"}},{"@type":"Person","@id":"https:\/\/ccviolenciaeigualdad.com\/#\/schema\/person\/2b905ae2f475f22f62b4cadef2183a5f","name":"Claudia Cruzado","url":"https:\/\/ccviolenciaeigualdad.com\/it\/author\/claudiacruzado\/"}]}},"_links":{"self":[{"href":"https:\/\/ccviolenciaeigualdad.com\/it\/wp-json\/wp\/v2\/posts\/511","targetHints":{"allow":["GET"]}}],"collection":[{"href":"https:\/\/ccviolenciaeigualdad.com\/it\/wp-json\/wp\/v2\/posts"}],"about":[{"href":"https:\/\/ccviolenciaeigualdad.com\/it\/wp-json\/wp\/v2\/types\/post"}],"author":[{"embeddable":true,"href":"https:\/\/ccviolenciaeigualdad.com\/it\/wp-json\/wp\/v2\/users\/4"}],"replies":[{"embeddable":true,"href":"https:\/\/ccviolenciaeigualdad.com\/it\/wp-json\/wp\/v2\/comments?post=511"}],"version-history":[{"count":1,"href":"https:\/\/ccviolenciaeigualdad.com\/it\/wp-json\/wp\/v2\/posts\/511\/revisions"}],"predecessor-version":[{"id":513,"href":"https:\/\/ccviolenciaeigualdad.com\/it\/wp-json\/wp\/v2\/posts\/511\/revisions\/513"}],"wp:featuredmedia":[{"embeddable":true,"href":"https:\/\/ccviolenciaeigualdad.com\/it\/wp-json\/wp\/v2\/media\/512"}],"wp:attachment":[{"href":"https:\/\/ccviolenciaeigualdad.com\/it\/wp-json\/wp\/v2\/media?parent=511"}],"wp:term":[{"taxonomy":"category","embeddable":true,"href":"https:\/\/ccviolenciaeigualdad.com\/it\/wp-json\/wp\/v2\/categories?post=511"},{"taxonomy":"post_tag","embeddable":true,"href":"https:\/\/ccviolenciaeigualdad.com\/it\/wp-json\/wp\/v2\/tags?post=511"}],"curies":[{"name":"parola chiave","href":"https:\/\/api.w.org\/{rel}","templated":true}]}}