{"id":3154,"date":"2025-11-03T10:22:57","date_gmt":"2025-11-03T09:22:57","guid":{"rendered":"https:\/\/ccviolenciaeigualdad.com\/?p=3154"},"modified":"2025-11-03T10:23:00","modified_gmt":"2025-11-03T09:23:00","slug":"gemme-espana-propone-la-creacion-de-un-observatorio-de-mediacion-y-masc-en-el-foro-para-la-mediacion-del-ministerio-de-justicia","status":"publish","type":"post","link":"https:\/\/ccviolenciaeigualdad.com\/it\/gemme-espana-propone-la-creacion-de-un-observatorio-de-mediacion-y-masc-en-el-foro-para-la-mediacion-del-ministerio-de-justicia\/","title":{"rendered":"GEMME Spagna propone la creazione di un Osservatorio per la Mediazione e l&#039;ADR nel Forum di Mediazione del Ministero della Giustizia"},"content":{"rendered":"<p>Lui <strong>Il 29 ottobre 2025, il Forum di Mediazione si \u00e8 riunito presso il Ministero della Presidenza, della Giustizia e dei Rapporti con la Magistratura. Istituito nel 2019 come organo collegiale con lo status di gruppo di lavoro ai sensi dell&#039;articolo 22.3 della Legge 40\/2015, il suo scopo \u00e8 istituzionalizzare la collaborazione e il dialogo continuo tra il Ministero e la societ\u00e0 civile su questioni relative alla mediazione.<\/strong>.<\/p>\n\n\n\n<p>Nel corso dell&#039;incontro sono state presentate le conclusioni del gruppo di lavoro &quot;Mappa e Osservatorio&quot;, coordinato da GEMME Spagna:<\/p>\n\n\n\n<p>Il rapporto propone un modello di osservatorio basato su<strong> cinque assi strategici<\/strong>:<\/p>\n\n\n\n<p>1. Coordinamento istituzionale e professionale.<br>2. Osservazione, registrazione e tracciabilit\u00e0 dei dati.<br>3. Monitoraggio e valutazione dell&#039;impatto del requisito procedurale.<br>4. Promozione della qualit\u00e0 tecnica e della formazione continua.<br>5. Diffusione della mediazione, dell&#039;ADR e della cultura della pace.<\/p>\n\n\n\n<p><\/p>\n\n\n\n<p>Vedere i dettagli nel testo allegato, link allegato, preparato con la partecipazione di rappresentanti del Ministero della Giustizia, del Consiglio Generale della Magistratura, delle principali associazioni professionali e accademiche e di GEMME Spagna, costituisce una solida base per procedere verso un sistema giudiziario pi\u00f9 umano, efficace e accessibile.<\/p>\n\n\n\n<p><a href=\"https:\/\/mediacionesjusticia.com\/wp-content\/uploads\/2025\/10\/DOCUMENTO-GRUPO-TRABAJO-MEDIACION.pdf\">https:\/\/mediacionesjusticia.com\/wp-content\/uploads\/2025\/10\/DOCUMENTO-GRUPO-TRABAJO-MEDIACION.pdf<\/a><\/p>\n\n\n\n<p><\/p>","protected":false},"excerpt":{"rendered":"<p>Il 29 ottobre 2025 si \u00e8 riunito presso il Ministero della Presidenza, della Giustizia e dei Rapporti con la Magistratura il Forum di Mediazione. Istituito nel 2019 come organo collegiale con qualifica di gruppo di lavoro ai sensi dell&#039;articolo 22.3 della Legge 40\/2015, il suo scopo \u00e8 [\u2026]<\/p>","protected":false},"author":4,"featured_media":3156,"comment_status":"closed","ping_status":"closed","sticky":false,"template":"","format":"standard","meta":{"footnotes":""},"categories":[1],"tags":[],"class_list":["post-3154","post","type-post","status-publish","format-standard","has-post-thumbnail","hentry","category-uncategorized"],"yoast_head":"<!-- This site is optimized with the Yoast SEO plugin v26.3 - https:\/\/yoast.com\/wordpress\/plugins\/seo\/ -->\n<title>GEMME Espa\u00f1a propone la creaci\u00f3n de un Observatorio de Mediaci\u00f3n y MASC en el Foro para la Mediaci\u00f3n del Ministerio de\u00a0Justicia - Claudia Cruzado<\/title>\n<meta name=\"robots\" content=\"index, follow, max-snippet:-1, max-image-preview:large, max-video-preview:-1\" \/>\n<link rel=\"canonical\" href=\"https:\/\/ccviolenciaeigualdad.com\/it\/gemme-espana-propone-la-creacion-de-un-observatorio-de-mediacion-y-masc-en-el-foro-para-la-mediacion-del-ministerio-de-justicia\/\" \/>\n<meta property=\"og:locale\" content=\"it_IT\" \/>\n<meta property=\"og:type\" content=\"article\" \/>\n<meta property=\"og:title\" content=\"GEMME Espa\u00f1a propone la creaci\u00f3n de un Observatorio de Mediaci\u00f3n y MASC en el Foro para la Mediaci\u00f3n del Ministerio de\u00a0Justicia - Claudia Cruzado\" \/>\n<meta property=\"og:description\" content=\"El 29 de octubre de 2025, tuvo lugar la reuni\u00f3n del Foro para la Mediaci\u00f3n en el Ministerio de la Presidencia, Justicia y Relaciones con las Cortes. Constituido en 2019 como un \u00f3rgano colegiado con el car\u00e1cter de grupo de trabajo de los previstos en el art\u00edculo 22.3 de la Ley 40\/2015, su finalidad es [&hellip;]\" \/>\n<meta property=\"og:url\" content=\"https:\/\/ccviolenciaeigualdad.com\/it\/gemme-espana-propone-la-creacion-de-un-observatorio-de-mediacion-y-masc-en-el-foro-para-la-mediacion-del-ministerio-de-justicia\/\" \/>\n<meta property=\"og:site_name\" content=\"Claudia Cruzado\" \/>\n<meta property=\"article:published_time\" content=\"2025-11-03T09:22:57+00:00\" \/>\n<meta property=\"article:modified_time\" content=\"2025-11-03T09:23:00+00:00\" \/>\n<meta property=\"og:image\" content=\"https:\/\/ccviolenciaeigualdad.com\/wp-content\/uploads\/2025\/11\/Observatorio-y-Mediacion.jpg\" \/>\n\t<meta property=\"og:image:width\" content=\"649\" \/>\n\t<meta property=\"og:image:height\" content=\"430\" \/>\n\t<meta property=\"og:image:type\" content=\"image\/jpeg\" \/>\n<meta name=\"author\" content=\"ClaudiaCruzado\" \/>\n<meta name=\"twitter:card\" content=\"summary_large_image\" \/>\n<meta name=\"twitter:label1\" content=\"Scritto da\" \/>\n\t<meta name=\"twitter:data1\" content=\"ClaudiaCruzado\" \/>\n\t<meta name=\"twitter:label2\" content=\"Tempo di lettura stimato\" \/>\n\t<meta name=\"twitter:data2\" content=\"2 minuti\" \/>\n<script type=\"application\/ld+json\" class=\"yoast-schema-graph\">{\"@context\":\"https:\/\/schema.org\",\"@graph\":[{\"@type\":\"Article\",\"@id\":\"https:\/\/ccviolenciaeigualdad.com\/gemme-espana-propone-la-creacion-de-un-observatorio-de-mediacion-y-masc-en-el-foro-para-la-mediacion-del-ministerio-de-justicia\/#article\",\"isPartOf\":{\"@id\":\"https:\/\/ccviolenciaeigualdad.com\/gemme-espana-propone-la-creacion-de-un-observatorio-de-mediacion-y-masc-en-el-foro-para-la-mediacion-del-ministerio-de-justicia\/\"},\"author\":{\"name\":\"ClaudiaCruzado\",\"@id\":\"https:\/\/ccviolenciaeigualdad.com\/#\/schema\/person\/2b905ae2f475f22f62b4cadef2183a5f\"},\"headline\":\"GEMME Espa\u00f1a propone la creaci\u00f3n de un Observatorio de Mediaci\u00f3n y MASC en el Foro para la Mediaci\u00f3n del Ministerio de\u00a0Justicia\",\"datePublished\":\"2025-11-03T09:22:57+00:00\",\"dateModified\":\"2025-11-03T09:23:00+00:00\",\"mainEntityOfPage\":{\"@id\":\"https:\/\/ccviolenciaeigualdad.com\/gemme-espana-propone-la-creacion-de-un-observatorio-de-mediacion-y-masc-en-el-foro-para-la-mediacion-del-ministerio-de-justicia\/\"},\"wordCount\":249,\"publisher\":{\"@id\":\"https:\/\/ccviolenciaeigualdad.com\/#organization\"},\"image\":{\"@id\":\"https:\/\/ccviolenciaeigualdad.com\/gemme-espana-propone-la-creacion-de-un-observatorio-de-mediacion-y-masc-en-el-foro-para-la-mediacion-del-ministerio-de-justicia\/#primaryimage\"},\"thumbnailUrl\":\"https:\/\/ccviolenciaeigualdad.com\/wp-content\/uploads\/2025\/11\/Observatorio-y-Mediacion.jpg\",\"articleSection\":[\"Uncategorized\"],\"inLanguage\":\"it-IT\"},{\"@type\":\"WebPage\",\"@id\":\"https:\/\/ccviolenciaeigualdad.com\/gemme-espana-propone-la-creacion-de-un-observatorio-de-mediacion-y-masc-en-el-foro-para-la-mediacion-del-ministerio-de-justicia\/\",\"url\":\"https:\/\/ccviolenciaeigualdad.com\/gemme-espana-propone-la-creacion-de-un-observatorio-de-mediacion-y-masc-en-el-foro-para-la-mediacion-del-ministerio-de-justicia\/\",\"name\":\"GEMME Espa\u00f1a propone la creaci\u00f3n de un Observatorio de Mediaci\u00f3n y MASC en el Foro para la Mediaci\u00f3n del Ministerio de\u00a0Justicia - Claudia Cruzado\",\"isPartOf\":{\"@id\":\"https:\/\/ccviolenciaeigualdad.com\/#website\"},\"primaryImageOfPage\":{\"@id\":\"https:\/\/ccviolenciaeigualdad.com\/gemme-espana-propone-la-creacion-de-un-observatorio-de-mediacion-y-masc-en-el-foro-para-la-mediacion-del-ministerio-de-justicia\/#primaryimage\"},\"image\":{\"@id\":\"https:\/\/ccviolenciaeigualdad.com\/gemme-espana-propone-la-creacion-de-un-observatorio-de-mediacion-y-masc-en-el-foro-para-la-mediacion-del-ministerio-de-justicia\/#primaryimage\"},\"thumbnailUrl\":\"https:\/\/ccviolenciaeigualdad.com\/wp-content\/uploads\/2025\/11\/Observatorio-y-Mediacion.jpg\",\"datePublished\":\"2025-11-03T09:22:57+00:00\",\"dateModified\":\"2025-11-03T09:23:00+00:00\",\"breadcrumb\":{\"@id\":\"https:\/\/ccviolenciaeigualdad.com\/gemme-espana-propone-la-creacion-de-un-observatorio-de-mediacion-y-masc-en-el-foro-para-la-mediacion-del-ministerio-de-justicia\/#breadcrumb\"},\"inLanguage\":\"it-IT\",\"potentialAction\":[{\"@type\":\"ReadAction\",\"target\":[\"https:\/\/ccviolenciaeigualdad.com\/gemme-espana-propone-la-creacion-de-un-observatorio-de-mediacion-y-masc-en-el-foro-para-la-mediacion-del-ministerio-de-justicia\/\"]}]},{\"@type\":\"ImageObject\",\"inLanguage\":\"it-IT\",\"@id\":\"https:\/\/ccviolenciaeigualdad.com\/gemme-espana-propone-la-creacion-de-un-observatorio-de-mediacion-y-masc-en-el-foro-para-la-mediacion-del-ministerio-de-justicia\/#primaryimage\",\"url\":\"https:\/\/ccviolenciaeigualdad.com\/wp-content\/uploads\/2025\/11\/Observatorio-y-Mediacion.jpg\",\"contentUrl\":\"https:\/\/ccviolenciaeigualdad.com\/wp-content\/uploads\/2025\/11\/Observatorio-y-Mediacion.jpg\",\"width\":649,\"height\":430},{\"@type\":\"BreadcrumbList\",\"@id\":\"https:\/\/ccviolenciaeigualdad.com\/gemme-espana-propone-la-creacion-de-un-observatorio-de-mediacion-y-masc-en-el-foro-para-la-mediacion-del-ministerio-de-justicia\/#breadcrumb\",\"itemListElement\":[{\"@type\":\"ListItem\",\"position\":1,\"name\":\"Home\",\"item\":\"https:\/\/ccviolenciaeigualdad.com\/\"},{\"@type\":\"ListItem\",\"position\":2,\"name\":\"GEMME Espa\u00f1a propone la creaci\u00f3n de un Observatorio de Mediaci\u00f3n y MASC en el Foro para la Mediaci\u00f3n del Ministerio de\u00a0Justicia\"}]},{\"@type\":\"WebSite\",\"@id\":\"https:\/\/ccviolenciaeigualdad.com\/#website\",\"url\":\"https:\/\/ccviolenciaeigualdad.com\/\",\"name\":\"Claudia Cruzado\",\"description\":\"Consultora especializada en igualdad, violencia de g\u00e9nero y acoso laboral\",\"publisher\":{\"@id\":\"https:\/\/ccviolenciaeigualdad.com\/#organization\"},\"potentialAction\":[{\"@type\":\"SearchAction\",\"target\":{\"@type\":\"EntryPoint\",\"urlTemplate\":\"https:\/\/ccviolenciaeigualdad.com\/?s={search_term_string}\"},\"query-input\":{\"@type\":\"PropertyValueSpecification\",\"valueRequired\":true,\"valueName\":\"search_term_string\"}}],\"inLanguage\":\"it-IT\"},{\"@type\":\"Organization\",\"@id\":\"https:\/\/ccviolenciaeigualdad.com\/#organization\",\"name\":\"Claudia Cruzado\",\"url\":\"https:\/\/ccviolenciaeigualdad.com\/\",\"logo\":{\"@type\":\"ImageObject\",\"inLanguage\":\"it-IT\",\"@id\":\"https:\/\/ccviolenciaeigualdad.com\/#\/schema\/logo\/image\/\",\"url\":\"https:\/\/ccviolenciaeigualdad.com\/wp-content\/uploads\/2025\/10\/cropped-logo-fondo-claudia-cruzado-1-1.png\",\"contentUrl\":\"https:\/\/ccviolenciaeigualdad.com\/wp-content\/uploads\/2025\/10\/cropped-logo-fondo-claudia-cruzado-1-1.png\",\"width\":1080,\"height\":373,\"caption\":\"Claudia Cruzado\"},\"image\":{\"@id\":\"https:\/\/ccviolenciaeigualdad.com\/#\/schema\/logo\/image\/\"}},{\"@type\":\"Person\",\"@id\":\"https:\/\/ccviolenciaeigualdad.com\/#\/schema\/person\/2b905ae2f475f22f62b4cadef2183a5f\",\"name\":\"ClaudiaCruzado\",\"url\":\"https:\/\/ccviolenciaeigualdad.com\/it\/author\/claudiacruzado\/\"}]}<\/script>\n<!-- \/ Yoast SEO plugin. -->","yoast_head_json":{"title":"GEMME Espa\u00f1a propone la creaci\u00f3n de un Observatorio de Mediaci\u00f3n y MASC en el Foro para la Mediaci\u00f3n del Ministerio de\u00a0Justicia - Claudia Cruzado","robots":{"index":"index","follow":"follow","max-snippet":"max-snippet:-1","max-image-preview":"max-image-preview:large","max-video-preview":"max-video-preview:-1"},"canonical":"https:\/\/ccviolenciaeigualdad.com\/it\/gemme-espana-propone-la-creacion-de-un-observatorio-de-mediacion-y-masc-en-el-foro-para-la-mediacion-del-ministerio-de-justicia\/","og_locale":"it_IT","og_type":"article","og_title":"GEMME Espa\u00f1a propone la creaci\u00f3n de un Observatorio de Mediaci\u00f3n y MASC en el Foro para la Mediaci\u00f3n del Ministerio de\u00a0Justicia - Claudia Cruzado","og_description":"El 29 de octubre de 2025, tuvo lugar la reuni\u00f3n del Foro para la Mediaci\u00f3n en el Ministerio de la Presidencia, Justicia y Relaciones con las Cortes. Constituido en 2019 como un \u00f3rgano colegiado con el car\u00e1cter de grupo de trabajo de los previstos en el art\u00edculo 22.3 de la Ley 40\/2015, su finalidad es [&hellip;]","og_url":"https:\/\/ccviolenciaeigualdad.com\/it\/gemme-espana-propone-la-creacion-de-un-observatorio-de-mediacion-y-masc-en-el-foro-para-la-mediacion-del-ministerio-de-justicia\/","og_site_name":"Claudia Cruzado","article_published_time":"2025-11-03T09:22:57+00:00","article_modified_time":"2025-11-03T09:23:00+00:00","og_image":[{"width":649,"height":430,"url":"https:\/\/ccviolenciaeigualdad.com\/wp-content\/uploads\/2025\/11\/Observatorio-y-Mediacion.jpg","type":"image\/jpeg"}],"author":"ClaudiaCruzado","twitter_card":"summary_large_image","twitter_misc":{"Scritto da":"ClaudiaCruzado","Tempo di lettura stimato":"2 minuti"},"schema":{"@context":"https:\/\/schema.org","@graph":[{"@type":"Article","@id":"https:\/\/ccviolenciaeigualdad.com\/gemme-espana-propone-la-creacion-de-un-observatorio-de-mediacion-y-masc-en-el-foro-para-la-mediacion-del-ministerio-de-justicia\/#article","isPartOf":{"@id":"https:\/\/ccviolenciaeigualdad.com\/gemme-espana-propone-la-creacion-de-un-observatorio-de-mediacion-y-masc-en-el-foro-para-la-mediacion-del-ministerio-de-justicia\/"},"author":{"name":"ClaudiaCruzado","@id":"https:\/\/ccviolenciaeigualdad.com\/#\/schema\/person\/2b905ae2f475f22f62b4cadef2183a5f"},"headline":"GEMME Espa\u00f1a propone la creaci\u00f3n de un Observatorio de Mediaci\u00f3n y MASC en el Foro para la Mediaci\u00f3n del Ministerio de\u00a0Justicia","datePublished":"2025-11-03T09:22:57+00:00","dateModified":"2025-11-03T09:23:00+00:00","mainEntityOfPage":{"@id":"https:\/\/ccviolenciaeigualdad.com\/gemme-espana-propone-la-creacion-de-un-observatorio-de-mediacion-y-masc-en-el-foro-para-la-mediacion-del-ministerio-de-justicia\/"},"wordCount":249,"publisher":{"@id":"https:\/\/ccviolenciaeigualdad.com\/#organization"},"image":{"@id":"https:\/\/ccviolenciaeigualdad.com\/gemme-espana-propone-la-creacion-de-un-observatorio-de-mediacion-y-masc-en-el-foro-para-la-mediacion-del-ministerio-de-justicia\/#primaryimage"},"thumbnailUrl":"https:\/\/ccviolenciaeigualdad.com\/wp-content\/uploads\/2025\/11\/Observatorio-y-Mediacion.jpg","articleSection":["Uncategorized"],"inLanguage":"it-IT"},{"@type":"WebPage","@id":"https:\/\/ccviolenciaeigualdad.com\/gemme-espana-propone-la-creacion-de-un-observatorio-de-mediacion-y-masc-en-el-foro-para-la-mediacion-del-ministerio-de-justicia\/","url":"https:\/\/ccviolenciaeigualdad.com\/gemme-espana-propone-la-creacion-de-un-observatorio-de-mediacion-y-masc-en-el-foro-para-la-mediacion-del-ministerio-de-justicia\/","name":"GEMME Espa\u00f1a propone la creaci\u00f3n de un Observatorio de Mediaci\u00f3n y MASC en el Foro para la Mediaci\u00f3n del Ministerio de\u00a0Justicia - Claudia Cruzado","isPartOf":{"@id":"https:\/\/ccviolenciaeigualdad.com\/#website"},"primaryImageOfPage":{"@id":"https:\/\/ccviolenciaeigualdad.com\/gemme-espana-propone-la-creacion-de-un-observatorio-de-mediacion-y-masc-en-el-foro-para-la-mediacion-del-ministerio-de-justicia\/#primaryimage"},"image":{"@id":"https:\/\/ccviolenciaeigualdad.com\/gemme-espana-propone-la-creacion-de-un-observatorio-de-mediacion-y-masc-en-el-foro-para-la-mediacion-del-ministerio-de-justicia\/#primaryimage"},"thumbnailUrl":"https:\/\/ccviolenciaeigualdad.com\/wp-content\/uploads\/2025\/11\/Observatorio-y-Mediacion.jpg","datePublished":"2025-11-03T09:22:57+00:00","dateModified":"2025-11-03T09:23:00+00:00","breadcrumb":{"@id":"https:\/\/ccviolenciaeigualdad.com\/gemme-espana-propone-la-creacion-de-un-observatorio-de-mediacion-y-masc-en-el-foro-para-la-mediacion-del-ministerio-de-justicia\/#breadcrumb"},"inLanguage":"it-IT","potentialAction":[{"@type":"ReadAction","target":["https:\/\/ccviolenciaeigualdad.com\/gemme-espana-propone-la-creacion-de-un-observatorio-de-mediacion-y-masc-en-el-foro-para-la-mediacion-del-ministerio-de-justicia\/"]}]},{"@type":"ImageObject","inLanguage":"it-IT","@id":"https:\/\/ccviolenciaeigualdad.com\/gemme-espana-propone-la-creacion-de-un-observatorio-de-mediacion-y-masc-en-el-foro-para-la-mediacion-del-ministerio-de-justicia\/#primaryimage","url":"https:\/\/ccviolenciaeigualdad.com\/wp-content\/uploads\/2025\/11\/Observatorio-y-Mediacion.jpg","contentUrl":"https:\/\/ccviolenciaeigualdad.com\/wp-content\/uploads\/2025\/11\/Observatorio-y-Mediacion.jpg","width":649,"height":430},{"@type":"BreadcrumbList","@id":"https:\/\/ccviolenciaeigualdad.com\/gemme-espana-propone-la-creacion-de-un-observatorio-de-mediacion-y-masc-en-el-foro-para-la-mediacion-del-ministerio-de-justicia\/#breadcrumb","itemListElement":[{"@type":"ListItem","position":1,"name":"Home","item":"https:\/\/ccviolenciaeigualdad.com\/"},{"@type":"ListItem","position":2,"name":"GEMME Espa\u00f1a propone la creaci\u00f3n de un Observatorio de Mediaci\u00f3n y MASC en el Foro para la Mediaci\u00f3n del Ministerio de\u00a0Justicia"}]},{"@type":"WebSite","@id":"https:\/\/ccviolenciaeigualdad.com\/#website","url":"https:\/\/ccviolenciaeigualdad.com\/","name":"Claudia Cruzado","description":"Consulente specializzato in parit\u00e0, violenza di genere e molestie sul posto di lavoro","publisher":{"@id":"https:\/\/ccviolenciaeigualdad.com\/#organization"},"potentialAction":[{"@type":"SearchAction","target":{"@type":"EntryPoint","urlTemplate":"https:\/\/ccviolenciaeigualdad.com\/?s={search_term_string}"},"query-input":{"@type":"PropertyValueSpecification","valueRequired":true,"valueName":"search_term_string"}}],"inLanguage":"it-IT"},{"@type":"Organization","@id":"https:\/\/ccviolenciaeigualdad.com\/#organization","name":"Claudia Cruzado","url":"https:\/\/ccviolenciaeigualdad.com\/","logo":{"@type":"ImageObject","inLanguage":"it-IT","@id":"https:\/\/ccviolenciaeigualdad.com\/#\/schema\/logo\/image\/","url":"https:\/\/ccviolenciaeigualdad.com\/wp-content\/uploads\/2025\/10\/cropped-logo-fondo-claudia-cruzado-1-1.png","contentUrl":"https:\/\/ccviolenciaeigualdad.com\/wp-content\/uploads\/2025\/10\/cropped-logo-fondo-claudia-cruzado-1-1.png","width":1080,"height":373,"caption":"Claudia Cruzado"},"image":{"@id":"https:\/\/ccviolenciaeigualdad.com\/#\/schema\/logo\/image\/"}},{"@type":"Person","@id":"https:\/\/ccviolenciaeigualdad.com\/#\/schema\/person\/2b905ae2f475f22f62b4cadef2183a5f","name":"Claudia Cruzado","url":"https:\/\/ccviolenciaeigualdad.com\/it\/author\/claudiacruzado\/"}]}},"_links":{"self":[{"href":"https:\/\/ccviolenciaeigualdad.com\/it\/wp-json\/wp\/v2\/posts\/3154","targetHints":{"allow":["GET"]}}],"collection":[{"href":"https:\/\/ccviolenciaeigualdad.com\/it\/wp-json\/wp\/v2\/posts"}],"about":[{"href":"https:\/\/ccviolenciaeigualdad.com\/it\/wp-json\/wp\/v2\/types\/post"}],"author":[{"embeddable":true,"href":"https:\/\/ccviolenciaeigualdad.com\/it\/wp-json\/wp\/v2\/users\/4"}],"replies":[{"embeddable":true,"href":"https:\/\/ccviolenciaeigualdad.com\/it\/wp-json\/wp\/v2\/comments?post=3154"}],"version-history":[{"count":1,"href":"https:\/\/ccviolenciaeigualdad.com\/it\/wp-json\/wp\/v2\/posts\/3154\/revisions"}],"predecessor-version":[{"id":3157,"href":"https:\/\/ccviolenciaeigualdad.com\/it\/wp-json\/wp\/v2\/posts\/3154\/revisions\/3157"}],"wp:featuredmedia":[{"embeddable":true,"href":"https:\/\/ccviolenciaeigualdad.com\/it\/wp-json\/wp\/v2\/media\/3156"}],"wp:attachment":[{"href":"https:\/\/ccviolenciaeigualdad.com\/it\/wp-json\/wp\/v2\/media?parent=3154"}],"wp:term":[{"taxonomy":"category","embeddable":true,"href":"https:\/\/ccviolenciaeigualdad.com\/it\/wp-json\/wp\/v2\/categories?post=3154"},{"taxonomy":"post_tag","embeddable":true,"href":"https:\/\/ccviolenciaeigualdad.com\/it\/wp-json\/wp\/v2\/tags?post=3154"}],"curies":[{"name":"parola chiave","href":"https:\/\/api.w.org\/{rel}","templated":true}]}}