{"id":519,"date":"2025-06-18T09:31:16","date_gmt":"2025-06-18T07:31:16","guid":{"rendered":"https:\/\/ccviolenciaeigualdad.com\/?p=519"},"modified":"2025-06-18T09:31:17","modified_gmt":"2025-06-18T07:31:17","slug":"arranca-el-workpride-el-evento-que-promueve-el-empleo-y-la-inclusion-lgbtq","status":"publish","type":"post","link":"https:\/\/ccviolenciaeigualdad.com\/fr\/arranca-el-workpride-el-evento-que-promueve-el-empleo-y-la-inclusion-lgbtq\/","title":{"rendered":"WorkPride, l&#039;\u00e9v\u00e9nement qui promeut l&#039;emploi et l&#039;inclusion des personnes LGBTQ+, est lanc\u00e9."},"content":{"rendered":"<p>La communaut\u00e9 des professionnels et des entreprises inclusifs <a href=\"https:\/\/cincodias.elpais.com\/cincodias\/2023\/04\/27\/legal\/1682580487_169046.html\">myGwork<\/a>, qui lutte contre la discrimination au travail envers la communaut\u00e9 LGBTQ+, organise \u00e0 nouveau pour la septi\u00e8me ann\u00e9e cons\u00e9cutive <strong>Fiert\u00e9 au travail<\/strong>, Leur \u00e9v\u00e9nement c\u00e9l\u00e9brant la Fiert\u00e9 au travail, visant \u00e0 promouvoir l&#039;emploi des personnes LGBTQ+ et les bonnes pratiques en mati\u00e8re de diversit\u00e9, d&#039;\u00e9quit\u00e9 et d&#039;inclusion, se d\u00e9roulera du lundi 16 au vendredi 20 juin \u00e0 Madrid.<\/p>\n\n\n\n<p>Plus d&#039;informations sur les \u00e9v\u00e9nements \u00e0 venir\u00a0: https:\/\/mygwork.com\/workpride?gad_source=1&amp;gad_campaignid=22609369636&amp;gclid=CjwKCAjwx8nCBhAwEiwA_z__034TZZZWArt5ikUOZEbMS4jImgqcTzBiGAVzQ2hWgu29zG-hIBeQzxoCdpsQAvD_BwE#5-days-of-events<\/p>","protected":false},"excerpt":{"rendered":"<p>La communaut\u00e9 myGwork, qui rassemble des professionnels et des entreprises inclusifs et lutte contre la discrimination au travail envers les personnes LGBTQ+, organise pour la septi\u00e8me ann\u00e9e cons\u00e9cutive WorkPride, son \u00e9v\u00e9nement c\u00e9l\u00e9brant la fiert\u00e9 LGBTQ+ en entreprise. L&#039;objectif est de promouvoir l&#039;emploi des personnes LGBTQ+ et les bonnes pratiques en mati\u00e8re de diversit\u00e9 et d&#039;\u00e9quit\u00e9.<\/p>","protected":false},"author":4,"featured_media":520,"comment_status":"closed","ping_status":"closed","sticky":false,"template":"","format":"standard","meta":{"footnotes":""},"categories":[1],"tags":[],"class_list":["post-519","post","type-post","status-publish","format-standard","has-post-thumbnail","hentry","category-uncategorized"],"yoast_head":"<!-- This site is optimized with the Yoast SEO plugin v26.3 - https:\/\/yoast.com\/wordpress\/plugins\/seo\/ -->\n<title>Arranca el WorkPride, el evento que promueve el empleo y la inclusi\u00f3n LGBTQ+ - Claudia Cruzado<\/title>\n<meta name=\"robots\" content=\"index, follow, max-snippet:-1, max-image-preview:large, max-video-preview:-1\" \/>\n<link rel=\"canonical\" href=\"https:\/\/ccviolenciaeigualdad.com\/fr\/arranca-el-workpride-el-evento-que-promueve-el-empleo-y-la-inclusion-lgbtq\/\" \/>\n<meta property=\"og:locale\" content=\"fr_FR\" \/>\n<meta property=\"og:type\" content=\"article\" \/>\n<meta property=\"og:title\" content=\"Arranca el WorkPride, el evento que promueve el empleo y la inclusi\u00f3n LGBTQ+ - Claudia Cruzado\" \/>\n<meta property=\"og:description\" content=\"La comunidad de profesionales y empresas inclusivas myGwork, que lucha contra la discriminaci\u00f3n laboral del colectivo LGTBQ+, vuelve a organizar por septimo a\u00f1o consecutivo el WorkPride, su evento para celebrar el Orgullo en el lugar de trabajo.on el objetivo de promover el empleo de las personas LGBTQ+ y buenas pr\u00e1cticas en materia de diversidad, equidad [&hellip;]\" \/>\n<meta property=\"og:url\" content=\"https:\/\/ccviolenciaeigualdad.com\/fr\/arranca-el-workpride-el-evento-que-promueve-el-empleo-y-la-inclusion-lgbtq\/\" \/>\n<meta property=\"og:site_name\" content=\"Claudia Cruzado\" \/>\n<meta property=\"article:published_time\" content=\"2025-06-18T07:31:16+00:00\" \/>\n<meta property=\"article:modified_time\" content=\"2025-06-18T07:31:17+00:00\" \/>\n<meta property=\"og:image\" content=\"https:\/\/ccviolenciaeigualdad.com\/wp-content\/uploads\/2025\/06\/Screenshot-2025-06-18-092653.jpg\" \/>\n\t<meta property=\"og:image:width\" content=\"933\" \/>\n\t<meta property=\"og:image:height\" content=\"613\" \/>\n\t<meta property=\"og:image:type\" content=\"image\/jpeg\" \/>\n<meta name=\"author\" content=\"ClaudiaCruzado\" \/>\n<meta name=\"twitter:card\" content=\"summary_large_image\" \/>\n<meta name=\"twitter:label1\" content=\"\u00c9crit par\" \/>\n\t<meta name=\"twitter:data1\" content=\"ClaudiaCruzado\" \/>\n\t<meta name=\"twitter:label2\" content=\"Dur\u00e9e de lecture estim\u00e9e\" \/>\n\t<meta name=\"twitter:data2\" content=\"1 minute\" \/>\n<script type=\"application\/ld+json\" class=\"yoast-schema-graph\">{\"@context\":\"https:\/\/schema.org\",\"@graph\":[{\"@type\":\"Article\",\"@id\":\"https:\/\/ccviolenciaeigualdad.com\/arranca-el-workpride-el-evento-que-promueve-el-empleo-y-la-inclusion-lgbtq\/#article\",\"isPartOf\":{\"@id\":\"https:\/\/ccviolenciaeigualdad.com\/arranca-el-workpride-el-evento-que-promueve-el-empleo-y-la-inclusion-lgbtq\/\"},\"author\":{\"name\":\"ClaudiaCruzado\",\"@id\":\"https:\/\/ccviolenciaeigualdad.com\/#\/schema\/person\/2b905ae2f475f22f62b4cadef2183a5f\"},\"headline\":\"Arranca el WorkPride, el evento que promueve el empleo y la inclusi\u00f3n LGBTQ+\",\"datePublished\":\"2025-06-18T07:31:16+00:00\",\"dateModified\":\"2025-06-18T07:31:17+00:00\",\"mainEntityOfPage\":{\"@id\":\"https:\/\/ccviolenciaeigualdad.com\/arranca-el-workpride-el-evento-que-promueve-el-empleo-y-la-inclusion-lgbtq\/\"},\"wordCount\":120,\"publisher\":{\"@id\":\"https:\/\/ccviolenciaeigualdad.com\/#organization\"},\"image\":{\"@id\":\"https:\/\/ccviolenciaeigualdad.com\/arranca-el-workpride-el-evento-que-promueve-el-empleo-y-la-inclusion-lgbtq\/#primaryimage\"},\"thumbnailUrl\":\"https:\/\/ccviolenciaeigualdad.com\/wp-content\/uploads\/2025\/06\/Screenshot-2025-06-18-092653.jpg\",\"articleSection\":[\"Uncategorized\"],\"inLanguage\":\"fr-FR\"},{\"@type\":\"WebPage\",\"@id\":\"https:\/\/ccviolenciaeigualdad.com\/arranca-el-workpride-el-evento-que-promueve-el-empleo-y-la-inclusion-lgbtq\/\",\"url\":\"https:\/\/ccviolenciaeigualdad.com\/arranca-el-workpride-el-evento-que-promueve-el-empleo-y-la-inclusion-lgbtq\/\",\"name\":\"Arranca el WorkPride, el evento que promueve el empleo y la inclusi\u00f3n LGBTQ+ - Claudia Cruzado\",\"isPartOf\":{\"@id\":\"https:\/\/ccviolenciaeigualdad.com\/#website\"},\"primaryImageOfPage\":{\"@id\":\"https:\/\/ccviolenciaeigualdad.com\/arranca-el-workpride-el-evento-que-promueve-el-empleo-y-la-inclusion-lgbtq\/#primaryimage\"},\"image\":{\"@id\":\"https:\/\/ccviolenciaeigualdad.com\/arranca-el-workpride-el-evento-que-promueve-el-empleo-y-la-inclusion-lgbtq\/#primaryimage\"},\"thumbnailUrl\":\"https:\/\/ccviolenciaeigualdad.com\/wp-content\/uploads\/2025\/06\/Screenshot-2025-06-18-092653.jpg\",\"datePublished\":\"2025-06-18T07:31:16+00:00\",\"dateModified\":\"2025-06-18T07:31:17+00:00\",\"breadcrumb\":{\"@id\":\"https:\/\/ccviolenciaeigualdad.com\/arranca-el-workpride-el-evento-que-promueve-el-empleo-y-la-inclusion-lgbtq\/#breadcrumb\"},\"inLanguage\":\"fr-FR\",\"potentialAction\":[{\"@type\":\"ReadAction\",\"target\":[\"https:\/\/ccviolenciaeigualdad.com\/arranca-el-workpride-el-evento-que-promueve-el-empleo-y-la-inclusion-lgbtq\/\"]}]},{\"@type\":\"ImageObject\",\"inLanguage\":\"fr-FR\",\"@id\":\"https:\/\/ccviolenciaeigualdad.com\/arranca-el-workpride-el-evento-que-promueve-el-empleo-y-la-inclusion-lgbtq\/#primaryimage\",\"url\":\"https:\/\/ccviolenciaeigualdad.com\/wp-content\/uploads\/2025\/06\/Screenshot-2025-06-18-092653.jpg\",\"contentUrl\":\"https:\/\/ccviolenciaeigualdad.com\/wp-content\/uploads\/2025\/06\/Screenshot-2025-06-18-092653.jpg\",\"width\":933,\"height\":613},{\"@type\":\"BreadcrumbList\",\"@id\":\"https:\/\/ccviolenciaeigualdad.com\/arranca-el-workpride-el-evento-que-promueve-el-empleo-y-la-inclusion-lgbtq\/#breadcrumb\",\"itemListElement\":[{\"@type\":\"ListItem\",\"position\":1,\"name\":\"Home\",\"item\":\"https:\/\/ccviolenciaeigualdad.com\/\"},{\"@type\":\"ListItem\",\"position\":2,\"name\":\"Arranca el WorkPride, el evento que promueve el empleo y la inclusi\u00f3n LGBTQ+\"}]},{\"@type\":\"WebSite\",\"@id\":\"https:\/\/ccviolenciaeigualdad.com\/#website\",\"url\":\"https:\/\/ccviolenciaeigualdad.com\/\",\"name\":\"Claudia Cruzado\",\"description\":\"Consultora especializada en igualdad, violencia de g\u00e9nero y acoso laboral\",\"publisher\":{\"@id\":\"https:\/\/ccviolenciaeigualdad.com\/#organization\"},\"potentialAction\":[{\"@type\":\"SearchAction\",\"target\":{\"@type\":\"EntryPoint\",\"urlTemplate\":\"https:\/\/ccviolenciaeigualdad.com\/?s={search_term_string}\"},\"query-input\":{\"@type\":\"PropertyValueSpecification\",\"valueRequired\":true,\"valueName\":\"search_term_string\"}}],\"inLanguage\":\"fr-FR\"},{\"@type\":\"Organization\",\"@id\":\"https:\/\/ccviolenciaeigualdad.com\/#organization\",\"name\":\"Claudia Cruzado\",\"url\":\"https:\/\/ccviolenciaeigualdad.com\/\",\"logo\":{\"@type\":\"ImageObject\",\"inLanguage\":\"fr-FR\",\"@id\":\"https:\/\/ccviolenciaeigualdad.com\/#\/schema\/logo\/image\/\",\"url\":\"https:\/\/ccviolenciaeigualdad.com\/wp-content\/uploads\/2025\/10\/cropped-logo-fondo-claudia-cruzado-1-1.png\",\"contentUrl\":\"https:\/\/ccviolenciaeigualdad.com\/wp-content\/uploads\/2025\/10\/cropped-logo-fondo-claudia-cruzado-1-1.png\",\"width\":1080,\"height\":373,\"caption\":\"Claudia Cruzado\"},\"image\":{\"@id\":\"https:\/\/ccviolenciaeigualdad.com\/#\/schema\/logo\/image\/\"}},{\"@type\":\"Person\",\"@id\":\"https:\/\/ccviolenciaeigualdad.com\/#\/schema\/person\/2b905ae2f475f22f62b4cadef2183a5f\",\"name\":\"ClaudiaCruzado\",\"url\":\"https:\/\/ccviolenciaeigualdad.com\/fr\/author\/claudiacruzado\/\"}]}<\/script>\n<!-- \/ Yoast SEO plugin. -->","yoast_head_json":{"title":"Arranca el WorkPride, el evento que promueve el empleo y la inclusi\u00f3n LGBTQ+ - Claudia Cruzado","robots":{"index":"index","follow":"follow","max-snippet":"max-snippet:-1","max-image-preview":"max-image-preview:large","max-video-preview":"max-video-preview:-1"},"canonical":"https:\/\/ccviolenciaeigualdad.com\/fr\/arranca-el-workpride-el-evento-que-promueve-el-empleo-y-la-inclusion-lgbtq\/","og_locale":"fr_FR","og_type":"article","og_title":"Arranca el WorkPride, el evento que promueve el empleo y la inclusi\u00f3n LGBTQ+ - Claudia Cruzado","og_description":"La comunidad de profesionales y empresas inclusivas myGwork, que lucha contra la discriminaci\u00f3n laboral del colectivo LGTBQ+, vuelve a organizar por septimo a\u00f1o consecutivo el WorkPride, su evento para celebrar el Orgullo en el lugar de trabajo.on el objetivo de promover el empleo de las personas LGBTQ+ y buenas pr\u00e1cticas en materia de diversidad, equidad [&hellip;]","og_url":"https:\/\/ccviolenciaeigualdad.com\/fr\/arranca-el-workpride-el-evento-que-promueve-el-empleo-y-la-inclusion-lgbtq\/","og_site_name":"Claudia Cruzado","article_published_time":"2025-06-18T07:31:16+00:00","article_modified_time":"2025-06-18T07:31:17+00:00","og_image":[{"width":933,"height":613,"url":"https:\/\/ccviolenciaeigualdad.com\/wp-content\/uploads\/2025\/06\/Screenshot-2025-06-18-092653.jpg","type":"image\/jpeg"}],"author":"ClaudiaCruzado","twitter_card":"summary_large_image","twitter_misc":{"\u00c9crit par":"ClaudiaCruzado","Dur\u00e9e de lecture estim\u00e9e":"1 minute"},"schema":{"@context":"https:\/\/schema.org","@graph":[{"@type":"Article","@id":"https:\/\/ccviolenciaeigualdad.com\/arranca-el-workpride-el-evento-que-promueve-el-empleo-y-la-inclusion-lgbtq\/#article","isPartOf":{"@id":"https:\/\/ccviolenciaeigualdad.com\/arranca-el-workpride-el-evento-que-promueve-el-empleo-y-la-inclusion-lgbtq\/"},"author":{"name":"ClaudiaCruzado","@id":"https:\/\/ccviolenciaeigualdad.com\/#\/schema\/person\/2b905ae2f475f22f62b4cadef2183a5f"},"headline":"Arranca el WorkPride, el evento que promueve el empleo y la inclusi\u00f3n LGBTQ+","datePublished":"2025-06-18T07:31:16+00:00","dateModified":"2025-06-18T07:31:17+00:00","mainEntityOfPage":{"@id":"https:\/\/ccviolenciaeigualdad.com\/arranca-el-workpride-el-evento-que-promueve-el-empleo-y-la-inclusion-lgbtq\/"},"wordCount":120,"publisher":{"@id":"https:\/\/ccviolenciaeigualdad.com\/#organization"},"image":{"@id":"https:\/\/ccviolenciaeigualdad.com\/arranca-el-workpride-el-evento-que-promueve-el-empleo-y-la-inclusion-lgbtq\/#primaryimage"},"thumbnailUrl":"https:\/\/ccviolenciaeigualdad.com\/wp-content\/uploads\/2025\/06\/Screenshot-2025-06-18-092653.jpg","articleSection":["Uncategorized"],"inLanguage":"fr-FR"},{"@type":"WebPage","@id":"https:\/\/ccviolenciaeigualdad.com\/arranca-el-workpride-el-evento-que-promueve-el-empleo-y-la-inclusion-lgbtq\/","url":"https:\/\/ccviolenciaeigualdad.com\/arranca-el-workpride-el-evento-que-promueve-el-empleo-y-la-inclusion-lgbtq\/","name":"Arranca el WorkPride, el evento que promueve el empleo y la inclusi\u00f3n LGBTQ+ - Claudia Cruzado","isPartOf":{"@id":"https:\/\/ccviolenciaeigualdad.com\/#website"},"primaryImageOfPage":{"@id":"https:\/\/ccviolenciaeigualdad.com\/arranca-el-workpride-el-evento-que-promueve-el-empleo-y-la-inclusion-lgbtq\/#primaryimage"},"image":{"@id":"https:\/\/ccviolenciaeigualdad.com\/arranca-el-workpride-el-evento-que-promueve-el-empleo-y-la-inclusion-lgbtq\/#primaryimage"},"thumbnailUrl":"https:\/\/ccviolenciaeigualdad.com\/wp-content\/uploads\/2025\/06\/Screenshot-2025-06-18-092653.jpg","datePublished":"2025-06-18T07:31:16+00:00","dateModified":"2025-06-18T07:31:17+00:00","breadcrumb":{"@id":"https:\/\/ccviolenciaeigualdad.com\/arranca-el-workpride-el-evento-que-promueve-el-empleo-y-la-inclusion-lgbtq\/#breadcrumb"},"inLanguage":"fr-FR","potentialAction":[{"@type":"ReadAction","target":["https:\/\/ccviolenciaeigualdad.com\/arranca-el-workpride-el-evento-que-promueve-el-empleo-y-la-inclusion-lgbtq\/"]}]},{"@type":"ImageObject","inLanguage":"fr-FR","@id":"https:\/\/ccviolenciaeigualdad.com\/arranca-el-workpride-el-evento-que-promueve-el-empleo-y-la-inclusion-lgbtq\/#primaryimage","url":"https:\/\/ccviolenciaeigualdad.com\/wp-content\/uploads\/2025\/06\/Screenshot-2025-06-18-092653.jpg","contentUrl":"https:\/\/ccviolenciaeigualdad.com\/wp-content\/uploads\/2025\/06\/Screenshot-2025-06-18-092653.jpg","width":933,"height":613},{"@type":"BreadcrumbList","@id":"https:\/\/ccviolenciaeigualdad.com\/arranca-el-workpride-el-evento-que-promueve-el-empleo-y-la-inclusion-lgbtq\/#breadcrumb","itemListElement":[{"@type":"ListItem","position":1,"name":"Home","item":"https:\/\/ccviolenciaeigualdad.com\/"},{"@type":"ListItem","position":2,"name":"Arranca el WorkPride, el evento que promueve el empleo y la inclusi\u00f3n LGBTQ+"}]},{"@type":"WebSite","@id":"https:\/\/ccviolenciaeigualdad.com\/#website","url":"https:\/\/ccviolenciaeigualdad.com\/","name":"Claudia Cruzado","description":"Consultante sp\u00e9cialis\u00e9e en \u00e9galit\u00e9, violence sexiste et harc\u00e8lement au travail","publisher":{"@id":"https:\/\/ccviolenciaeigualdad.com\/#organization"},"potentialAction":[{"@type":"SearchAction","target":{"@type":"EntryPoint","urlTemplate":"https:\/\/ccviolenciaeigualdad.com\/?s={search_term_string}"},"query-input":{"@type":"PropertyValueSpecification","valueRequired":true,"valueName":"search_term_string"}}],"inLanguage":"fr-FR"},{"@type":"Organization","@id":"https:\/\/ccviolenciaeigualdad.com\/#organization","name":"Claudia Cruzado","url":"https:\/\/ccviolenciaeigualdad.com\/","logo":{"@type":"ImageObject","inLanguage":"fr-FR","@id":"https:\/\/ccviolenciaeigualdad.com\/#\/schema\/logo\/image\/","url":"https:\/\/ccviolenciaeigualdad.com\/wp-content\/uploads\/2025\/10\/cropped-logo-fondo-claudia-cruzado-1-1.png","contentUrl":"https:\/\/ccviolenciaeigualdad.com\/wp-content\/uploads\/2025\/10\/cropped-logo-fondo-claudia-cruzado-1-1.png","width":1080,"height":373,"caption":"Claudia Cruzado"},"image":{"@id":"https:\/\/ccviolenciaeigualdad.com\/#\/schema\/logo\/image\/"}},{"@type":"Person","@id":"https:\/\/ccviolenciaeigualdad.com\/#\/schema\/person\/2b905ae2f475f22f62b4cadef2183a5f","name":"Claudia Cruzado","url":"https:\/\/ccviolenciaeigualdad.com\/fr\/author\/claudiacruzado\/"}]}},"_links":{"self":[{"href":"https:\/\/ccviolenciaeigualdad.com\/fr\/wp-json\/wp\/v2\/posts\/519","targetHints":{"allow":["GET"]}}],"collection":[{"href":"https:\/\/ccviolenciaeigualdad.com\/fr\/wp-json\/wp\/v2\/posts"}],"about":[{"href":"https:\/\/ccviolenciaeigualdad.com\/fr\/wp-json\/wp\/v2\/types\/post"}],"author":[{"embeddable":true,"href":"https:\/\/ccviolenciaeigualdad.com\/fr\/wp-json\/wp\/v2\/users\/4"}],"replies":[{"embeddable":true,"href":"https:\/\/ccviolenciaeigualdad.com\/fr\/wp-json\/wp\/v2\/comments?post=519"}],"version-history":[{"count":1,"href":"https:\/\/ccviolenciaeigualdad.com\/fr\/wp-json\/wp\/v2\/posts\/519\/revisions"}],"predecessor-version":[{"id":521,"href":"https:\/\/ccviolenciaeigualdad.com\/fr\/wp-json\/wp\/v2\/posts\/519\/revisions\/521"}],"wp:featuredmedia":[{"embeddable":true,"href":"https:\/\/ccviolenciaeigualdad.com\/fr\/wp-json\/wp\/v2\/media\/520"}],"wp:attachment":[{"href":"https:\/\/ccviolenciaeigualdad.com\/fr\/wp-json\/wp\/v2\/media?parent=519"}],"wp:term":[{"taxonomy":"category","embeddable":true,"href":"https:\/\/ccviolenciaeigualdad.com\/fr\/wp-json\/wp\/v2\/categories?post=519"},{"taxonomy":"post_tag","embeddable":true,"href":"https:\/\/ccviolenciaeigualdad.com\/fr\/wp-json\/wp\/v2\/tags?post=519"}],"curies":[{"name":"wp","href":"https:\/\/api.w.org\/{rel}","templated":true}]}}