{"id":515,"date":"2025-05-22T10:20:15","date_gmt":"2025-05-22T08:20:15","guid":{"rendered":"https:\/\/ccviolenciaeigualdad.com\/?p=515"},"modified":"2025-05-22T10:20:17","modified_gmt":"2025-05-22T08:20:17","slug":"reunion-entre-gemme-espana-y-el-cgpj-compromiso-renovado-con-la-mediacion-y-los-masc","status":"publish","type":"post","link":"https:\/\/ccviolenciaeigualdad.com\/fr\/reunion-entre-gemme-espana-y-el-cgpj-compromiso-renovado-con-la-mediacion-y-los-masc\/","title":{"rendered":"R\u00e9union entre GEMME Espagne et le CGPJ\u00a0: engagement renouvel\u00e9 en faveur de la m\u00e9diation et des MARC"},"content":{"rendered":"<p><strong>R\u00e9union institutionnelle cl\u00e9 pour promouvoir la m\u00e9diation et d&#039;autres modes appropri\u00e9s de r\u00e8glement des diff\u00e9rends (MARC)<\/strong>. Nous devons \u00eatre les acteurs principaux et les premiers responsables de la r\u00e9solution de nos probl\u00e8mes. La m\u00e9diation et les autres modes alternatifs de r\u00e8glement des diff\u00e9rends (MARD) nous aideront tous \u00e0 parvenir \u00e0 une solution satisfaisante pour toutes les parties concern\u00e9es. Cessons de croire que les tribunaux sont le seul moyen de r\u00e9soudre tous les conflits.<\/p>\n\n\n\n<p><strong>GEMME Espagne attache une grande importance au climat de collaboration et est convaincue que cette nouvelle \u00e9tape du CGPJ favorisera de mani\u00e8re d\u00e9cisive les axes de travail communs, dans le but de contribuer \u00e0 un syst\u00e8me de justice plus efficace et plus humain, adapt\u00e9 aux d\u00e9fis actuels.<\/strong><\/p>\n\n\n\n<p>Lien vers l&#039;article\u00a0: https:\/\/mediacionesjusticia.com\/reunion-gemme-cgpj<\/p>\n\n\n\n<p><\/p>","protected":false},"excerpt":{"rendered":"<p>Une r\u00e9union institutionnelle essentielle pour promouvoir la m\u00e9diation et les autres modes alternatifs de r\u00e8glement des diff\u00e9rends (MARC). Nous devons \u00eatre les acteurs principaux et les premiers responsables de la r\u00e9solution de nos probl\u00e8mes, et la m\u00e9diation ainsi que les autres modes alternatifs de r\u00e8glement des diff\u00e9rends (MARC) nous aideront tous \u00e0 parvenir \u00e0 un r\u00e9sultat satisfaisant pour toutes les parties.<\/p>","protected":false},"author":4,"featured_media":516,"comment_status":"closed","ping_status":"closed","sticky":false,"template":"","format":"standard","meta":{"footnotes":""},"categories":[1],"tags":[],"class_list":["post-515","post","type-post","status-publish","format-standard","has-post-thumbnail","hentry","category-uncategorized"],"yoast_head":"<!-- This site is optimized with the Yoast SEO plugin v26.3 - https:\/\/yoast.com\/wordpress\/plugins\/seo\/ -->\n<title>Reuni\u00f3n entre GEMME Espa\u00f1a y el CGPJ: compromiso renovado con la mediaci\u00f3n y los MASC - Claudia Cruzado<\/title>\n<meta name=\"robots\" content=\"index, follow, max-snippet:-1, max-image-preview:large, max-video-preview:-1\" \/>\n<link rel=\"canonical\" href=\"https:\/\/ccviolenciaeigualdad.com\/fr\/reunion-entre-gemme-espana-y-el-cgpj-compromiso-renovado-con-la-mediacion-y-los-masc\/\" \/>\n<meta property=\"og:locale\" content=\"fr_FR\" \/>\n<meta property=\"og:type\" content=\"article\" \/>\n<meta property=\"og:title\" content=\"Reuni\u00f3n entre GEMME Espa\u00f1a y el CGPJ: compromiso renovado con la mediaci\u00f3n y los MASC - Claudia Cruzado\" \/>\n<meta property=\"og:description\" content=\"Eeuni\u00f3n institucional clave para el impulso de la mediaci\u00f3n y otros medios adecuados de soluci\u00f3n de controversias (MASC). Nosotros tenemos que ser los protagonistas y primeros responsables de resolver nuestros problemas y la mediaci\u00f3n y otros medioa adecuados de soluci\u00f3n de problemas (MASC) nos ayudar\u00e1 a todos a poder tener una satisfacci\u00f3n a las partes [&hellip;]\" \/>\n<meta property=\"og:url\" content=\"https:\/\/ccviolenciaeigualdad.com\/fr\/reunion-entre-gemme-espana-y-el-cgpj-compromiso-renovado-con-la-mediacion-y-los-masc\/\" \/>\n<meta property=\"og:site_name\" content=\"Claudia Cruzado\" \/>\n<meta property=\"article:published_time\" content=\"2025-05-22T08:20:15+00:00\" \/>\n<meta property=\"article:modified_time\" content=\"2025-05-22T08:20:17+00:00\" \/>\n<meta property=\"og:image\" content=\"https:\/\/ccviolenciaeigualdad.com\/wp-content\/uploads\/2025\/05\/Screenshot-2025-05-22-101529.jpg\" \/>\n\t<meta property=\"og:image:width\" content=\"1240\" \/>\n\t<meta property=\"og:image:height\" content=\"540\" \/>\n\t<meta property=\"og:image:type\" content=\"image\/jpeg\" \/>\n<meta name=\"author\" content=\"ClaudiaCruzado\" \/>\n<meta name=\"twitter:card\" content=\"summary_large_image\" \/>\n<meta name=\"twitter:label1\" content=\"\u00c9crit par\" \/>\n\t<meta name=\"twitter:data1\" content=\"ClaudiaCruzado\" \/>\n\t<meta name=\"twitter:label2\" content=\"Dur\u00e9e de lecture estim\u00e9e\" \/>\n\t<meta name=\"twitter:data2\" content=\"1 minute\" \/>\n<script type=\"application\/ld+json\" class=\"yoast-schema-graph\">{\"@context\":\"https:\/\/schema.org\",\"@graph\":[{\"@type\":\"Article\",\"@id\":\"https:\/\/ccviolenciaeigualdad.com\/reunion-entre-gemme-espana-y-el-cgpj-compromiso-renovado-con-la-mediacion-y-los-masc\/#article\",\"isPartOf\":{\"@id\":\"https:\/\/ccviolenciaeigualdad.com\/reunion-entre-gemme-espana-y-el-cgpj-compromiso-renovado-con-la-mediacion-y-los-masc\/\"},\"author\":{\"name\":\"ClaudiaCruzado\",\"@id\":\"https:\/\/ccviolenciaeigualdad.com\/#\/schema\/person\/2b905ae2f475f22f62b4cadef2183a5f\"},\"headline\":\"Reuni\u00f3n entre GEMME Espa\u00f1a y el CGPJ: compromiso renovado con la mediaci\u00f3n y los MASC\",\"datePublished\":\"2025-05-22T08:20:15+00:00\",\"dateModified\":\"2025-05-22T08:20:17+00:00\",\"mainEntityOfPage\":{\"@id\":\"https:\/\/ccviolenciaeigualdad.com\/reunion-entre-gemme-espana-y-el-cgpj-compromiso-renovado-con-la-mediacion-y-los-masc\/\"},\"wordCount\":161,\"publisher\":{\"@id\":\"https:\/\/ccviolenciaeigualdad.com\/#organization\"},\"image\":{\"@id\":\"https:\/\/ccviolenciaeigualdad.com\/reunion-entre-gemme-espana-y-el-cgpj-compromiso-renovado-con-la-mediacion-y-los-masc\/#primaryimage\"},\"thumbnailUrl\":\"https:\/\/ccviolenciaeigualdad.com\/wp-content\/uploads\/2025\/05\/Screenshot-2025-05-22-101529.jpg\",\"articleSection\":[\"Uncategorized\"],\"inLanguage\":\"fr-FR\"},{\"@type\":\"WebPage\",\"@id\":\"https:\/\/ccviolenciaeigualdad.com\/reunion-entre-gemme-espana-y-el-cgpj-compromiso-renovado-con-la-mediacion-y-los-masc\/\",\"url\":\"https:\/\/ccviolenciaeigualdad.com\/reunion-entre-gemme-espana-y-el-cgpj-compromiso-renovado-con-la-mediacion-y-los-masc\/\",\"name\":\"Reuni\u00f3n entre GEMME Espa\u00f1a y el CGPJ: compromiso renovado con la mediaci\u00f3n y los MASC - Claudia Cruzado\",\"isPartOf\":{\"@id\":\"https:\/\/ccviolenciaeigualdad.com\/#website\"},\"primaryImageOfPage\":{\"@id\":\"https:\/\/ccviolenciaeigualdad.com\/reunion-entre-gemme-espana-y-el-cgpj-compromiso-renovado-con-la-mediacion-y-los-masc\/#primaryimage\"},\"image\":{\"@id\":\"https:\/\/ccviolenciaeigualdad.com\/reunion-entre-gemme-espana-y-el-cgpj-compromiso-renovado-con-la-mediacion-y-los-masc\/#primaryimage\"},\"thumbnailUrl\":\"https:\/\/ccviolenciaeigualdad.com\/wp-content\/uploads\/2025\/05\/Screenshot-2025-05-22-101529.jpg\",\"datePublished\":\"2025-05-22T08:20:15+00:00\",\"dateModified\":\"2025-05-22T08:20:17+00:00\",\"breadcrumb\":{\"@id\":\"https:\/\/ccviolenciaeigualdad.com\/reunion-entre-gemme-espana-y-el-cgpj-compromiso-renovado-con-la-mediacion-y-los-masc\/#breadcrumb\"},\"inLanguage\":\"fr-FR\",\"potentialAction\":[{\"@type\":\"ReadAction\",\"target\":[\"https:\/\/ccviolenciaeigualdad.com\/reunion-entre-gemme-espana-y-el-cgpj-compromiso-renovado-con-la-mediacion-y-los-masc\/\"]}]},{\"@type\":\"ImageObject\",\"inLanguage\":\"fr-FR\",\"@id\":\"https:\/\/ccviolenciaeigualdad.com\/reunion-entre-gemme-espana-y-el-cgpj-compromiso-renovado-con-la-mediacion-y-los-masc\/#primaryimage\",\"url\":\"https:\/\/ccviolenciaeigualdad.com\/wp-content\/uploads\/2025\/05\/Screenshot-2025-05-22-101529.jpg\",\"contentUrl\":\"https:\/\/ccviolenciaeigualdad.com\/wp-content\/uploads\/2025\/05\/Screenshot-2025-05-22-101529.jpg\",\"width\":1240,\"height\":540},{\"@type\":\"BreadcrumbList\",\"@id\":\"https:\/\/ccviolenciaeigualdad.com\/reunion-entre-gemme-espana-y-el-cgpj-compromiso-renovado-con-la-mediacion-y-los-masc\/#breadcrumb\",\"itemListElement\":[{\"@type\":\"ListItem\",\"position\":1,\"name\":\"Home\",\"item\":\"https:\/\/ccviolenciaeigualdad.com\/\"},{\"@type\":\"ListItem\",\"position\":2,\"name\":\"Reuni\u00f3n entre GEMME Espa\u00f1a y el CGPJ: compromiso renovado con la mediaci\u00f3n y los MASC\"}]},{\"@type\":\"WebSite\",\"@id\":\"https:\/\/ccviolenciaeigualdad.com\/#website\",\"url\":\"https:\/\/ccviolenciaeigualdad.com\/\",\"name\":\"Claudia Cruzado\",\"description\":\"Consultora especializada en igualdad, violencia de g\u00e9nero y acoso laboral\",\"publisher\":{\"@id\":\"https:\/\/ccviolenciaeigualdad.com\/#organization\"},\"potentialAction\":[{\"@type\":\"SearchAction\",\"target\":{\"@type\":\"EntryPoint\",\"urlTemplate\":\"https:\/\/ccviolenciaeigualdad.com\/?s={search_term_string}\"},\"query-input\":{\"@type\":\"PropertyValueSpecification\",\"valueRequired\":true,\"valueName\":\"search_term_string\"}}],\"inLanguage\":\"fr-FR\"},{\"@type\":\"Organization\",\"@id\":\"https:\/\/ccviolenciaeigualdad.com\/#organization\",\"name\":\"Claudia Cruzado\",\"url\":\"https:\/\/ccviolenciaeigualdad.com\/\",\"logo\":{\"@type\":\"ImageObject\",\"inLanguage\":\"fr-FR\",\"@id\":\"https:\/\/ccviolenciaeigualdad.com\/#\/schema\/logo\/image\/\",\"url\":\"https:\/\/ccviolenciaeigualdad.com\/wp-content\/uploads\/2025\/10\/cropped-logo-fondo-claudia-cruzado-1-1.png\",\"contentUrl\":\"https:\/\/ccviolenciaeigualdad.com\/wp-content\/uploads\/2025\/10\/cropped-logo-fondo-claudia-cruzado-1-1.png\",\"width\":1080,\"height\":373,\"caption\":\"Claudia Cruzado\"},\"image\":{\"@id\":\"https:\/\/ccviolenciaeigualdad.com\/#\/schema\/logo\/image\/\"}},{\"@type\":\"Person\",\"@id\":\"https:\/\/ccviolenciaeigualdad.com\/#\/schema\/person\/2b905ae2f475f22f62b4cadef2183a5f\",\"name\":\"ClaudiaCruzado\",\"url\":\"https:\/\/ccviolenciaeigualdad.com\/fr\/author\/claudiacruzado\/\"}]}<\/script>\n<!-- \/ Yoast SEO plugin. -->","yoast_head_json":{"title":"Reuni\u00f3n entre GEMME Espa\u00f1a y el CGPJ: compromiso renovado con la mediaci\u00f3n y los MASC - Claudia Cruzado","robots":{"index":"index","follow":"follow","max-snippet":"max-snippet:-1","max-image-preview":"max-image-preview:large","max-video-preview":"max-video-preview:-1"},"canonical":"https:\/\/ccviolenciaeigualdad.com\/fr\/reunion-entre-gemme-espana-y-el-cgpj-compromiso-renovado-con-la-mediacion-y-los-masc\/","og_locale":"fr_FR","og_type":"article","og_title":"Reuni\u00f3n entre GEMME Espa\u00f1a y el CGPJ: compromiso renovado con la mediaci\u00f3n y los MASC - Claudia Cruzado","og_description":"Eeuni\u00f3n institucional clave para el impulso de la mediaci\u00f3n y otros medios adecuados de soluci\u00f3n de controversias (MASC). Nosotros tenemos que ser los protagonistas y primeros responsables de resolver nuestros problemas y la mediaci\u00f3n y otros medioa adecuados de soluci\u00f3n de problemas (MASC) nos ayudar\u00e1 a todos a poder tener una satisfacci\u00f3n a las partes [&hellip;]","og_url":"https:\/\/ccviolenciaeigualdad.com\/fr\/reunion-entre-gemme-espana-y-el-cgpj-compromiso-renovado-con-la-mediacion-y-los-masc\/","og_site_name":"Claudia Cruzado","article_published_time":"2025-05-22T08:20:15+00:00","article_modified_time":"2025-05-22T08:20:17+00:00","og_image":[{"width":1240,"height":540,"url":"https:\/\/ccviolenciaeigualdad.com\/wp-content\/uploads\/2025\/05\/Screenshot-2025-05-22-101529.jpg","type":"image\/jpeg"}],"author":"ClaudiaCruzado","twitter_card":"summary_large_image","twitter_misc":{"\u00c9crit par":"ClaudiaCruzado","Dur\u00e9e de lecture estim\u00e9e":"1 minute"},"schema":{"@context":"https:\/\/schema.org","@graph":[{"@type":"Article","@id":"https:\/\/ccviolenciaeigualdad.com\/reunion-entre-gemme-espana-y-el-cgpj-compromiso-renovado-con-la-mediacion-y-los-masc\/#article","isPartOf":{"@id":"https:\/\/ccviolenciaeigualdad.com\/reunion-entre-gemme-espana-y-el-cgpj-compromiso-renovado-con-la-mediacion-y-los-masc\/"},"author":{"name":"ClaudiaCruzado","@id":"https:\/\/ccviolenciaeigualdad.com\/#\/schema\/person\/2b905ae2f475f22f62b4cadef2183a5f"},"headline":"Reuni\u00f3n entre GEMME Espa\u00f1a y el CGPJ: compromiso renovado con la mediaci\u00f3n y los MASC","datePublished":"2025-05-22T08:20:15+00:00","dateModified":"2025-05-22T08:20:17+00:00","mainEntityOfPage":{"@id":"https:\/\/ccviolenciaeigualdad.com\/reunion-entre-gemme-espana-y-el-cgpj-compromiso-renovado-con-la-mediacion-y-los-masc\/"},"wordCount":161,"publisher":{"@id":"https:\/\/ccviolenciaeigualdad.com\/#organization"},"image":{"@id":"https:\/\/ccviolenciaeigualdad.com\/reunion-entre-gemme-espana-y-el-cgpj-compromiso-renovado-con-la-mediacion-y-los-masc\/#primaryimage"},"thumbnailUrl":"https:\/\/ccviolenciaeigualdad.com\/wp-content\/uploads\/2025\/05\/Screenshot-2025-05-22-101529.jpg","articleSection":["Uncategorized"],"inLanguage":"fr-FR"},{"@type":"WebPage","@id":"https:\/\/ccviolenciaeigualdad.com\/reunion-entre-gemme-espana-y-el-cgpj-compromiso-renovado-con-la-mediacion-y-los-masc\/","url":"https:\/\/ccviolenciaeigualdad.com\/reunion-entre-gemme-espana-y-el-cgpj-compromiso-renovado-con-la-mediacion-y-los-masc\/","name":"Reuni\u00f3n entre GEMME Espa\u00f1a y el CGPJ: compromiso renovado con la mediaci\u00f3n y los MASC - Claudia Cruzado","isPartOf":{"@id":"https:\/\/ccviolenciaeigualdad.com\/#website"},"primaryImageOfPage":{"@id":"https:\/\/ccviolenciaeigualdad.com\/reunion-entre-gemme-espana-y-el-cgpj-compromiso-renovado-con-la-mediacion-y-los-masc\/#primaryimage"},"image":{"@id":"https:\/\/ccviolenciaeigualdad.com\/reunion-entre-gemme-espana-y-el-cgpj-compromiso-renovado-con-la-mediacion-y-los-masc\/#primaryimage"},"thumbnailUrl":"https:\/\/ccviolenciaeigualdad.com\/wp-content\/uploads\/2025\/05\/Screenshot-2025-05-22-101529.jpg","datePublished":"2025-05-22T08:20:15+00:00","dateModified":"2025-05-22T08:20:17+00:00","breadcrumb":{"@id":"https:\/\/ccviolenciaeigualdad.com\/reunion-entre-gemme-espana-y-el-cgpj-compromiso-renovado-con-la-mediacion-y-los-masc\/#breadcrumb"},"inLanguage":"fr-FR","potentialAction":[{"@type":"ReadAction","target":["https:\/\/ccviolenciaeigualdad.com\/reunion-entre-gemme-espana-y-el-cgpj-compromiso-renovado-con-la-mediacion-y-los-masc\/"]}]},{"@type":"ImageObject","inLanguage":"fr-FR","@id":"https:\/\/ccviolenciaeigualdad.com\/reunion-entre-gemme-espana-y-el-cgpj-compromiso-renovado-con-la-mediacion-y-los-masc\/#primaryimage","url":"https:\/\/ccviolenciaeigualdad.com\/wp-content\/uploads\/2025\/05\/Screenshot-2025-05-22-101529.jpg","contentUrl":"https:\/\/ccviolenciaeigualdad.com\/wp-content\/uploads\/2025\/05\/Screenshot-2025-05-22-101529.jpg","width":1240,"height":540},{"@type":"BreadcrumbList","@id":"https:\/\/ccviolenciaeigualdad.com\/reunion-entre-gemme-espana-y-el-cgpj-compromiso-renovado-con-la-mediacion-y-los-masc\/#breadcrumb","itemListElement":[{"@type":"ListItem","position":1,"name":"Home","item":"https:\/\/ccviolenciaeigualdad.com\/"},{"@type":"ListItem","position":2,"name":"Reuni\u00f3n entre GEMME Espa\u00f1a y el CGPJ: compromiso renovado con la mediaci\u00f3n y los MASC"}]},{"@type":"WebSite","@id":"https:\/\/ccviolenciaeigualdad.com\/#website","url":"https:\/\/ccviolenciaeigualdad.com\/","name":"Claudia Cruzado","description":"Consultante sp\u00e9cialis\u00e9e en \u00e9galit\u00e9, violence sexiste et harc\u00e8lement au travail","publisher":{"@id":"https:\/\/ccviolenciaeigualdad.com\/#organization"},"potentialAction":[{"@type":"SearchAction","target":{"@type":"EntryPoint","urlTemplate":"https:\/\/ccviolenciaeigualdad.com\/?s={search_term_string}"},"query-input":{"@type":"PropertyValueSpecification","valueRequired":true,"valueName":"search_term_string"}}],"inLanguage":"fr-FR"},{"@type":"Organization","@id":"https:\/\/ccviolenciaeigualdad.com\/#organization","name":"Claudia Cruzado","url":"https:\/\/ccviolenciaeigualdad.com\/","logo":{"@type":"ImageObject","inLanguage":"fr-FR","@id":"https:\/\/ccviolenciaeigualdad.com\/#\/schema\/logo\/image\/","url":"https:\/\/ccviolenciaeigualdad.com\/wp-content\/uploads\/2025\/10\/cropped-logo-fondo-claudia-cruzado-1-1.png","contentUrl":"https:\/\/ccviolenciaeigualdad.com\/wp-content\/uploads\/2025\/10\/cropped-logo-fondo-claudia-cruzado-1-1.png","width":1080,"height":373,"caption":"Claudia Cruzado"},"image":{"@id":"https:\/\/ccviolenciaeigualdad.com\/#\/schema\/logo\/image\/"}},{"@type":"Person","@id":"https:\/\/ccviolenciaeigualdad.com\/#\/schema\/person\/2b905ae2f475f22f62b4cadef2183a5f","name":"Claudia Cruzado","url":"https:\/\/ccviolenciaeigualdad.com\/fr\/author\/claudiacruzado\/"}]}},"_links":{"self":[{"href":"https:\/\/ccviolenciaeigualdad.com\/fr\/wp-json\/wp\/v2\/posts\/515","targetHints":{"allow":["GET"]}}],"collection":[{"href":"https:\/\/ccviolenciaeigualdad.com\/fr\/wp-json\/wp\/v2\/posts"}],"about":[{"href":"https:\/\/ccviolenciaeigualdad.com\/fr\/wp-json\/wp\/v2\/types\/post"}],"author":[{"embeddable":true,"href":"https:\/\/ccviolenciaeigualdad.com\/fr\/wp-json\/wp\/v2\/users\/4"}],"replies":[{"embeddable":true,"href":"https:\/\/ccviolenciaeigualdad.com\/fr\/wp-json\/wp\/v2\/comments?post=515"}],"version-history":[{"count":1,"href":"https:\/\/ccviolenciaeigualdad.com\/fr\/wp-json\/wp\/v2\/posts\/515\/revisions"}],"predecessor-version":[{"id":517,"href":"https:\/\/ccviolenciaeigualdad.com\/fr\/wp-json\/wp\/v2\/posts\/515\/revisions\/517"}],"wp:featuredmedia":[{"embeddable":true,"href":"https:\/\/ccviolenciaeigualdad.com\/fr\/wp-json\/wp\/v2\/media\/516"}],"wp:attachment":[{"href":"https:\/\/ccviolenciaeigualdad.com\/fr\/wp-json\/wp\/v2\/media?parent=515"}],"wp:term":[{"taxonomy":"category","embeddable":true,"href":"https:\/\/ccviolenciaeigualdad.com\/fr\/wp-json\/wp\/v2\/categories?post=515"},{"taxonomy":"post_tag","embeddable":true,"href":"https:\/\/ccviolenciaeigualdad.com\/fr\/wp-json\/wp\/v2\/tags?post=515"}],"curies":[{"name":"wp","href":"https:\/\/api.w.org\/{rel}","templated":true}]}}