{"id":511,"date":"2025-05-09T17:39:35","date_gmt":"2025-05-09T15:39:35","guid":{"rendered":"https:\/\/ccviolenciaeigualdad.com\/?p=511"},"modified":"2025-05-09T17:39:36","modified_gmt":"2025-05-09T15:39:36","slug":"mediacion-artistica-y-educativa-teatro-foro-con-tematica-inclusiva-y-diversidadde-genero-contra-el-bullying","status":"publish","type":"post","link":"https:\/\/ccviolenciaeigualdad.com\/fr\/mediacion-artistica-y-educativa-teatro-foro-con-tematica-inclusiva-y-diversidadde-genero-contra-el-bullying\/","title":{"rendered":"M\u00e9diation artistique et \u00e9ducative\u00a0: th\u00e9\u00e2tre forum aux th\u00e8mes inclusifs et \u00e0 la diversit\u00e9 des genres contre le harc\u00e8lement scolaire"},"content":{"rendered":"<p>R\u00e9sum\u00e9\u00a0: Cette \u00e9tude a explor\u00e9 le recours \u00e0 la m\u00e9diation artistique et p\u00e9dagogique aupr\u00e8s d\u2019\u00e9l\u00e8ves du secondaire afin de pr\u00e9venir le harc\u00e8lement scolaire et de favoriser une plus grande acceptation et inclusion en milieu scolaire. La pi\u00e8ce de th\u00e9\u00e2tre a servi de point de d\u00e9part \u00e0 cette approche. <em>B\u00e2tard<\/em> Ce projet relate l&#039;histoire vraie de Romasanta, qui, en raison de son intersexuation, a \u00e9t\u00e9 pers\u00e9cut\u00e9 et harcel\u00e9, jusqu&#039;\u00e0 devenir un tueur en s\u00e9rie. S&#039;appuyant sur une m\u00e9thodologie de th\u00e9\u00e2tre forum comme outil de recherche participative et int\u00e9grant des ressources ethnographiques, le projet vise \u00e0 : premi\u00e8rement, sensibiliser les \u00e9tudiants \u00e0 leur responsabilit\u00e9 individuelle et collective, en leur permettant de reconna\u00eetre les comportements s&#039;inscrivant dans les processus de marginalisation et d&#039;exclusion qui aggravent la situation des victimes ; deuxi\u00e8mement, pr\u00e9senter \u00e0 ces victimes des m\u00e9canismes d&#039;adaptation. La recherche conclut que le th\u00e9\u00e2tre forum favorise une plus grande coh\u00e9sion de groupe parmi les participants et facilite la d\u00e9tection et la prise en charge des cas de harc\u00e8lement, ce qui rend son utilisation essentielle pour promouvoir l&#039;esprit critique et les valeurs d\u00e9mocratiques. De m\u00eame, il permet le d\u00e9veloppement de comp\u00e9tences cl\u00e9s li\u00e9es au d\u00e9veloppement du langage, \u00e0 l&#039;autonomie, \u00e0 la culture et aux connaissances.\u00a0<\/p>\n\n\n\n<p>Lien vers l&#039;article complet\u00a0: https:\/\/digitum.um.es\/digitum\/bitstream\/10201\/148642\/1\/Arteterapia.pdf<\/p>\n\n\n\n<p><\/p>","protected":false},"excerpt":{"rendered":"<p>R\u00e9sum\u00e9\u00a0: Cette \u00e9tude a explor\u00e9 le recours \u00e0 la m\u00e9diation artistique et p\u00e9dagogique aupr\u00e8s d\u2019\u00e9l\u00e8ves du secondaire afin de pr\u00e9venir le harc\u00e8lement scolaire et de favoriser une plus grande acceptation et inclusion en milieu scolaire. La pi\u00e8ce *Malnacido*, qui relate l\u2019histoire vraie de Romasanta, [\u2026]<\/p>","protected":false},"author":4,"featured_media":512,"comment_status":"closed","ping_status":"closed","sticky":false,"template":"","format":"standard","meta":{"footnotes":""},"categories":[1],"tags":[],"class_list":["post-511","post","type-post","status-publish","format-standard","has-post-thumbnail","hentry","category-uncategorized"],"yoast_head":"<!-- This site is optimized with the Yoast SEO plugin v26.3 - https:\/\/yoast.com\/wordpress\/plugins\/seo\/ -->\n<title>Mediaci\u00f3n art\u00edstica y educativa: teatro foro con tem\u00e1tica inclusiva y diversidadde g\u00e9nero contra el bullying - Claudia Cruzado<\/title>\n<meta name=\"robots\" content=\"index, follow, max-snippet:-1, max-image-preview:large, max-video-preview:-1\" \/>\n<link rel=\"canonical\" href=\"https:\/\/ccviolenciaeigualdad.com\/fr\/mediacion-artistica-y-educativa-teatro-foro-con-tematica-inclusiva-y-diversidadde-genero-contra-el-bullying\/\" \/>\n<meta property=\"og:locale\" content=\"fr_FR\" \/>\n<meta property=\"og:type\" content=\"article\" \/>\n<meta property=\"og:title\" content=\"Mediaci\u00f3n art\u00edstica y educativa: teatro foro con tem\u00e1tica inclusiva y diversidadde g\u00e9nero contra el bullying - Claudia Cruzado\" \/>\n<meta property=\"og:description\" content=\"Resumen: en este estudio se ha trabajado la mediaci\u00f3n art\u00edstica y educativa con alumnado de educaci\u00f3n secundaria para prevenir el bullying, y generar una mayor aceptaci\u00f3n e inclusividad en los centros educativos.\u00a0 Para ello, se ha tomado como punto de partida la obra de teatro Malnacido que cuenta la historia ver\u00eddica de Romasanta, que, por [&hellip;]\" \/>\n<meta property=\"og:url\" content=\"https:\/\/ccviolenciaeigualdad.com\/fr\/mediacion-artistica-y-educativa-teatro-foro-con-tematica-inclusiva-y-diversidadde-genero-contra-el-bullying\/\" \/>\n<meta property=\"og:site_name\" content=\"Claudia Cruzado\" \/>\n<meta property=\"article:published_time\" content=\"2025-05-09T15:39:35+00:00\" \/>\n<meta property=\"article:modified_time\" content=\"2025-05-09T15:39:36+00:00\" \/>\n<meta property=\"og:image\" content=\"https:\/\/ccviolenciaeigualdad.com\/wp-content\/uploads\/2025\/05\/Screenshot-2025-05-09-173714.png\" \/>\n\t<meta property=\"og:image:width\" content=\"241\" \/>\n\t<meta property=\"og:image:height\" content=\"187\" \/>\n\t<meta property=\"og:image:type\" content=\"image\/png\" \/>\n<meta name=\"author\" content=\"ClaudiaCruzado\" \/>\n<meta name=\"twitter:card\" content=\"summary_large_image\" \/>\n<meta name=\"twitter:label1\" content=\"\u00c9crit par\" \/>\n\t<meta name=\"twitter:data1\" content=\"ClaudiaCruzado\" \/>\n\t<meta name=\"twitter:label2\" content=\"Dur\u00e9e de lecture estim\u00e9e\" \/>\n\t<meta name=\"twitter:data2\" content=\"2 minutes\" \/>\n<script type=\"application\/ld+json\" class=\"yoast-schema-graph\">{\"@context\":\"https:\/\/schema.org\",\"@graph\":[{\"@type\":\"Article\",\"@id\":\"https:\/\/ccviolenciaeigualdad.com\/mediacion-artistica-y-educativa-teatro-foro-con-tematica-inclusiva-y-diversidadde-genero-contra-el-bullying\/#article\",\"isPartOf\":{\"@id\":\"https:\/\/ccviolenciaeigualdad.com\/mediacion-artistica-y-educativa-teatro-foro-con-tematica-inclusiva-y-diversidadde-genero-contra-el-bullying\/\"},\"author\":{\"name\":\"ClaudiaCruzado\",\"@id\":\"https:\/\/ccviolenciaeigualdad.com\/#\/schema\/person\/2b905ae2f475f22f62b4cadef2183a5f\"},\"headline\":\"Mediaci\u00f3n art\u00edstica y educativa: teatro foro con tem\u00e1tica inclusiva y diversidadde g\u00e9nero contra el bullying\",\"datePublished\":\"2025-05-09T15:39:35+00:00\",\"dateModified\":\"2025-05-09T15:39:36+00:00\",\"mainEntityOfPage\":{\"@id\":\"https:\/\/ccviolenciaeigualdad.com\/mediacion-artistica-y-educativa-teatro-foro-con-tematica-inclusiva-y-diversidadde-genero-contra-el-bullying\/\"},\"wordCount\":259,\"publisher\":{\"@id\":\"https:\/\/ccviolenciaeigualdad.com\/#organization\"},\"image\":{\"@id\":\"https:\/\/ccviolenciaeigualdad.com\/mediacion-artistica-y-educativa-teatro-foro-con-tematica-inclusiva-y-diversidadde-genero-contra-el-bullying\/#primaryimage\"},\"thumbnailUrl\":\"https:\/\/ccviolenciaeigualdad.com\/wp-content\/uploads\/2025\/05\/Screenshot-2025-05-09-173714.png\",\"articleSection\":[\"Uncategorized\"],\"inLanguage\":\"fr-FR\"},{\"@type\":\"WebPage\",\"@id\":\"https:\/\/ccviolenciaeigualdad.com\/mediacion-artistica-y-educativa-teatro-foro-con-tematica-inclusiva-y-diversidadde-genero-contra-el-bullying\/\",\"url\":\"https:\/\/ccviolenciaeigualdad.com\/mediacion-artistica-y-educativa-teatro-foro-con-tematica-inclusiva-y-diversidadde-genero-contra-el-bullying\/\",\"name\":\"Mediaci\u00f3n art\u00edstica y educativa: teatro foro con tem\u00e1tica inclusiva y diversidadde g\u00e9nero contra el bullying - Claudia Cruzado\",\"isPartOf\":{\"@id\":\"https:\/\/ccviolenciaeigualdad.com\/#website\"},\"primaryImageOfPage\":{\"@id\":\"https:\/\/ccviolenciaeigualdad.com\/mediacion-artistica-y-educativa-teatro-foro-con-tematica-inclusiva-y-diversidadde-genero-contra-el-bullying\/#primaryimage\"},\"image\":{\"@id\":\"https:\/\/ccviolenciaeigualdad.com\/mediacion-artistica-y-educativa-teatro-foro-con-tematica-inclusiva-y-diversidadde-genero-contra-el-bullying\/#primaryimage\"},\"thumbnailUrl\":\"https:\/\/ccviolenciaeigualdad.com\/wp-content\/uploads\/2025\/05\/Screenshot-2025-05-09-173714.png\",\"datePublished\":\"2025-05-09T15:39:35+00:00\",\"dateModified\":\"2025-05-09T15:39:36+00:00\",\"breadcrumb\":{\"@id\":\"https:\/\/ccviolenciaeigualdad.com\/mediacion-artistica-y-educativa-teatro-foro-con-tematica-inclusiva-y-diversidadde-genero-contra-el-bullying\/#breadcrumb\"},\"inLanguage\":\"fr-FR\",\"potentialAction\":[{\"@type\":\"ReadAction\",\"target\":[\"https:\/\/ccviolenciaeigualdad.com\/mediacion-artistica-y-educativa-teatro-foro-con-tematica-inclusiva-y-diversidadde-genero-contra-el-bullying\/\"]}]},{\"@type\":\"ImageObject\",\"inLanguage\":\"fr-FR\",\"@id\":\"https:\/\/ccviolenciaeigualdad.com\/mediacion-artistica-y-educativa-teatro-foro-con-tematica-inclusiva-y-diversidadde-genero-contra-el-bullying\/#primaryimage\",\"url\":\"https:\/\/ccviolenciaeigualdad.com\/wp-content\/uploads\/2025\/05\/Screenshot-2025-05-09-173714.png\",\"contentUrl\":\"https:\/\/ccviolenciaeigualdad.com\/wp-content\/uploads\/2025\/05\/Screenshot-2025-05-09-173714.png\",\"width\":241,\"height\":187},{\"@type\":\"BreadcrumbList\",\"@id\":\"https:\/\/ccviolenciaeigualdad.com\/mediacion-artistica-y-educativa-teatro-foro-con-tematica-inclusiva-y-diversidadde-genero-contra-el-bullying\/#breadcrumb\",\"itemListElement\":[{\"@type\":\"ListItem\",\"position\":1,\"name\":\"Home\",\"item\":\"https:\/\/ccviolenciaeigualdad.com\/\"},{\"@type\":\"ListItem\",\"position\":2,\"name\":\"Mediaci\u00f3n art\u00edstica y educativa: teatro foro con tem\u00e1tica inclusiva y diversidadde g\u00e9nero contra el bullying\"}]},{\"@type\":\"WebSite\",\"@id\":\"https:\/\/ccviolenciaeigualdad.com\/#website\",\"url\":\"https:\/\/ccviolenciaeigualdad.com\/\",\"name\":\"Claudia Cruzado\",\"description\":\"Consultora especializada en igualdad, violencia de g\u00e9nero y acoso laboral\",\"publisher\":{\"@id\":\"https:\/\/ccviolenciaeigualdad.com\/#organization\"},\"potentialAction\":[{\"@type\":\"SearchAction\",\"target\":{\"@type\":\"EntryPoint\",\"urlTemplate\":\"https:\/\/ccviolenciaeigualdad.com\/?s={search_term_string}\"},\"query-input\":{\"@type\":\"PropertyValueSpecification\",\"valueRequired\":true,\"valueName\":\"search_term_string\"}}],\"inLanguage\":\"fr-FR\"},{\"@type\":\"Organization\",\"@id\":\"https:\/\/ccviolenciaeigualdad.com\/#organization\",\"name\":\"Claudia Cruzado\",\"url\":\"https:\/\/ccviolenciaeigualdad.com\/\",\"logo\":{\"@type\":\"ImageObject\",\"inLanguage\":\"fr-FR\",\"@id\":\"https:\/\/ccviolenciaeigualdad.com\/#\/schema\/logo\/image\/\",\"url\":\"https:\/\/ccviolenciaeigualdad.com\/wp-content\/uploads\/2025\/10\/cropped-logo-fondo-claudia-cruzado-1-1.png\",\"contentUrl\":\"https:\/\/ccviolenciaeigualdad.com\/wp-content\/uploads\/2025\/10\/cropped-logo-fondo-claudia-cruzado-1-1.png\",\"width\":1080,\"height\":373,\"caption\":\"Claudia Cruzado\"},\"image\":{\"@id\":\"https:\/\/ccviolenciaeigualdad.com\/#\/schema\/logo\/image\/\"}},{\"@type\":\"Person\",\"@id\":\"https:\/\/ccviolenciaeigualdad.com\/#\/schema\/person\/2b905ae2f475f22f62b4cadef2183a5f\",\"name\":\"ClaudiaCruzado\",\"url\":\"https:\/\/ccviolenciaeigualdad.com\/fr\/author\/claudiacruzado\/\"}]}<\/script>\n<!-- \/ Yoast SEO plugin. -->","yoast_head_json":{"title":"Mediaci\u00f3n art\u00edstica y educativa: teatro foro con tem\u00e1tica inclusiva y diversidadde g\u00e9nero contra el bullying - Claudia Cruzado","robots":{"index":"index","follow":"follow","max-snippet":"max-snippet:-1","max-image-preview":"max-image-preview:large","max-video-preview":"max-video-preview:-1"},"canonical":"https:\/\/ccviolenciaeigualdad.com\/fr\/mediacion-artistica-y-educativa-teatro-foro-con-tematica-inclusiva-y-diversidadde-genero-contra-el-bullying\/","og_locale":"fr_FR","og_type":"article","og_title":"Mediaci\u00f3n art\u00edstica y educativa: teatro foro con tem\u00e1tica inclusiva y diversidadde g\u00e9nero contra el bullying - Claudia Cruzado","og_description":"Resumen: en este estudio se ha trabajado la mediaci\u00f3n art\u00edstica y educativa con alumnado de educaci\u00f3n secundaria para prevenir el bullying, y generar una mayor aceptaci\u00f3n e inclusividad en los centros educativos.\u00a0 Para ello, se ha tomado como punto de partida la obra de teatro Malnacido que cuenta la historia ver\u00eddica de Romasanta, que, por [&hellip;]","og_url":"https:\/\/ccviolenciaeigualdad.com\/fr\/mediacion-artistica-y-educativa-teatro-foro-con-tematica-inclusiva-y-diversidadde-genero-contra-el-bullying\/","og_site_name":"Claudia Cruzado","article_published_time":"2025-05-09T15:39:35+00:00","article_modified_time":"2025-05-09T15:39:36+00:00","og_image":[{"width":241,"height":187,"url":"https:\/\/ccviolenciaeigualdad.com\/wp-content\/uploads\/2025\/05\/Screenshot-2025-05-09-173714.png","type":"image\/png"}],"author":"ClaudiaCruzado","twitter_card":"summary_large_image","twitter_misc":{"\u00c9crit par":"ClaudiaCruzado","Dur\u00e9e de lecture estim\u00e9e":"2 minutes"},"schema":{"@context":"https:\/\/schema.org","@graph":[{"@type":"Article","@id":"https:\/\/ccviolenciaeigualdad.com\/mediacion-artistica-y-educativa-teatro-foro-con-tematica-inclusiva-y-diversidadde-genero-contra-el-bullying\/#article","isPartOf":{"@id":"https:\/\/ccviolenciaeigualdad.com\/mediacion-artistica-y-educativa-teatro-foro-con-tematica-inclusiva-y-diversidadde-genero-contra-el-bullying\/"},"author":{"name":"ClaudiaCruzado","@id":"https:\/\/ccviolenciaeigualdad.com\/#\/schema\/person\/2b905ae2f475f22f62b4cadef2183a5f"},"headline":"Mediaci\u00f3n art\u00edstica y educativa: teatro foro con tem\u00e1tica inclusiva y diversidadde g\u00e9nero contra el bullying","datePublished":"2025-05-09T15:39:35+00:00","dateModified":"2025-05-09T15:39:36+00:00","mainEntityOfPage":{"@id":"https:\/\/ccviolenciaeigualdad.com\/mediacion-artistica-y-educativa-teatro-foro-con-tematica-inclusiva-y-diversidadde-genero-contra-el-bullying\/"},"wordCount":259,"publisher":{"@id":"https:\/\/ccviolenciaeigualdad.com\/#organization"},"image":{"@id":"https:\/\/ccviolenciaeigualdad.com\/mediacion-artistica-y-educativa-teatro-foro-con-tematica-inclusiva-y-diversidadde-genero-contra-el-bullying\/#primaryimage"},"thumbnailUrl":"https:\/\/ccviolenciaeigualdad.com\/wp-content\/uploads\/2025\/05\/Screenshot-2025-05-09-173714.png","articleSection":["Uncategorized"],"inLanguage":"fr-FR"},{"@type":"WebPage","@id":"https:\/\/ccviolenciaeigualdad.com\/mediacion-artistica-y-educativa-teatro-foro-con-tematica-inclusiva-y-diversidadde-genero-contra-el-bullying\/","url":"https:\/\/ccviolenciaeigualdad.com\/mediacion-artistica-y-educativa-teatro-foro-con-tematica-inclusiva-y-diversidadde-genero-contra-el-bullying\/","name":"Mediaci\u00f3n art\u00edstica y educativa: teatro foro con tem\u00e1tica inclusiva y diversidadde g\u00e9nero contra el bullying - Claudia Cruzado","isPartOf":{"@id":"https:\/\/ccviolenciaeigualdad.com\/#website"},"primaryImageOfPage":{"@id":"https:\/\/ccviolenciaeigualdad.com\/mediacion-artistica-y-educativa-teatro-foro-con-tematica-inclusiva-y-diversidadde-genero-contra-el-bullying\/#primaryimage"},"image":{"@id":"https:\/\/ccviolenciaeigualdad.com\/mediacion-artistica-y-educativa-teatro-foro-con-tematica-inclusiva-y-diversidadde-genero-contra-el-bullying\/#primaryimage"},"thumbnailUrl":"https:\/\/ccviolenciaeigualdad.com\/wp-content\/uploads\/2025\/05\/Screenshot-2025-05-09-173714.png","datePublished":"2025-05-09T15:39:35+00:00","dateModified":"2025-05-09T15:39:36+00:00","breadcrumb":{"@id":"https:\/\/ccviolenciaeigualdad.com\/mediacion-artistica-y-educativa-teatro-foro-con-tematica-inclusiva-y-diversidadde-genero-contra-el-bullying\/#breadcrumb"},"inLanguage":"fr-FR","potentialAction":[{"@type":"ReadAction","target":["https:\/\/ccviolenciaeigualdad.com\/mediacion-artistica-y-educativa-teatro-foro-con-tematica-inclusiva-y-diversidadde-genero-contra-el-bullying\/"]}]},{"@type":"ImageObject","inLanguage":"fr-FR","@id":"https:\/\/ccviolenciaeigualdad.com\/mediacion-artistica-y-educativa-teatro-foro-con-tematica-inclusiva-y-diversidadde-genero-contra-el-bullying\/#primaryimage","url":"https:\/\/ccviolenciaeigualdad.com\/wp-content\/uploads\/2025\/05\/Screenshot-2025-05-09-173714.png","contentUrl":"https:\/\/ccviolenciaeigualdad.com\/wp-content\/uploads\/2025\/05\/Screenshot-2025-05-09-173714.png","width":241,"height":187},{"@type":"BreadcrumbList","@id":"https:\/\/ccviolenciaeigualdad.com\/mediacion-artistica-y-educativa-teatro-foro-con-tematica-inclusiva-y-diversidadde-genero-contra-el-bullying\/#breadcrumb","itemListElement":[{"@type":"ListItem","position":1,"name":"Home","item":"https:\/\/ccviolenciaeigualdad.com\/"},{"@type":"ListItem","position":2,"name":"Mediaci\u00f3n art\u00edstica y educativa: teatro foro con tem\u00e1tica inclusiva y diversidadde g\u00e9nero contra el bullying"}]},{"@type":"WebSite","@id":"https:\/\/ccviolenciaeigualdad.com\/#website","url":"https:\/\/ccviolenciaeigualdad.com\/","name":"Claudia Cruzado","description":"Consultante sp\u00e9cialis\u00e9e en \u00e9galit\u00e9, violence sexiste et harc\u00e8lement au travail","publisher":{"@id":"https:\/\/ccviolenciaeigualdad.com\/#organization"},"potentialAction":[{"@type":"SearchAction","target":{"@type":"EntryPoint","urlTemplate":"https:\/\/ccviolenciaeigualdad.com\/?s={search_term_string}"},"query-input":{"@type":"PropertyValueSpecification","valueRequired":true,"valueName":"search_term_string"}}],"inLanguage":"fr-FR"},{"@type":"Organization","@id":"https:\/\/ccviolenciaeigualdad.com\/#organization","name":"Claudia Cruzado","url":"https:\/\/ccviolenciaeigualdad.com\/","logo":{"@type":"ImageObject","inLanguage":"fr-FR","@id":"https:\/\/ccviolenciaeigualdad.com\/#\/schema\/logo\/image\/","url":"https:\/\/ccviolenciaeigualdad.com\/wp-content\/uploads\/2025\/10\/cropped-logo-fondo-claudia-cruzado-1-1.png","contentUrl":"https:\/\/ccviolenciaeigualdad.com\/wp-content\/uploads\/2025\/10\/cropped-logo-fondo-claudia-cruzado-1-1.png","width":1080,"height":373,"caption":"Claudia Cruzado"},"image":{"@id":"https:\/\/ccviolenciaeigualdad.com\/#\/schema\/logo\/image\/"}},{"@type":"Person","@id":"https:\/\/ccviolenciaeigualdad.com\/#\/schema\/person\/2b905ae2f475f22f62b4cadef2183a5f","name":"Claudia Cruzado","url":"https:\/\/ccviolenciaeigualdad.com\/fr\/author\/claudiacruzado\/"}]}},"_links":{"self":[{"href":"https:\/\/ccviolenciaeigualdad.com\/fr\/wp-json\/wp\/v2\/posts\/511","targetHints":{"allow":["GET"]}}],"collection":[{"href":"https:\/\/ccviolenciaeigualdad.com\/fr\/wp-json\/wp\/v2\/posts"}],"about":[{"href":"https:\/\/ccviolenciaeigualdad.com\/fr\/wp-json\/wp\/v2\/types\/post"}],"author":[{"embeddable":true,"href":"https:\/\/ccviolenciaeigualdad.com\/fr\/wp-json\/wp\/v2\/users\/4"}],"replies":[{"embeddable":true,"href":"https:\/\/ccviolenciaeigualdad.com\/fr\/wp-json\/wp\/v2\/comments?post=511"}],"version-history":[{"count":1,"href":"https:\/\/ccviolenciaeigualdad.com\/fr\/wp-json\/wp\/v2\/posts\/511\/revisions"}],"predecessor-version":[{"id":513,"href":"https:\/\/ccviolenciaeigualdad.com\/fr\/wp-json\/wp\/v2\/posts\/511\/revisions\/513"}],"wp:featuredmedia":[{"embeddable":true,"href":"https:\/\/ccviolenciaeigualdad.com\/fr\/wp-json\/wp\/v2\/media\/512"}],"wp:attachment":[{"href":"https:\/\/ccviolenciaeigualdad.com\/fr\/wp-json\/wp\/v2\/media?parent=511"}],"wp:term":[{"taxonomy":"category","embeddable":true,"href":"https:\/\/ccviolenciaeigualdad.com\/fr\/wp-json\/wp\/v2\/categories?post=511"},{"taxonomy":"post_tag","embeddable":true,"href":"https:\/\/ccviolenciaeigualdad.com\/fr\/wp-json\/wp\/v2\/tags?post=511"}],"curies":[{"name":"wp","href":"https:\/\/api.w.org\/{rel}","templated":true}]}}