{"id":502,"date":"2025-04-01T17:45:22","date_gmt":"2025-04-01T15:45:22","guid":{"rendered":"https:\/\/ccviolenciaeigualdad.com\/?p=502"},"modified":"2025-04-01T17:45:23","modified_gmt":"2025-04-01T15:45:23","slug":"webinar-voces-restaurativas-con-eva-ortiz-programa-cerclescat-voluntariado","status":"publish","type":"post","link":"https:\/\/ccviolenciaeigualdad.com\/fr\/webinar-voces-restaurativas-con-eva-ortiz-programa-cerclescat-voluntariado\/","title":{"rendered":"Webinaire\u00a0: Voix r\u00e9paratrices avec Eva Ortiz \u2013 Programme de b\u00e9n\u00e9volat CerclesCat"},"content":{"rendered":"<p>Ce webinaire pr\u00e9sentera le programme CerclesCat, promu par le minist\u00e8re de la Justice et g\u00e9r\u00e9 par la Fondation pour la sant\u00e9 et la communaut\u00e9. Ce programme utilise un mod\u00e8le d&#039;intervention en milieu ouvert, fond\u00e9 sur la justice r\u00e9paratrice, avec pour devise \u00ab\u00a0Plus jamais de victimes\u00a0\u00bb. Eva Ortiz, responsable du d\u00e9veloppement et du recrutement des b\u00e9n\u00e9voles de CerclesCat, et coordinatrice des cercles depuis 2015, sera la principale intervenante.<\/p>\n\n\n\n<h1 class=\"wp-block-heading\">D\u00e9tails cl\u00e9s<\/h1>\n\n\n\n<ul class=\"wp-block-list\">\n<li><strong>Organisateur<\/strong>: Groupe de Justice R\u00e9paratrice et MASC du Col\u00b7legi de Criminologia de Catalunya<\/li>\n\n\n\n<li><strong>Date et heure<\/strong>Dilluns, le 7 avril, de 19h00 \u00e0 20h15.<\/li>\n\n\n\n<li><strong>Lieu<\/strong>Format virtuel via la plateforme Zoom<\/li>\n\n\n\n<li><strong>Responsable de la protection des donn\u00e9es<\/strong>Coll\u00e8ge officiel de criminologie de Catalogne<\/li>\n\n\n\n<li><strong>Enlla\u00e7 d&#039;inscripci\u00f3<\/strong>: <a href=\"https:\/\/docs.google.com\/forms\/d\/e\/1FAIpQLScW7W89qB85SP_kX0pk9BCYoq2GlA9DbfTGpXZdCe-iITNCfA\/viewform\">https:\/\/docs.google.com\/forms\/d\/e\/1FAIpQLScW7W89qB85SP_kX0pk9BCYoq2GlA9DbfTGpXZdCe-iITNCfA\/viewform<\/a>(obert se termine \u00e0 divendres le 4 avril)<\/li>\n<\/ul>","protected":false},"excerpt":{"rendered":"<p>Ce webinaire pr\u00e9sentera le programme CerclesCat, promu par le minist\u00e8re de la Justice et g\u00e9r\u00e9 par la Fondation pour la sant\u00e9 et la communaut\u00e9. Ce programme utilise un mod\u00e8le d&#039;intervention en milieu ouvert fond\u00e9 sur la justice r\u00e9paratrice, avec pour devise \u00ab\u00a0Plus jamais de victimes\u00a0\u00bb. Eva Ortiz, responsable du recrutement et de la sensibilisation des b\u00e9n\u00e9voles de CerclesCat, et coordinatrice de [\u2026]<\/p>","protected":false},"author":4,"featured_media":504,"comment_status":"closed","ping_status":"closed","sticky":false,"template":"","format":"standard","meta":{"footnotes":""},"categories":[1],"tags":[],"class_list":["post-502","post","type-post","status-publish","format-standard","has-post-thumbnail","hentry","category-uncategorized"],"yoast_head":"<!-- This site is optimized with the Yoast SEO plugin v26.3 - https:\/\/yoast.com\/wordpress\/plugins\/seo\/ -->\n<title>Webinar: Voces Restaurativas con Eva Ortiz - Programa CerclesCat Voluntariado - Claudia Cruzado<\/title>\n<meta name=\"robots\" content=\"index, follow, max-snippet:-1, max-image-preview:large, max-video-preview:-1\" \/>\n<link rel=\"canonical\" href=\"https:\/\/ccviolenciaeigualdad.com\/fr\/webinar-voces-restaurativas-con-eva-ortiz-programa-cerclescat-voluntariado\/\" \/>\n<meta property=\"og:locale\" content=\"fr_FR\" \/>\n<meta property=\"og:type\" content=\"article\" \/>\n<meta property=\"og:title\" content=\"Webinar: Voces Restaurativas con Eva Ortiz - Programa CerclesCat Voluntariado - Claudia Cruzado\" \/>\n<meta property=\"og:description\" content=\"El webinar presentar\u00e1 el programa CerclesCat, impulsado por el Departamento de Justicia y gestionado por la Fundaci\u00f3n Salud y Comunidad. Este programa utiliza un modelo de intervenci\u00f3n en medio abierto basado en la justicia restaurativa, con el lema \u00abNo m\u00e1s v\u00edctimas\u00bb. Eva Ortiz, gestora de difusi\u00f3n y captaci\u00f3n de voluntariado de CerclesCat y coordinadora de [&hellip;]\" \/>\n<meta property=\"og:url\" content=\"https:\/\/ccviolenciaeigualdad.com\/fr\/webinar-voces-restaurativas-con-eva-ortiz-programa-cerclescat-voluntariado\/\" \/>\n<meta property=\"og:site_name\" content=\"Claudia Cruzado\" \/>\n<meta property=\"article:published_time\" content=\"2025-04-01T15:45:22+00:00\" \/>\n<meta property=\"article:modified_time\" content=\"2025-04-01T15:45:23+00:00\" \/>\n<meta property=\"og:image\" content=\"https:\/\/ccviolenciaeigualdad.com\/wp-content\/uploads\/2025\/04\/Voces-restaurativas.png\" \/>\n\t<meta property=\"og:image:width\" content=\"319\" \/>\n\t<meta property=\"og:image:height\" content=\"171\" \/>\n\t<meta property=\"og:image:type\" content=\"image\/png\" \/>\n<meta name=\"author\" content=\"ClaudiaCruzado\" \/>\n<meta name=\"twitter:card\" content=\"summary_large_image\" \/>\n<meta name=\"twitter:label1\" content=\"\u00c9crit par\" \/>\n\t<meta name=\"twitter:data1\" content=\"ClaudiaCruzado\" \/>\n\t<meta name=\"twitter:label2\" content=\"Dur\u00e9e de lecture estim\u00e9e\" \/>\n\t<meta name=\"twitter:data2\" content=\"1 minute\" \/>\n<script type=\"application\/ld+json\" class=\"yoast-schema-graph\">{\"@context\":\"https:\/\/schema.org\",\"@graph\":[{\"@type\":\"Article\",\"@id\":\"https:\/\/ccviolenciaeigualdad.com\/webinar-voces-restaurativas-con-eva-ortiz-programa-cerclescat-voluntariado\/#article\",\"isPartOf\":{\"@id\":\"https:\/\/ccviolenciaeigualdad.com\/webinar-voces-restaurativas-con-eva-ortiz-programa-cerclescat-voluntariado\/\"},\"author\":{\"name\":\"ClaudiaCruzado\",\"@id\":\"https:\/\/ccviolenciaeigualdad.com\/#\/schema\/person\/2b905ae2f475f22f62b4cadef2183a5f\"},\"headline\":\"Webinar: Voces Restaurativas con Eva Ortiz &#8211; Programa CerclesCat Voluntariado\",\"datePublished\":\"2025-04-01T15:45:22+00:00\",\"dateModified\":\"2025-04-01T15:45:23+00:00\",\"mainEntityOfPage\":{\"@id\":\"https:\/\/ccviolenciaeigualdad.com\/webinar-voces-restaurativas-con-eva-ortiz-programa-cerclescat-voluntariado\/\"},\"wordCount\":151,\"publisher\":{\"@id\":\"https:\/\/ccviolenciaeigualdad.com\/#organization\"},\"image\":{\"@id\":\"https:\/\/ccviolenciaeigualdad.com\/webinar-voces-restaurativas-con-eva-ortiz-programa-cerclescat-voluntariado\/#primaryimage\"},\"thumbnailUrl\":\"https:\/\/ccviolenciaeigualdad.com\/wp-content\/uploads\/2025\/04\/Voces-restaurativas.png\",\"articleSection\":[\"Uncategorized\"],\"inLanguage\":\"fr-FR\"},{\"@type\":\"WebPage\",\"@id\":\"https:\/\/ccviolenciaeigualdad.com\/webinar-voces-restaurativas-con-eva-ortiz-programa-cerclescat-voluntariado\/\",\"url\":\"https:\/\/ccviolenciaeigualdad.com\/webinar-voces-restaurativas-con-eva-ortiz-programa-cerclescat-voluntariado\/\",\"name\":\"Webinar: Voces Restaurativas con Eva Ortiz - Programa CerclesCat Voluntariado - Claudia Cruzado\",\"isPartOf\":{\"@id\":\"https:\/\/ccviolenciaeigualdad.com\/#website\"},\"primaryImageOfPage\":{\"@id\":\"https:\/\/ccviolenciaeigualdad.com\/webinar-voces-restaurativas-con-eva-ortiz-programa-cerclescat-voluntariado\/#primaryimage\"},\"image\":{\"@id\":\"https:\/\/ccviolenciaeigualdad.com\/webinar-voces-restaurativas-con-eva-ortiz-programa-cerclescat-voluntariado\/#primaryimage\"},\"thumbnailUrl\":\"https:\/\/ccviolenciaeigualdad.com\/wp-content\/uploads\/2025\/04\/Voces-restaurativas.png\",\"datePublished\":\"2025-04-01T15:45:22+00:00\",\"dateModified\":\"2025-04-01T15:45:23+00:00\",\"breadcrumb\":{\"@id\":\"https:\/\/ccviolenciaeigualdad.com\/webinar-voces-restaurativas-con-eva-ortiz-programa-cerclescat-voluntariado\/#breadcrumb\"},\"inLanguage\":\"fr-FR\",\"potentialAction\":[{\"@type\":\"ReadAction\",\"target\":[\"https:\/\/ccviolenciaeigualdad.com\/webinar-voces-restaurativas-con-eva-ortiz-programa-cerclescat-voluntariado\/\"]}]},{\"@type\":\"ImageObject\",\"inLanguage\":\"fr-FR\",\"@id\":\"https:\/\/ccviolenciaeigualdad.com\/webinar-voces-restaurativas-con-eva-ortiz-programa-cerclescat-voluntariado\/#primaryimage\",\"url\":\"https:\/\/ccviolenciaeigualdad.com\/wp-content\/uploads\/2025\/04\/Voces-restaurativas.png\",\"contentUrl\":\"https:\/\/ccviolenciaeigualdad.com\/wp-content\/uploads\/2025\/04\/Voces-restaurativas.png\",\"width\":319,\"height\":171},{\"@type\":\"BreadcrumbList\",\"@id\":\"https:\/\/ccviolenciaeigualdad.com\/webinar-voces-restaurativas-con-eva-ortiz-programa-cerclescat-voluntariado\/#breadcrumb\",\"itemListElement\":[{\"@type\":\"ListItem\",\"position\":1,\"name\":\"Home\",\"item\":\"https:\/\/ccviolenciaeigualdad.com\/\"},{\"@type\":\"ListItem\",\"position\":2,\"name\":\"Webinar: Voces Restaurativas con Eva Ortiz &#8211; Programa CerclesCat Voluntariado\"}]},{\"@type\":\"WebSite\",\"@id\":\"https:\/\/ccviolenciaeigualdad.com\/#website\",\"url\":\"https:\/\/ccviolenciaeigualdad.com\/\",\"name\":\"Claudia Cruzado\",\"description\":\"Consultora especializada en igualdad, violencia de g\u00e9nero y acoso laboral\",\"publisher\":{\"@id\":\"https:\/\/ccviolenciaeigualdad.com\/#organization\"},\"potentialAction\":[{\"@type\":\"SearchAction\",\"target\":{\"@type\":\"EntryPoint\",\"urlTemplate\":\"https:\/\/ccviolenciaeigualdad.com\/?s={search_term_string}\"},\"query-input\":{\"@type\":\"PropertyValueSpecification\",\"valueRequired\":true,\"valueName\":\"search_term_string\"}}],\"inLanguage\":\"fr-FR\"},{\"@type\":\"Organization\",\"@id\":\"https:\/\/ccviolenciaeigualdad.com\/#organization\",\"name\":\"Claudia Cruzado\",\"url\":\"https:\/\/ccviolenciaeigualdad.com\/\",\"logo\":{\"@type\":\"ImageObject\",\"inLanguage\":\"fr-FR\",\"@id\":\"https:\/\/ccviolenciaeigualdad.com\/#\/schema\/logo\/image\/\",\"url\":\"https:\/\/ccviolenciaeigualdad.com\/wp-content\/uploads\/2025\/10\/cropped-logo-fondo-claudia-cruzado-1-1.png\",\"contentUrl\":\"https:\/\/ccviolenciaeigualdad.com\/wp-content\/uploads\/2025\/10\/cropped-logo-fondo-claudia-cruzado-1-1.png\",\"width\":1080,\"height\":373,\"caption\":\"Claudia Cruzado\"},\"image\":{\"@id\":\"https:\/\/ccviolenciaeigualdad.com\/#\/schema\/logo\/image\/\"}},{\"@type\":\"Person\",\"@id\":\"https:\/\/ccviolenciaeigualdad.com\/#\/schema\/person\/2b905ae2f475f22f62b4cadef2183a5f\",\"name\":\"ClaudiaCruzado\",\"url\":\"https:\/\/ccviolenciaeigualdad.com\/fr\/author\/claudiacruzado\/\"}]}<\/script>\n<!-- \/ Yoast SEO plugin. -->","yoast_head_json":{"title":"Webinar: Voces Restaurativas con Eva Ortiz - Programa CerclesCat Voluntariado - Claudia Cruzado","robots":{"index":"index","follow":"follow","max-snippet":"max-snippet:-1","max-image-preview":"max-image-preview:large","max-video-preview":"max-video-preview:-1"},"canonical":"https:\/\/ccviolenciaeigualdad.com\/fr\/webinar-voces-restaurativas-con-eva-ortiz-programa-cerclescat-voluntariado\/","og_locale":"fr_FR","og_type":"article","og_title":"Webinar: Voces Restaurativas con Eva Ortiz - Programa CerclesCat Voluntariado - Claudia Cruzado","og_description":"El webinar presentar\u00e1 el programa CerclesCat, impulsado por el Departamento de Justicia y gestionado por la Fundaci\u00f3n Salud y Comunidad. Este programa utiliza un modelo de intervenci\u00f3n en medio abierto basado en la justicia restaurativa, con el lema \u00abNo m\u00e1s v\u00edctimas\u00bb. Eva Ortiz, gestora de difusi\u00f3n y captaci\u00f3n de voluntariado de CerclesCat y coordinadora de [&hellip;]","og_url":"https:\/\/ccviolenciaeigualdad.com\/fr\/webinar-voces-restaurativas-con-eva-ortiz-programa-cerclescat-voluntariado\/","og_site_name":"Claudia Cruzado","article_published_time":"2025-04-01T15:45:22+00:00","article_modified_time":"2025-04-01T15:45:23+00:00","og_image":[{"width":319,"height":171,"url":"https:\/\/ccviolenciaeigualdad.com\/wp-content\/uploads\/2025\/04\/Voces-restaurativas.png","type":"image\/png"}],"author":"ClaudiaCruzado","twitter_card":"summary_large_image","twitter_misc":{"\u00c9crit par":"ClaudiaCruzado","Dur\u00e9e de lecture estim\u00e9e":"1 minute"},"schema":{"@context":"https:\/\/schema.org","@graph":[{"@type":"Article","@id":"https:\/\/ccviolenciaeigualdad.com\/webinar-voces-restaurativas-con-eva-ortiz-programa-cerclescat-voluntariado\/#article","isPartOf":{"@id":"https:\/\/ccviolenciaeigualdad.com\/webinar-voces-restaurativas-con-eva-ortiz-programa-cerclescat-voluntariado\/"},"author":{"name":"ClaudiaCruzado","@id":"https:\/\/ccviolenciaeigualdad.com\/#\/schema\/person\/2b905ae2f475f22f62b4cadef2183a5f"},"headline":"Webinar: Voces Restaurativas con Eva Ortiz &#8211; Programa CerclesCat Voluntariado","datePublished":"2025-04-01T15:45:22+00:00","dateModified":"2025-04-01T15:45:23+00:00","mainEntityOfPage":{"@id":"https:\/\/ccviolenciaeigualdad.com\/webinar-voces-restaurativas-con-eva-ortiz-programa-cerclescat-voluntariado\/"},"wordCount":151,"publisher":{"@id":"https:\/\/ccviolenciaeigualdad.com\/#organization"},"image":{"@id":"https:\/\/ccviolenciaeigualdad.com\/webinar-voces-restaurativas-con-eva-ortiz-programa-cerclescat-voluntariado\/#primaryimage"},"thumbnailUrl":"https:\/\/ccviolenciaeigualdad.com\/wp-content\/uploads\/2025\/04\/Voces-restaurativas.png","articleSection":["Uncategorized"],"inLanguage":"fr-FR"},{"@type":"WebPage","@id":"https:\/\/ccviolenciaeigualdad.com\/webinar-voces-restaurativas-con-eva-ortiz-programa-cerclescat-voluntariado\/","url":"https:\/\/ccviolenciaeigualdad.com\/webinar-voces-restaurativas-con-eva-ortiz-programa-cerclescat-voluntariado\/","name":"Webinar: Voces Restaurativas con Eva Ortiz - Programa CerclesCat Voluntariado - Claudia Cruzado","isPartOf":{"@id":"https:\/\/ccviolenciaeigualdad.com\/#website"},"primaryImageOfPage":{"@id":"https:\/\/ccviolenciaeigualdad.com\/webinar-voces-restaurativas-con-eva-ortiz-programa-cerclescat-voluntariado\/#primaryimage"},"image":{"@id":"https:\/\/ccviolenciaeigualdad.com\/webinar-voces-restaurativas-con-eva-ortiz-programa-cerclescat-voluntariado\/#primaryimage"},"thumbnailUrl":"https:\/\/ccviolenciaeigualdad.com\/wp-content\/uploads\/2025\/04\/Voces-restaurativas.png","datePublished":"2025-04-01T15:45:22+00:00","dateModified":"2025-04-01T15:45:23+00:00","breadcrumb":{"@id":"https:\/\/ccviolenciaeigualdad.com\/webinar-voces-restaurativas-con-eva-ortiz-programa-cerclescat-voluntariado\/#breadcrumb"},"inLanguage":"fr-FR","potentialAction":[{"@type":"ReadAction","target":["https:\/\/ccviolenciaeigualdad.com\/webinar-voces-restaurativas-con-eva-ortiz-programa-cerclescat-voluntariado\/"]}]},{"@type":"ImageObject","inLanguage":"fr-FR","@id":"https:\/\/ccviolenciaeigualdad.com\/webinar-voces-restaurativas-con-eva-ortiz-programa-cerclescat-voluntariado\/#primaryimage","url":"https:\/\/ccviolenciaeigualdad.com\/wp-content\/uploads\/2025\/04\/Voces-restaurativas.png","contentUrl":"https:\/\/ccviolenciaeigualdad.com\/wp-content\/uploads\/2025\/04\/Voces-restaurativas.png","width":319,"height":171},{"@type":"BreadcrumbList","@id":"https:\/\/ccviolenciaeigualdad.com\/webinar-voces-restaurativas-con-eva-ortiz-programa-cerclescat-voluntariado\/#breadcrumb","itemListElement":[{"@type":"ListItem","position":1,"name":"Home","item":"https:\/\/ccviolenciaeigualdad.com\/"},{"@type":"ListItem","position":2,"name":"Webinar: Voces Restaurativas con Eva Ortiz &#8211; Programa CerclesCat Voluntariado"}]},{"@type":"WebSite","@id":"https:\/\/ccviolenciaeigualdad.com\/#website","url":"https:\/\/ccviolenciaeigualdad.com\/","name":"Claudia Cruzado","description":"Consultante sp\u00e9cialis\u00e9e en \u00e9galit\u00e9, violence sexiste et harc\u00e8lement au travail","publisher":{"@id":"https:\/\/ccviolenciaeigualdad.com\/#organization"},"potentialAction":[{"@type":"SearchAction","target":{"@type":"EntryPoint","urlTemplate":"https:\/\/ccviolenciaeigualdad.com\/?s={search_term_string}"},"query-input":{"@type":"PropertyValueSpecification","valueRequired":true,"valueName":"search_term_string"}}],"inLanguage":"fr-FR"},{"@type":"Organization","@id":"https:\/\/ccviolenciaeigualdad.com\/#organization","name":"Claudia Cruzado","url":"https:\/\/ccviolenciaeigualdad.com\/","logo":{"@type":"ImageObject","inLanguage":"fr-FR","@id":"https:\/\/ccviolenciaeigualdad.com\/#\/schema\/logo\/image\/","url":"https:\/\/ccviolenciaeigualdad.com\/wp-content\/uploads\/2025\/10\/cropped-logo-fondo-claudia-cruzado-1-1.png","contentUrl":"https:\/\/ccviolenciaeigualdad.com\/wp-content\/uploads\/2025\/10\/cropped-logo-fondo-claudia-cruzado-1-1.png","width":1080,"height":373,"caption":"Claudia Cruzado"},"image":{"@id":"https:\/\/ccviolenciaeigualdad.com\/#\/schema\/logo\/image\/"}},{"@type":"Person","@id":"https:\/\/ccviolenciaeigualdad.com\/#\/schema\/person\/2b905ae2f475f22f62b4cadef2183a5f","name":"Claudia Cruzado","url":"https:\/\/ccviolenciaeigualdad.com\/fr\/author\/claudiacruzado\/"}]}},"_links":{"self":[{"href":"https:\/\/ccviolenciaeigualdad.com\/fr\/wp-json\/wp\/v2\/posts\/502","targetHints":{"allow":["GET"]}}],"collection":[{"href":"https:\/\/ccviolenciaeigualdad.com\/fr\/wp-json\/wp\/v2\/posts"}],"about":[{"href":"https:\/\/ccviolenciaeigualdad.com\/fr\/wp-json\/wp\/v2\/types\/post"}],"author":[{"embeddable":true,"href":"https:\/\/ccviolenciaeigualdad.com\/fr\/wp-json\/wp\/v2\/users\/4"}],"replies":[{"embeddable":true,"href":"https:\/\/ccviolenciaeigualdad.com\/fr\/wp-json\/wp\/v2\/comments?post=502"}],"version-history":[{"count":1,"href":"https:\/\/ccviolenciaeigualdad.com\/fr\/wp-json\/wp\/v2\/posts\/502\/revisions"}],"predecessor-version":[{"id":505,"href":"https:\/\/ccviolenciaeigualdad.com\/fr\/wp-json\/wp\/v2\/posts\/502\/revisions\/505"}],"wp:featuredmedia":[{"embeddable":true,"href":"https:\/\/ccviolenciaeigualdad.com\/fr\/wp-json\/wp\/v2\/media\/504"}],"wp:attachment":[{"href":"https:\/\/ccviolenciaeigualdad.com\/fr\/wp-json\/wp\/v2\/media?parent=502"}],"wp:term":[{"taxonomy":"category","embeddable":true,"href":"https:\/\/ccviolenciaeigualdad.com\/fr\/wp-json\/wp\/v2\/categories?post=502"},{"taxonomy":"post_tag","embeddable":true,"href":"https:\/\/ccviolenciaeigualdad.com\/fr\/wp-json\/wp\/v2\/tags?post=502"}],"curies":[{"name":"wp","href":"https:\/\/api.w.org\/{rel}","templated":true}]}}