{"id":485,"date":"2025-03-03T08:21:34","date_gmt":"2025-03-03T07:21:34","guid":{"rendered":"https:\/\/ccviolenciaeigualdad.com\/?p=485"},"modified":"2025-03-03T08:24:44","modified_gmt":"2025-03-03T07:24:44","slug":"dia-internacional-de-la-donna-8-marc","status":"publish","type":"post","link":"https:\/\/ccviolenciaeigualdad.com\/fr\/dia-internacional-de-la-donna-8-marc\/","title":{"rendered":"Journ\u00e9e internationale des femmes, le 8 mars :"},"content":{"rendered":"<p>S&#039;apropa el <strong>8 mars<\/strong>, il <strong>Journ\u00e9e internationale du beignet<\/strong>, la journ\u00e9e d\u00e9di\u00e9e \u00e0 la d\u00e9fense des droits des dons arreu del m\u00f3n, et cette activit\u00e9 est propos\u00e9e par le Conseil municipal de Barcelone :<\/p>\n\n\n\n<p><strong>Atelier \u2018\u00a0Autonomisation des femmes\u00a0: Cr\u00e9ation d\u2019une carte thermique avec le fa\u00e7onneur laser\u00a0\u2019<\/strong><\/p>\n\n\n\n<p>Cet atelier s\u2019inscrit dans le cadre du projet de recherche \u201c Entre les corps \u201d de La Cristaler\u00eda Estudio, qui explore l\u2019interaction entre le monde humain et la technologie \u00e0 travers les textiles.<\/p>\n\n\n\n<p>Apr\u00e8s une visite guid\u00e9e de la Fabricaci\u00f3 Ateneu, La Cristaler\u00eda Estudio pr\u00e9sentera ses recherches. S&#039;ensuivra une analyse des donn\u00e9es relatives \u00e0 la pr\u00e9sence f\u00e9minine dans les sciences et les technologies, finalement traduite en motifs et en impressions laser sur textiles.&nbsp;&nbsp;<\/p>\n\n\n\n<p>Plus d&#039;informations et inscription\u00a0: https:\/\/ajuntament.barcelona.cat\/dones\/es\/agenda-dia-mujeres\/taller-empoderament-femeni-creacio-d-un-mapa-de-calor-amb-la-talladora-laser_99400707304<\/p>\n\n\n\n<p><\/p>","protected":false},"excerpt":{"rendered":"<p>Le 8 mars, Journ\u00e9e internationale du donut, d\u00e9di\u00e9e \u00e0 la valorisation des dons du monde, tombe \u00e0 point nomm\u00e9. La mairie de Barcelone propose l&#039;activit\u00e9 suivante\u00a0: Atelier \u2018\u00a0\u00c9mancipation des femmes\u00a0: Cr\u00e9ation d&#039;une carte thermique au laser\u00a0\u2019. Cet atelier s&#039;inscrit dans le cadre du projet \u201c\u00a0Entre les corps\u00a0\u201d de [\u2026]<\/p>","protected":false},"author":4,"featured_media":488,"comment_status":"closed","ping_status":"closed","sticky":false,"template":"","format":"standard","meta":{"footnotes":""},"categories":[1],"tags":[],"class_list":["post-485","post","type-post","status-publish","format-standard","has-post-thumbnail","hentry","category-uncategorized"],"yoast_head":"<!-- This site is optimized with the Yoast SEO plugin v26.3 - https:\/\/yoast.com\/wordpress\/plugins\/seo\/ -->\n<title>Dia Internacional de la Donna 8 Mar\u00e7: - Claudia Cruzado<\/title>\n<meta name=\"robots\" content=\"index, follow, max-snippet:-1, max-image-preview:large, max-video-preview:-1\" \/>\n<link rel=\"canonical\" href=\"https:\/\/ccviolenciaeigualdad.com\/fr\/dia-internacional-de-la-donna-8-marc\/\" \/>\n<meta property=\"og:locale\" content=\"fr_FR\" \/>\n<meta property=\"og:type\" content=\"article\" \/>\n<meta property=\"og:title\" content=\"Dia Internacional de la Donna 8 Mar\u00e7: - Claudia Cruzado\" \/>\n<meta property=\"og:description\" content=\"S\u2019apropa el 8 de mar\u00e7, el Dia Internacional de la Dona, la diada dedicada a la reivindicaci\u00f3 dels drets de les dones arreu del m\u00f3n, i es proposa aquesta activitat desde l&#8217;Ajuntament de Barcelona: Taller &#8216;Empoderament femen\u00ed: Creaci\u00f3 d&#8217;un mapa de calor amb la talladora l\u00e0ser&#8217; Aquest taller parteix de la investigaci\u00f3 \u201cEntre Cuerpos\u201d de [&hellip;]\" \/>\n<meta property=\"og:url\" content=\"https:\/\/ccviolenciaeigualdad.com\/fr\/dia-internacional-de-la-donna-8-marc\/\" \/>\n<meta property=\"og:site_name\" content=\"Claudia Cruzado\" \/>\n<meta property=\"article:published_time\" content=\"2025-03-03T07:21:34+00:00\" \/>\n<meta property=\"article:modified_time\" content=\"2025-03-03T07:24:44+00:00\" \/>\n<meta property=\"og:image\" content=\"https:\/\/ccviolenciaeigualdad.com\/wp-content\/uploads\/2025\/03\/Dia-internacional-de-la-Donna-1.png\" \/>\n\t<meta property=\"og:image:width\" content=\"523\" \/>\n\t<meta property=\"og:image:height\" content=\"279\" \/>\n\t<meta property=\"og:image:type\" content=\"image\/png\" \/>\n<meta name=\"author\" content=\"ClaudiaCruzado\" \/>\n<meta name=\"twitter:card\" content=\"summary_large_image\" \/>\n<meta name=\"twitter:label1\" content=\"\u00c9crit par\" \/>\n\t<meta name=\"twitter:data1\" content=\"ClaudiaCruzado\" \/>\n\t<meta name=\"twitter:label2\" content=\"Dur\u00e9e de lecture estim\u00e9e\" \/>\n\t<meta name=\"twitter:data2\" content=\"1 minute\" \/>\n<script type=\"application\/ld+json\" class=\"yoast-schema-graph\">{\"@context\":\"https:\/\/schema.org\",\"@graph\":[{\"@type\":\"Article\",\"@id\":\"https:\/\/ccviolenciaeigualdad.com\/dia-internacional-de-la-donna-8-marc\/#article\",\"isPartOf\":{\"@id\":\"https:\/\/ccviolenciaeigualdad.com\/dia-internacional-de-la-donna-8-marc\/\"},\"author\":{\"name\":\"ClaudiaCruzado\",\"@id\":\"https:\/\/ccviolenciaeigualdad.com\/#\/schema\/person\/2b905ae2f475f22f62b4cadef2183a5f\"},\"headline\":\"Dia Internacional de la Donna 8 Mar\u00e7:\",\"datePublished\":\"2025-03-03T07:21:34+00:00\",\"dateModified\":\"2025-03-03T07:24:44+00:00\",\"mainEntityOfPage\":{\"@id\":\"https:\/\/ccviolenciaeigualdad.com\/dia-internacional-de-la-donna-8-marc\/\"},\"wordCount\":155,\"publisher\":{\"@id\":\"https:\/\/ccviolenciaeigualdad.com\/#organization\"},\"image\":{\"@id\":\"https:\/\/ccviolenciaeigualdad.com\/dia-internacional-de-la-donna-8-marc\/#primaryimage\"},\"thumbnailUrl\":\"https:\/\/ccviolenciaeigualdad.com\/wp-content\/uploads\/2025\/03\/Dia-internacional-de-la-Donna-1.png\",\"articleSection\":[\"Uncategorized\"],\"inLanguage\":\"fr-FR\"},{\"@type\":\"WebPage\",\"@id\":\"https:\/\/ccviolenciaeigualdad.com\/dia-internacional-de-la-donna-8-marc\/\",\"url\":\"https:\/\/ccviolenciaeigualdad.com\/dia-internacional-de-la-donna-8-marc\/\",\"name\":\"Dia Internacional de la Donna 8 Mar\u00e7: - Claudia Cruzado\",\"isPartOf\":{\"@id\":\"https:\/\/ccviolenciaeigualdad.com\/#website\"},\"primaryImageOfPage\":{\"@id\":\"https:\/\/ccviolenciaeigualdad.com\/dia-internacional-de-la-donna-8-marc\/#primaryimage\"},\"image\":{\"@id\":\"https:\/\/ccviolenciaeigualdad.com\/dia-internacional-de-la-donna-8-marc\/#primaryimage\"},\"thumbnailUrl\":\"https:\/\/ccviolenciaeigualdad.com\/wp-content\/uploads\/2025\/03\/Dia-internacional-de-la-Donna-1.png\",\"datePublished\":\"2025-03-03T07:21:34+00:00\",\"dateModified\":\"2025-03-03T07:24:44+00:00\",\"breadcrumb\":{\"@id\":\"https:\/\/ccviolenciaeigualdad.com\/dia-internacional-de-la-donna-8-marc\/#breadcrumb\"},\"inLanguage\":\"fr-FR\",\"potentialAction\":[{\"@type\":\"ReadAction\",\"target\":[\"https:\/\/ccviolenciaeigualdad.com\/dia-internacional-de-la-donna-8-marc\/\"]}]},{\"@type\":\"ImageObject\",\"inLanguage\":\"fr-FR\",\"@id\":\"https:\/\/ccviolenciaeigualdad.com\/dia-internacional-de-la-donna-8-marc\/#primaryimage\",\"url\":\"https:\/\/ccviolenciaeigualdad.com\/wp-content\/uploads\/2025\/03\/Dia-internacional-de-la-Donna-1.png\",\"contentUrl\":\"https:\/\/ccviolenciaeigualdad.com\/wp-content\/uploads\/2025\/03\/Dia-internacional-de-la-Donna-1.png\",\"width\":523,\"height\":279},{\"@type\":\"BreadcrumbList\",\"@id\":\"https:\/\/ccviolenciaeigualdad.com\/dia-internacional-de-la-donna-8-marc\/#breadcrumb\",\"itemListElement\":[{\"@type\":\"ListItem\",\"position\":1,\"name\":\"Home\",\"item\":\"https:\/\/ccviolenciaeigualdad.com\/\"},{\"@type\":\"ListItem\",\"position\":2,\"name\":\"Dia Internacional de la Donna 8 Mar\u00e7:\"}]},{\"@type\":\"WebSite\",\"@id\":\"https:\/\/ccviolenciaeigualdad.com\/#website\",\"url\":\"https:\/\/ccviolenciaeigualdad.com\/\",\"name\":\"Claudia Cruzado\",\"description\":\"Consultora especializada en igualdad, violencia de g\u00e9nero y acoso laboral\",\"publisher\":{\"@id\":\"https:\/\/ccviolenciaeigualdad.com\/#organization\"},\"potentialAction\":[{\"@type\":\"SearchAction\",\"target\":{\"@type\":\"EntryPoint\",\"urlTemplate\":\"https:\/\/ccviolenciaeigualdad.com\/?s={search_term_string}\"},\"query-input\":{\"@type\":\"PropertyValueSpecification\",\"valueRequired\":true,\"valueName\":\"search_term_string\"}}],\"inLanguage\":\"fr-FR\"},{\"@type\":\"Organization\",\"@id\":\"https:\/\/ccviolenciaeigualdad.com\/#organization\",\"name\":\"Claudia Cruzado\",\"url\":\"https:\/\/ccviolenciaeigualdad.com\/\",\"logo\":{\"@type\":\"ImageObject\",\"inLanguage\":\"fr-FR\",\"@id\":\"https:\/\/ccviolenciaeigualdad.com\/#\/schema\/logo\/image\/\",\"url\":\"https:\/\/ccviolenciaeigualdad.com\/wp-content\/uploads\/2025\/10\/cropped-logo-fondo-claudia-cruzado-1-1.png\",\"contentUrl\":\"https:\/\/ccviolenciaeigualdad.com\/wp-content\/uploads\/2025\/10\/cropped-logo-fondo-claudia-cruzado-1-1.png\",\"width\":1080,\"height\":373,\"caption\":\"Claudia Cruzado\"},\"image\":{\"@id\":\"https:\/\/ccviolenciaeigualdad.com\/#\/schema\/logo\/image\/\"}},{\"@type\":\"Person\",\"@id\":\"https:\/\/ccviolenciaeigualdad.com\/#\/schema\/person\/2b905ae2f475f22f62b4cadef2183a5f\",\"name\":\"ClaudiaCruzado\",\"url\":\"https:\/\/ccviolenciaeigualdad.com\/fr\/author\/claudiacruzado\/\"}]}<\/script>\n<!-- \/ Yoast SEO plugin. -->","yoast_head_json":{"title":"Dia Internacional de la Donna 8 Mar\u00e7: - Claudia Cruzado","robots":{"index":"index","follow":"follow","max-snippet":"max-snippet:-1","max-image-preview":"max-image-preview:large","max-video-preview":"max-video-preview:-1"},"canonical":"https:\/\/ccviolenciaeigualdad.com\/fr\/dia-internacional-de-la-donna-8-marc\/","og_locale":"fr_FR","og_type":"article","og_title":"Dia Internacional de la Donna 8 Mar\u00e7: - Claudia Cruzado","og_description":"S\u2019apropa el 8 de mar\u00e7, el Dia Internacional de la Dona, la diada dedicada a la reivindicaci\u00f3 dels drets de les dones arreu del m\u00f3n, i es proposa aquesta activitat desde l&#8217;Ajuntament de Barcelona: Taller &#8216;Empoderament femen\u00ed: Creaci\u00f3 d&#8217;un mapa de calor amb la talladora l\u00e0ser&#8217; Aquest taller parteix de la investigaci\u00f3 \u201cEntre Cuerpos\u201d de [&hellip;]","og_url":"https:\/\/ccviolenciaeigualdad.com\/fr\/dia-internacional-de-la-donna-8-marc\/","og_site_name":"Claudia Cruzado","article_published_time":"2025-03-03T07:21:34+00:00","article_modified_time":"2025-03-03T07:24:44+00:00","og_image":[{"width":523,"height":279,"url":"https:\/\/ccviolenciaeigualdad.com\/wp-content\/uploads\/2025\/03\/Dia-internacional-de-la-Donna-1.png","type":"image\/png"}],"author":"ClaudiaCruzado","twitter_card":"summary_large_image","twitter_misc":{"\u00c9crit par":"ClaudiaCruzado","Dur\u00e9e de lecture estim\u00e9e":"1 minute"},"schema":{"@context":"https:\/\/schema.org","@graph":[{"@type":"Article","@id":"https:\/\/ccviolenciaeigualdad.com\/dia-internacional-de-la-donna-8-marc\/#article","isPartOf":{"@id":"https:\/\/ccviolenciaeigualdad.com\/dia-internacional-de-la-donna-8-marc\/"},"author":{"name":"ClaudiaCruzado","@id":"https:\/\/ccviolenciaeigualdad.com\/#\/schema\/person\/2b905ae2f475f22f62b4cadef2183a5f"},"headline":"Dia Internacional de la Donna 8 Mar\u00e7:","datePublished":"2025-03-03T07:21:34+00:00","dateModified":"2025-03-03T07:24:44+00:00","mainEntityOfPage":{"@id":"https:\/\/ccviolenciaeigualdad.com\/dia-internacional-de-la-donna-8-marc\/"},"wordCount":155,"publisher":{"@id":"https:\/\/ccviolenciaeigualdad.com\/#organization"},"image":{"@id":"https:\/\/ccviolenciaeigualdad.com\/dia-internacional-de-la-donna-8-marc\/#primaryimage"},"thumbnailUrl":"https:\/\/ccviolenciaeigualdad.com\/wp-content\/uploads\/2025\/03\/Dia-internacional-de-la-Donna-1.png","articleSection":["Uncategorized"],"inLanguage":"fr-FR"},{"@type":"WebPage","@id":"https:\/\/ccviolenciaeigualdad.com\/dia-internacional-de-la-donna-8-marc\/","url":"https:\/\/ccviolenciaeigualdad.com\/dia-internacional-de-la-donna-8-marc\/","name":"Dia Internacional de la Donna 8 Mar\u00e7: - Claudia Cruzado","isPartOf":{"@id":"https:\/\/ccviolenciaeigualdad.com\/#website"},"primaryImageOfPage":{"@id":"https:\/\/ccviolenciaeigualdad.com\/dia-internacional-de-la-donna-8-marc\/#primaryimage"},"image":{"@id":"https:\/\/ccviolenciaeigualdad.com\/dia-internacional-de-la-donna-8-marc\/#primaryimage"},"thumbnailUrl":"https:\/\/ccviolenciaeigualdad.com\/wp-content\/uploads\/2025\/03\/Dia-internacional-de-la-Donna-1.png","datePublished":"2025-03-03T07:21:34+00:00","dateModified":"2025-03-03T07:24:44+00:00","breadcrumb":{"@id":"https:\/\/ccviolenciaeigualdad.com\/dia-internacional-de-la-donna-8-marc\/#breadcrumb"},"inLanguage":"fr-FR","potentialAction":[{"@type":"ReadAction","target":["https:\/\/ccviolenciaeigualdad.com\/dia-internacional-de-la-donna-8-marc\/"]}]},{"@type":"ImageObject","inLanguage":"fr-FR","@id":"https:\/\/ccviolenciaeigualdad.com\/dia-internacional-de-la-donna-8-marc\/#primaryimage","url":"https:\/\/ccviolenciaeigualdad.com\/wp-content\/uploads\/2025\/03\/Dia-internacional-de-la-Donna-1.png","contentUrl":"https:\/\/ccviolenciaeigualdad.com\/wp-content\/uploads\/2025\/03\/Dia-internacional-de-la-Donna-1.png","width":523,"height":279},{"@type":"BreadcrumbList","@id":"https:\/\/ccviolenciaeigualdad.com\/dia-internacional-de-la-donna-8-marc\/#breadcrumb","itemListElement":[{"@type":"ListItem","position":1,"name":"Home","item":"https:\/\/ccviolenciaeigualdad.com\/"},{"@type":"ListItem","position":2,"name":"Dia Internacional de la Donna 8 Mar\u00e7:"}]},{"@type":"WebSite","@id":"https:\/\/ccviolenciaeigualdad.com\/#website","url":"https:\/\/ccviolenciaeigualdad.com\/","name":"Claudia Cruzado","description":"Consultante sp\u00e9cialis\u00e9e en \u00e9galit\u00e9, violence sexiste et harc\u00e8lement au travail","publisher":{"@id":"https:\/\/ccviolenciaeigualdad.com\/#organization"},"potentialAction":[{"@type":"SearchAction","target":{"@type":"EntryPoint","urlTemplate":"https:\/\/ccviolenciaeigualdad.com\/?s={search_term_string}"},"query-input":{"@type":"PropertyValueSpecification","valueRequired":true,"valueName":"search_term_string"}}],"inLanguage":"fr-FR"},{"@type":"Organization","@id":"https:\/\/ccviolenciaeigualdad.com\/#organization","name":"Claudia Cruzado","url":"https:\/\/ccviolenciaeigualdad.com\/","logo":{"@type":"ImageObject","inLanguage":"fr-FR","@id":"https:\/\/ccviolenciaeigualdad.com\/#\/schema\/logo\/image\/","url":"https:\/\/ccviolenciaeigualdad.com\/wp-content\/uploads\/2025\/10\/cropped-logo-fondo-claudia-cruzado-1-1.png","contentUrl":"https:\/\/ccviolenciaeigualdad.com\/wp-content\/uploads\/2025\/10\/cropped-logo-fondo-claudia-cruzado-1-1.png","width":1080,"height":373,"caption":"Claudia Cruzado"},"image":{"@id":"https:\/\/ccviolenciaeigualdad.com\/#\/schema\/logo\/image\/"}},{"@type":"Person","@id":"https:\/\/ccviolenciaeigualdad.com\/#\/schema\/person\/2b905ae2f475f22f62b4cadef2183a5f","name":"Claudia Cruzado","url":"https:\/\/ccviolenciaeigualdad.com\/fr\/author\/claudiacruzado\/"}]}},"_links":{"self":[{"href":"https:\/\/ccviolenciaeigualdad.com\/fr\/wp-json\/wp\/v2\/posts\/485","targetHints":{"allow":["GET"]}}],"collection":[{"href":"https:\/\/ccviolenciaeigualdad.com\/fr\/wp-json\/wp\/v2\/posts"}],"about":[{"href":"https:\/\/ccviolenciaeigualdad.com\/fr\/wp-json\/wp\/v2\/types\/post"}],"author":[{"embeddable":true,"href":"https:\/\/ccviolenciaeigualdad.com\/fr\/wp-json\/wp\/v2\/users\/4"}],"replies":[{"embeddable":true,"href":"https:\/\/ccviolenciaeigualdad.com\/fr\/wp-json\/wp\/v2\/comments?post=485"}],"version-history":[{"count":2,"href":"https:\/\/ccviolenciaeigualdad.com\/fr\/wp-json\/wp\/v2\/posts\/485\/revisions"}],"predecessor-version":[{"id":490,"href":"https:\/\/ccviolenciaeigualdad.com\/fr\/wp-json\/wp\/v2\/posts\/485\/revisions\/490"}],"wp:featuredmedia":[{"embeddable":true,"href":"https:\/\/ccviolenciaeigualdad.com\/fr\/wp-json\/wp\/v2\/media\/488"}],"wp:attachment":[{"href":"https:\/\/ccviolenciaeigualdad.com\/fr\/wp-json\/wp\/v2\/media?parent=485"}],"wp:term":[{"taxonomy":"category","embeddable":true,"href":"https:\/\/ccviolenciaeigualdad.com\/fr\/wp-json\/wp\/v2\/categories?post=485"},{"taxonomy":"post_tag","embeddable":true,"href":"https:\/\/ccviolenciaeigualdad.com\/fr\/wp-json\/wp\/v2\/tags?post=485"}],"curies":[{"name":"wp","href":"https:\/\/api.w.org\/{rel}","templated":true}]}}