{"id":473,"date":"2025-01-20T16:58:10","date_gmt":"2025-01-20T16:58:10","guid":{"rendered":"https:\/\/ccviolenciaeigualdad.com\/?p=473"},"modified":"2025-01-20T16:58:11","modified_gmt":"2025-01-20T16:58:11","slug":"presentacion-y-coloquio-del-libro-en-la-tela-de-la-arana-en-ca-la-dona","status":"publish","type":"post","link":"https:\/\/ccviolenciaeigualdad.com\/fr\/presentacion-y-coloquio-del-libro-en-la-tela-de-la-arana-en-ca-la-dona\/","title":{"rendered":"Pr\u00e9sentation et discussion du livre \u00bb Dans la toile d&#039;araign\u00e9e \u00bb \u00e0 Ca la Dona"},"content":{"rendered":"<p>Ce livre nous d\u00e9voile ce que vivent certaines m\u00e8res lorsque leurs enfants sont victimes de maltraitance. Il raconte l&#039;histoire et le pr\u00e9sent d&#039;un combat qui commence le jour o\u00f9 votre vie bascule. La vie de vos enfants \u00e9tait d\u00e9j\u00e0 bris\u00e9e, mais la v\u00f4tre s&#039;effondre \u00e0 l&#039;instant m\u00eame o\u00f9 vous en prenez conscience. Le jour o\u00f9 vos filles (vos fils, vos enfants) vous r\u00e9v\u00e8lent que leur p\u00e8re les touche de mani\u00e8re inappropri\u00e9e, ou le jour o\u00f9 les m\u00e9decins expliquent la cause de cette vaginite persistante\u00a0: les signes que vous n&#039;aviez pas su interpr\u00e9ter prennent tout leur sens, et il n&#039;y a plus de retour en arri\u00e8re.<\/p>\n\n\n\n<p>Nos m\u00e8res se sont tues, les m\u00e8res de nos m\u00e8res se sont tues aussi. Nous, non.<\/p>\n\n\n\n<p>Lien: <\/p>\n\n\n\n<figure class=\"wp-block-embed is-type-wp-embed is-provider-ca-la-dona-un-espai-d-039-acci-feminista-per-a-dones-lesbianes-i-trans wp-block-embed-ca-la-dona-un-espai-d-039-acci-feminista-per-a-dones-lesbianes-i-trans\"><div class=\"wp-block-embed__wrapper\">\n<blockquote class=\"wp-embedded-content\" data-secret=\"i45rpfol6c\"><a href=\"https:\/\/caladona.org\/agenda-caladona\/en-la-tela-de-arana\/\">Dans la toile d&#039;araign\u00e9e : Pr\u00e9sentation et col\u00b7loqui<\/a><\/blockquote><iframe class=\"wp-embedded-content\" sandbox=\"allow-scripts\" security=\"restricted\" style=\"position: absolute; visibility: hidden;\" title=\"\u201c Dans la toile d&#039;araign\u00e9e : Presentaci\u00f3 i col\u00b7loqui \u201d \u2014 Ca la Dona, un espace d&#039;action f\u00e9ministe pour les femmes, les lesbiennes et les trans\" src=\"https:\/\/caladona.org\/agenda-caladona\/en-la-tela-de-arana\/embed\/#?secret=Az0zsFK1tR#?secret=i45rpfol6c\" data-secret=\"i45rpfol6c\" width=\"600\" height=\"338\" frameborder=\"0\" marginwidth=\"0\" marginheight=\"0\" scrolling=\"no\"><\/iframe>\n<\/div><\/figure>","protected":false},"excerpt":{"rendered":"<p>Ce livre nous montre ce que vivent certaines m\u00e8res lorsque leurs enfants sont victimes de violence. Il raconte l&#039;histoire et le pr\u00e9sent d&#039;un combat qui commence le jour o\u00f9 votre vie bascule. La vie de vos enfants \u00e9tait d\u00e9j\u00e0 bris\u00e9e, mais la v\u00f4tre s&#039;effondre \u00e0 l&#039;instant m\u00eame o\u00f9\u2026<\/p>","protected":false},"author":4,"featured_media":474,"comment_status":"closed","ping_status":"closed","sticky":false,"template":"","format":"standard","meta":{"footnotes":""},"categories":[1],"tags":[],"class_list":["post-473","post","type-post","status-publish","format-standard","has-post-thumbnail","hentry","category-uncategorized"],"yoast_head":"<!-- This site is optimized with the Yoast SEO plugin v26.3 - https:\/\/yoast.com\/wordpress\/plugins\/seo\/ -->\n<title>Presentaci\u00f3n y coloquio del libro &quot; En la tela de la ara\u00f1a&quot; en Ca la Dona - Claudia Cruzado<\/title>\n<meta name=\"robots\" content=\"index, follow, max-snippet:-1, max-image-preview:large, max-video-preview:-1\" \/>\n<link rel=\"canonical\" href=\"https:\/\/ccviolenciaeigualdad.com\/fr\/presentacion-y-coloquio-del-libro-en-la-tela-de-la-arana-en-ca-la-dona\/\" \/>\n<meta property=\"og:locale\" content=\"fr_FR\" \/>\n<meta property=\"og:type\" content=\"article\" \/>\n<meta property=\"og:title\" content=\"Presentaci\u00f3n y coloquio del libro &quot; En la tela de la ara\u00f1a&quot; en Ca la Dona - Claudia Cruzado\" \/>\n<meta property=\"og:description\" content=\"Es un libro que nos ense\u00f1a lo que algunas madres viven con la violencia a sus hijos\/as. Narra la historia y el presente de una lucha que comienza el d\u00eda en que tu vida estalla en mil pedazos. La de tus criaturas ya lo hab\u00eda hecho antes, pero la tuya implosiona en el momento en [&hellip;]\" \/>\n<meta property=\"og:url\" content=\"https:\/\/ccviolenciaeigualdad.com\/fr\/presentacion-y-coloquio-del-libro-en-la-tela-de-la-arana-en-ca-la-dona\/\" \/>\n<meta property=\"og:site_name\" content=\"Claudia Cruzado\" \/>\n<meta property=\"article:published_time\" content=\"2025-01-20T16:58:10+00:00\" \/>\n<meta property=\"article:modified_time\" content=\"2025-01-20T16:58:11+00:00\" \/>\n<meta property=\"og:image\" content=\"https:\/\/ccviolenciaeigualdad.com\/wp-content\/uploads\/2025\/01\/Screenshot-2025-01-20-175205.jpg\" \/>\n\t<meta property=\"og:image:width\" content=\"651\" \/>\n\t<meta property=\"og:image:height\" content=\"653\" \/>\n\t<meta property=\"og:image:type\" content=\"image\/jpeg\" \/>\n<meta name=\"author\" content=\"ClaudiaCruzado\" \/>\n<meta name=\"twitter:card\" content=\"summary_large_image\" \/>\n<meta name=\"twitter:label1\" content=\"\u00c9crit par\" \/>\n\t<meta name=\"twitter:data1\" content=\"ClaudiaCruzado\" \/>\n\t<meta name=\"twitter:label2\" content=\"Dur\u00e9e de lecture estim\u00e9e\" \/>\n\t<meta name=\"twitter:data2\" content=\"1 minute\" \/>\n<script type=\"application\/ld+json\" class=\"yoast-schema-graph\">{\"@context\":\"https:\/\/schema.org\",\"@graph\":[{\"@type\":\"Article\",\"@id\":\"https:\/\/ccviolenciaeigualdad.com\/presentacion-y-coloquio-del-libro-en-la-tela-de-la-arana-en-ca-la-dona\/#article\",\"isPartOf\":{\"@id\":\"https:\/\/ccviolenciaeigualdad.com\/presentacion-y-coloquio-del-libro-en-la-tela-de-la-arana-en-ca-la-dona\/\"},\"author\":{\"name\":\"ClaudiaCruzado\",\"@id\":\"https:\/\/ccviolenciaeigualdad.com\/#\/schema\/person\/2b905ae2f475f22f62b4cadef2183a5f\"},\"headline\":\"Presentaci\u00f3n y coloquio del libro \u00bb En la tela de la ara\u00f1a\u00bb en Ca la Dona\",\"datePublished\":\"2025-01-20T16:58:10+00:00\",\"dateModified\":\"2025-01-20T16:58:11+00:00\",\"mainEntityOfPage\":{\"@id\":\"https:\/\/ccviolenciaeigualdad.com\/presentacion-y-coloquio-del-libro-en-la-tela-de-la-arana-en-ca-la-dona\/\"},\"wordCount\":148,\"publisher\":{\"@id\":\"https:\/\/ccviolenciaeigualdad.com\/#organization\"},\"image\":{\"@id\":\"https:\/\/ccviolenciaeigualdad.com\/presentacion-y-coloquio-del-libro-en-la-tela-de-la-arana-en-ca-la-dona\/#primaryimage\"},\"thumbnailUrl\":\"https:\/\/ccviolenciaeigualdad.com\/wp-content\/uploads\/2025\/01\/Screenshot-2025-01-20-175205.jpg\",\"articleSection\":[\"Uncategorized\"],\"inLanguage\":\"fr-FR\"},{\"@type\":\"WebPage\",\"@id\":\"https:\/\/ccviolenciaeigualdad.com\/presentacion-y-coloquio-del-libro-en-la-tela-de-la-arana-en-ca-la-dona\/\",\"url\":\"https:\/\/ccviolenciaeigualdad.com\/presentacion-y-coloquio-del-libro-en-la-tela-de-la-arana-en-ca-la-dona\/\",\"name\":\"Presentaci\u00f3n y coloquio del libro \\\" En la tela de la ara\u00f1a\\\" en Ca la Dona - Claudia Cruzado\",\"isPartOf\":{\"@id\":\"https:\/\/ccviolenciaeigualdad.com\/#website\"},\"primaryImageOfPage\":{\"@id\":\"https:\/\/ccviolenciaeigualdad.com\/presentacion-y-coloquio-del-libro-en-la-tela-de-la-arana-en-ca-la-dona\/#primaryimage\"},\"image\":{\"@id\":\"https:\/\/ccviolenciaeigualdad.com\/presentacion-y-coloquio-del-libro-en-la-tela-de-la-arana-en-ca-la-dona\/#primaryimage\"},\"thumbnailUrl\":\"https:\/\/ccviolenciaeigualdad.com\/wp-content\/uploads\/2025\/01\/Screenshot-2025-01-20-175205.jpg\",\"datePublished\":\"2025-01-20T16:58:10+00:00\",\"dateModified\":\"2025-01-20T16:58:11+00:00\",\"breadcrumb\":{\"@id\":\"https:\/\/ccviolenciaeigualdad.com\/presentacion-y-coloquio-del-libro-en-la-tela-de-la-arana-en-ca-la-dona\/#breadcrumb\"},\"inLanguage\":\"fr-FR\",\"potentialAction\":[{\"@type\":\"ReadAction\",\"target\":[\"https:\/\/ccviolenciaeigualdad.com\/presentacion-y-coloquio-del-libro-en-la-tela-de-la-arana-en-ca-la-dona\/\"]}]},{\"@type\":\"ImageObject\",\"inLanguage\":\"fr-FR\",\"@id\":\"https:\/\/ccviolenciaeigualdad.com\/presentacion-y-coloquio-del-libro-en-la-tela-de-la-arana-en-ca-la-dona\/#primaryimage\",\"url\":\"https:\/\/ccviolenciaeigualdad.com\/wp-content\/uploads\/2025\/01\/Screenshot-2025-01-20-175205.jpg\",\"contentUrl\":\"https:\/\/ccviolenciaeigualdad.com\/wp-content\/uploads\/2025\/01\/Screenshot-2025-01-20-175205.jpg\",\"width\":651,\"height\":653},{\"@type\":\"BreadcrumbList\",\"@id\":\"https:\/\/ccviolenciaeigualdad.com\/presentacion-y-coloquio-del-libro-en-la-tela-de-la-arana-en-ca-la-dona\/#breadcrumb\",\"itemListElement\":[{\"@type\":\"ListItem\",\"position\":1,\"name\":\"Home\",\"item\":\"https:\/\/ccviolenciaeigualdad.com\/\"},{\"@type\":\"ListItem\",\"position\":2,\"name\":\"Presentaci\u00f3n y coloquio del libro \u00bb En la tela de la ara\u00f1a\u00bb en Ca la Dona\"}]},{\"@type\":\"WebSite\",\"@id\":\"https:\/\/ccviolenciaeigualdad.com\/#website\",\"url\":\"https:\/\/ccviolenciaeigualdad.com\/\",\"name\":\"Claudia Cruzado\",\"description\":\"Consultora especializada en igualdad, violencia de g\u00e9nero y acoso laboral\",\"publisher\":{\"@id\":\"https:\/\/ccviolenciaeigualdad.com\/#organization\"},\"potentialAction\":[{\"@type\":\"SearchAction\",\"target\":{\"@type\":\"EntryPoint\",\"urlTemplate\":\"https:\/\/ccviolenciaeigualdad.com\/?s={search_term_string}\"},\"query-input\":{\"@type\":\"PropertyValueSpecification\",\"valueRequired\":true,\"valueName\":\"search_term_string\"}}],\"inLanguage\":\"fr-FR\"},{\"@type\":\"Organization\",\"@id\":\"https:\/\/ccviolenciaeigualdad.com\/#organization\",\"name\":\"Claudia Cruzado\",\"url\":\"https:\/\/ccviolenciaeigualdad.com\/\",\"logo\":{\"@type\":\"ImageObject\",\"inLanguage\":\"fr-FR\",\"@id\":\"https:\/\/ccviolenciaeigualdad.com\/#\/schema\/logo\/image\/\",\"url\":\"https:\/\/ccviolenciaeigualdad.com\/wp-content\/uploads\/2025\/10\/cropped-logo-fondo-claudia-cruzado-1-1.png\",\"contentUrl\":\"https:\/\/ccviolenciaeigualdad.com\/wp-content\/uploads\/2025\/10\/cropped-logo-fondo-claudia-cruzado-1-1.png\",\"width\":1080,\"height\":373,\"caption\":\"Claudia Cruzado\"},\"image\":{\"@id\":\"https:\/\/ccviolenciaeigualdad.com\/#\/schema\/logo\/image\/\"}},{\"@type\":\"Person\",\"@id\":\"https:\/\/ccviolenciaeigualdad.com\/#\/schema\/person\/2b905ae2f475f22f62b4cadef2183a5f\",\"name\":\"ClaudiaCruzado\",\"url\":\"https:\/\/ccviolenciaeigualdad.com\/fr\/author\/claudiacruzado\/\"}]}<\/script>\n<!-- \/ Yoast SEO plugin. -->","yoast_head_json":{"title":"Presentaci\u00f3n y coloquio del libro \" En la tela de la ara\u00f1a\" en Ca la Dona - Claudia Cruzado","robots":{"index":"index","follow":"follow","max-snippet":"max-snippet:-1","max-image-preview":"max-image-preview:large","max-video-preview":"max-video-preview:-1"},"canonical":"https:\/\/ccviolenciaeigualdad.com\/fr\/presentacion-y-coloquio-del-libro-en-la-tela-de-la-arana-en-ca-la-dona\/","og_locale":"fr_FR","og_type":"article","og_title":"Presentaci\u00f3n y coloquio del libro \" En la tela de la ara\u00f1a\" en Ca la Dona - Claudia Cruzado","og_description":"Es un libro que nos ense\u00f1a lo que algunas madres viven con la violencia a sus hijos\/as. Narra la historia y el presente de una lucha que comienza el d\u00eda en que tu vida estalla en mil pedazos. La de tus criaturas ya lo hab\u00eda hecho antes, pero la tuya implosiona en el momento en [&hellip;]","og_url":"https:\/\/ccviolenciaeigualdad.com\/fr\/presentacion-y-coloquio-del-libro-en-la-tela-de-la-arana-en-ca-la-dona\/","og_site_name":"Claudia Cruzado","article_published_time":"2025-01-20T16:58:10+00:00","article_modified_time":"2025-01-20T16:58:11+00:00","og_image":[{"width":651,"height":653,"url":"https:\/\/ccviolenciaeigualdad.com\/wp-content\/uploads\/2025\/01\/Screenshot-2025-01-20-175205.jpg","type":"image\/jpeg"}],"author":"ClaudiaCruzado","twitter_card":"summary_large_image","twitter_misc":{"\u00c9crit par":"ClaudiaCruzado","Dur\u00e9e de lecture estim\u00e9e":"1 minute"},"schema":{"@context":"https:\/\/schema.org","@graph":[{"@type":"Article","@id":"https:\/\/ccviolenciaeigualdad.com\/presentacion-y-coloquio-del-libro-en-la-tela-de-la-arana-en-ca-la-dona\/#article","isPartOf":{"@id":"https:\/\/ccviolenciaeigualdad.com\/presentacion-y-coloquio-del-libro-en-la-tela-de-la-arana-en-ca-la-dona\/"},"author":{"name":"ClaudiaCruzado","@id":"https:\/\/ccviolenciaeigualdad.com\/#\/schema\/person\/2b905ae2f475f22f62b4cadef2183a5f"},"headline":"Presentaci\u00f3n y coloquio del libro \u00bb En la tela de la ara\u00f1a\u00bb en Ca la Dona","datePublished":"2025-01-20T16:58:10+00:00","dateModified":"2025-01-20T16:58:11+00:00","mainEntityOfPage":{"@id":"https:\/\/ccviolenciaeigualdad.com\/presentacion-y-coloquio-del-libro-en-la-tela-de-la-arana-en-ca-la-dona\/"},"wordCount":148,"publisher":{"@id":"https:\/\/ccviolenciaeigualdad.com\/#organization"},"image":{"@id":"https:\/\/ccviolenciaeigualdad.com\/presentacion-y-coloquio-del-libro-en-la-tela-de-la-arana-en-ca-la-dona\/#primaryimage"},"thumbnailUrl":"https:\/\/ccviolenciaeigualdad.com\/wp-content\/uploads\/2025\/01\/Screenshot-2025-01-20-175205.jpg","articleSection":["Uncategorized"],"inLanguage":"fr-FR"},{"@type":"WebPage","@id":"https:\/\/ccviolenciaeigualdad.com\/presentacion-y-coloquio-del-libro-en-la-tela-de-la-arana-en-ca-la-dona\/","url":"https:\/\/ccviolenciaeigualdad.com\/presentacion-y-coloquio-del-libro-en-la-tela-de-la-arana-en-ca-la-dona\/","name":"Presentaci\u00f3n y coloquio del libro \" En la tela de la ara\u00f1a\" en Ca la Dona - Claudia Cruzado","isPartOf":{"@id":"https:\/\/ccviolenciaeigualdad.com\/#website"},"primaryImageOfPage":{"@id":"https:\/\/ccviolenciaeigualdad.com\/presentacion-y-coloquio-del-libro-en-la-tela-de-la-arana-en-ca-la-dona\/#primaryimage"},"image":{"@id":"https:\/\/ccviolenciaeigualdad.com\/presentacion-y-coloquio-del-libro-en-la-tela-de-la-arana-en-ca-la-dona\/#primaryimage"},"thumbnailUrl":"https:\/\/ccviolenciaeigualdad.com\/wp-content\/uploads\/2025\/01\/Screenshot-2025-01-20-175205.jpg","datePublished":"2025-01-20T16:58:10+00:00","dateModified":"2025-01-20T16:58:11+00:00","breadcrumb":{"@id":"https:\/\/ccviolenciaeigualdad.com\/presentacion-y-coloquio-del-libro-en-la-tela-de-la-arana-en-ca-la-dona\/#breadcrumb"},"inLanguage":"fr-FR","potentialAction":[{"@type":"ReadAction","target":["https:\/\/ccviolenciaeigualdad.com\/presentacion-y-coloquio-del-libro-en-la-tela-de-la-arana-en-ca-la-dona\/"]}]},{"@type":"ImageObject","inLanguage":"fr-FR","@id":"https:\/\/ccviolenciaeigualdad.com\/presentacion-y-coloquio-del-libro-en-la-tela-de-la-arana-en-ca-la-dona\/#primaryimage","url":"https:\/\/ccviolenciaeigualdad.com\/wp-content\/uploads\/2025\/01\/Screenshot-2025-01-20-175205.jpg","contentUrl":"https:\/\/ccviolenciaeigualdad.com\/wp-content\/uploads\/2025\/01\/Screenshot-2025-01-20-175205.jpg","width":651,"height":653},{"@type":"BreadcrumbList","@id":"https:\/\/ccviolenciaeigualdad.com\/presentacion-y-coloquio-del-libro-en-la-tela-de-la-arana-en-ca-la-dona\/#breadcrumb","itemListElement":[{"@type":"ListItem","position":1,"name":"Home","item":"https:\/\/ccviolenciaeigualdad.com\/"},{"@type":"ListItem","position":2,"name":"Presentaci\u00f3n y coloquio del libro \u00bb En la tela de la ara\u00f1a\u00bb en Ca la Dona"}]},{"@type":"WebSite","@id":"https:\/\/ccviolenciaeigualdad.com\/#website","url":"https:\/\/ccviolenciaeigualdad.com\/","name":"Claudia Cruzado","description":"Consultante sp\u00e9cialis\u00e9e en \u00e9galit\u00e9, violence sexiste et harc\u00e8lement au travail","publisher":{"@id":"https:\/\/ccviolenciaeigualdad.com\/#organization"},"potentialAction":[{"@type":"SearchAction","target":{"@type":"EntryPoint","urlTemplate":"https:\/\/ccviolenciaeigualdad.com\/?s={search_term_string}"},"query-input":{"@type":"PropertyValueSpecification","valueRequired":true,"valueName":"search_term_string"}}],"inLanguage":"fr-FR"},{"@type":"Organization","@id":"https:\/\/ccviolenciaeigualdad.com\/#organization","name":"Claudia Cruzado","url":"https:\/\/ccviolenciaeigualdad.com\/","logo":{"@type":"ImageObject","inLanguage":"fr-FR","@id":"https:\/\/ccviolenciaeigualdad.com\/#\/schema\/logo\/image\/","url":"https:\/\/ccviolenciaeigualdad.com\/wp-content\/uploads\/2025\/10\/cropped-logo-fondo-claudia-cruzado-1-1.png","contentUrl":"https:\/\/ccviolenciaeigualdad.com\/wp-content\/uploads\/2025\/10\/cropped-logo-fondo-claudia-cruzado-1-1.png","width":1080,"height":373,"caption":"Claudia Cruzado"},"image":{"@id":"https:\/\/ccviolenciaeigualdad.com\/#\/schema\/logo\/image\/"}},{"@type":"Person","@id":"https:\/\/ccviolenciaeigualdad.com\/#\/schema\/person\/2b905ae2f475f22f62b4cadef2183a5f","name":"Claudia Cruzado","url":"https:\/\/ccviolenciaeigualdad.com\/fr\/author\/claudiacruzado\/"}]}},"_links":{"self":[{"href":"https:\/\/ccviolenciaeigualdad.com\/fr\/wp-json\/wp\/v2\/posts\/473","targetHints":{"allow":["GET"]}}],"collection":[{"href":"https:\/\/ccviolenciaeigualdad.com\/fr\/wp-json\/wp\/v2\/posts"}],"about":[{"href":"https:\/\/ccviolenciaeigualdad.com\/fr\/wp-json\/wp\/v2\/types\/post"}],"author":[{"embeddable":true,"href":"https:\/\/ccviolenciaeigualdad.com\/fr\/wp-json\/wp\/v2\/users\/4"}],"replies":[{"embeddable":true,"href":"https:\/\/ccviolenciaeigualdad.com\/fr\/wp-json\/wp\/v2\/comments?post=473"}],"version-history":[{"count":1,"href":"https:\/\/ccviolenciaeigualdad.com\/fr\/wp-json\/wp\/v2\/posts\/473\/revisions"}],"predecessor-version":[{"id":475,"href":"https:\/\/ccviolenciaeigualdad.com\/fr\/wp-json\/wp\/v2\/posts\/473\/revisions\/475"}],"wp:featuredmedia":[{"embeddable":true,"href":"https:\/\/ccviolenciaeigualdad.com\/fr\/wp-json\/wp\/v2\/media\/474"}],"wp:attachment":[{"href":"https:\/\/ccviolenciaeigualdad.com\/fr\/wp-json\/wp\/v2\/media?parent=473"}],"wp:term":[{"taxonomy":"category","embeddable":true,"href":"https:\/\/ccviolenciaeigualdad.com\/fr\/wp-json\/wp\/v2\/categories?post=473"},{"taxonomy":"post_tag","embeddable":true,"href":"https:\/\/ccviolenciaeigualdad.com\/fr\/wp-json\/wp\/v2\/tags?post=473"}],"curies":[{"name":"wp","href":"https:\/\/api.w.org\/{rel}","templated":true}]}}