{"id":464,"date":"2024-12-11T09:34:44","date_gmt":"2024-12-11T09:34:44","guid":{"rendered":"https:\/\/ccviolenciaeigualdad.com\/?p=464"},"modified":"2024-12-11T09:34:45","modified_gmt":"2024-12-11T09:34:45","slug":"el-gobierno-reformara-la-ley-para-vetar-el-llamado-sindrome-de-alienacion-parental","status":"publish","type":"post","link":"https:\/\/ccviolenciaeigualdad.com\/fr\/el-gobierno-reformara-la-ley-para-vetar-el-llamado-sindrome-de-alienacion-parental\/","title":{"rendered":"Le gouvernement va r\u00e9former la loi pour interdire ce qu&#039;on appelle le \u2018 syndrome d&#039;ali\u00e9nation parentale \u2019.\u2019"},"content":{"rendered":"<p>Qu\u2019est-ce que le syndrome d\u2019ali\u00e9nation parentale\u00a0? Il s\u2019agit d\u2019un trouble psychopathologique dans lequel un enfant refuse tout contact permanent avec l\u2019un de ses parents, g\u00e9n\u00e9ralement le p\u00e8re.<\/p>\n\n\n\n<p>Le minist\u00e8re de la Jeunesse et de l&#039;Enfance a l&#039;intention de <strong>Interdire le syndrome d&#039;ali\u00e9nation parentale <\/strong>(SAP). Elle le fera par le biais de la r\u00e9forme de <a href=\"https:\/\/www.epe.es\/es\/sociedad\/20240313\/organizaciones-defensa-infancia-alertan-pobreza-infantil-puede-convertirse-marca-espana-99433296\" target=\"_blank\" rel=\"noreferrer noopener\">Loi organique relative \u00e0 la protection int\u00e9grale des enfants et des adolescents contre la violence (LOPIVI)<\/a>, dont la consultation publique pr\u00e9alable a d\u00e9but\u00e9 ce lundi.<\/p>\n\n\n\n<p>Lien\u00a0: article https:\/\/www.epe.es\/es\/sociedad\/20241209\/juventud-infancia-plantea-prohibir-sindrome-alineacion-parental-112462574<\/p>","protected":false},"excerpt":{"rendered":"<p>Qu\u2019est-ce que le syndrome d\u2019ali\u00e9nation parentale\u00a0? Il s\u2019agit d\u2019un trouble psychopathologique dans lequel un enfant refuse tout contact permanent avec l\u2019un de ses parents, g\u00e9n\u00e9ralement le p\u00e8re. Le minist\u00e8re de la Jeunesse et de l\u2019Enfance entend interdire le syndrome d\u2019ali\u00e9nation parentale (SAP). Il compte y parvenir par le biais d\u2019une r\u00e9forme [\u2026]<\/p>","protected":false},"author":4,"featured_media":465,"comment_status":"closed","ping_status":"closed","sticky":false,"template":"","format":"standard","meta":{"footnotes":""},"categories":[1],"tags":[],"class_list":["post-464","post","type-post","status-publish","format-standard","has-post-thumbnail","hentry","category-uncategorized"],"yoast_head":"<!-- This site is optimized with the Yoast SEO plugin v26.3 - https:\/\/yoast.com\/wordpress\/plugins\/seo\/ -->\n<title>El Gobierno reformar\u00e1 la ley para vetar el llamado &#039;s\u00edndrome de alienaci\u00f3n parental&#039; - Claudia Cruzado<\/title>\n<meta name=\"robots\" content=\"index, follow, max-snippet:-1, max-image-preview:large, max-video-preview:-1\" \/>\n<link rel=\"canonical\" href=\"https:\/\/ccviolenciaeigualdad.com\/fr\/el-gobierno-reformara-la-ley-para-vetar-el-llamado-sindrome-de-alienacion-parental\/\" \/>\n<meta property=\"og:locale\" content=\"fr_FR\" \/>\n<meta property=\"og:type\" content=\"article\" \/>\n<meta property=\"og:title\" content=\"El Gobierno reformar\u00e1 la ley para vetar el llamado &#039;s\u00edndrome de alienaci\u00f3n parental&#039; - Claudia Cruzado\" \/>\n<meta property=\"og:description\" content=\"\u00bfQu\u00e9 es el s\u00edndrome de alienaci\u00f3n parental? es un desorden psicopatol\u00f3gico por el cual un ni\u00f1o o ni\u00f1a se niega a tener contacto con uno de los progenitores, generalmente el padre, de forma permanente. El Ministerio de Juventud e Infancia pretende prohibir el S\u00edndrome de Alienaci\u00f3n Parental (SAP). Lo har\u00e1 a trav\u00e9s de la reforma [&hellip;]\" \/>\n<meta property=\"og:url\" content=\"https:\/\/ccviolenciaeigualdad.com\/fr\/el-gobierno-reformara-la-ley-para-vetar-el-llamado-sindrome-de-alienacion-parental\/\" \/>\n<meta property=\"og:site_name\" content=\"Claudia Cruzado\" \/>\n<meta property=\"article:published_time\" content=\"2024-12-11T09:34:44+00:00\" \/>\n<meta property=\"article:modified_time\" content=\"2024-12-11T09:34:45+00:00\" \/>\n<meta property=\"og:image\" content=\"https:\/\/ccviolenciaeigualdad.com\/wp-content\/uploads\/2024\/12\/Sindrome-de-alineacion-parental.-11.12.24.jpg\" \/>\n\t<meta property=\"og:image:width\" content=\"255\" \/>\n\t<meta property=\"og:image:height\" content=\"145\" \/>\n\t<meta property=\"og:image:type\" content=\"image\/jpeg\" \/>\n<meta name=\"author\" content=\"ClaudiaCruzado\" \/>\n<meta name=\"twitter:card\" content=\"summary_large_image\" \/>\n<meta name=\"twitter:label1\" content=\"\u00c9crit par\" \/>\n\t<meta name=\"twitter:data1\" content=\"ClaudiaCruzado\" \/>\n\t<meta name=\"twitter:label2\" content=\"Dur\u00e9e de lecture estim\u00e9e\" \/>\n\t<meta name=\"twitter:data2\" content=\"1 minute\" \/>\n<script type=\"application\/ld+json\" class=\"yoast-schema-graph\">{\"@context\":\"https:\/\/schema.org\",\"@graph\":[{\"@type\":\"Article\",\"@id\":\"https:\/\/ccviolenciaeigualdad.com\/el-gobierno-reformara-la-ley-para-vetar-el-llamado-sindrome-de-alienacion-parental\/#article\",\"isPartOf\":{\"@id\":\"https:\/\/ccviolenciaeigualdad.com\/el-gobierno-reformara-la-ley-para-vetar-el-llamado-sindrome-de-alienacion-parental\/\"},\"author\":{\"name\":\"ClaudiaCruzado\",\"@id\":\"https:\/\/ccviolenciaeigualdad.com\/#\/schema\/person\/2b905ae2f475f22f62b4cadef2183a5f\"},\"headline\":\"El Gobierno reformar\u00e1 la ley para vetar el llamado &#8216;s\u00edndrome de alienaci\u00f3n parental&#8217;\",\"datePublished\":\"2024-12-11T09:34:44+00:00\",\"dateModified\":\"2024-12-11T09:34:45+00:00\",\"mainEntityOfPage\":{\"@id\":\"https:\/\/ccviolenciaeigualdad.com\/el-gobierno-reformara-la-ley-para-vetar-el-llamado-sindrome-de-alienacion-parental\/\"},\"wordCount\":121,\"publisher\":{\"@id\":\"https:\/\/ccviolenciaeigualdad.com\/#organization\"},\"image\":{\"@id\":\"https:\/\/ccviolenciaeigualdad.com\/el-gobierno-reformara-la-ley-para-vetar-el-llamado-sindrome-de-alienacion-parental\/#primaryimage\"},\"thumbnailUrl\":\"https:\/\/ccviolenciaeigualdad.com\/wp-content\/uploads\/2024\/12\/Sindrome-de-alineacion-parental.-11.12.24.jpg\",\"articleSection\":[\"Uncategorized\"],\"inLanguage\":\"fr-FR\"},{\"@type\":\"WebPage\",\"@id\":\"https:\/\/ccviolenciaeigualdad.com\/el-gobierno-reformara-la-ley-para-vetar-el-llamado-sindrome-de-alienacion-parental\/\",\"url\":\"https:\/\/ccviolenciaeigualdad.com\/el-gobierno-reformara-la-ley-para-vetar-el-llamado-sindrome-de-alienacion-parental\/\",\"name\":\"El Gobierno reformar\u00e1 la ley para vetar el llamado 's\u00edndrome de alienaci\u00f3n parental' - Claudia Cruzado\",\"isPartOf\":{\"@id\":\"https:\/\/ccviolenciaeigualdad.com\/#website\"},\"primaryImageOfPage\":{\"@id\":\"https:\/\/ccviolenciaeigualdad.com\/el-gobierno-reformara-la-ley-para-vetar-el-llamado-sindrome-de-alienacion-parental\/#primaryimage\"},\"image\":{\"@id\":\"https:\/\/ccviolenciaeigualdad.com\/el-gobierno-reformara-la-ley-para-vetar-el-llamado-sindrome-de-alienacion-parental\/#primaryimage\"},\"thumbnailUrl\":\"https:\/\/ccviolenciaeigualdad.com\/wp-content\/uploads\/2024\/12\/Sindrome-de-alineacion-parental.-11.12.24.jpg\",\"datePublished\":\"2024-12-11T09:34:44+00:00\",\"dateModified\":\"2024-12-11T09:34:45+00:00\",\"breadcrumb\":{\"@id\":\"https:\/\/ccviolenciaeigualdad.com\/el-gobierno-reformara-la-ley-para-vetar-el-llamado-sindrome-de-alienacion-parental\/#breadcrumb\"},\"inLanguage\":\"fr-FR\",\"potentialAction\":[{\"@type\":\"ReadAction\",\"target\":[\"https:\/\/ccviolenciaeigualdad.com\/el-gobierno-reformara-la-ley-para-vetar-el-llamado-sindrome-de-alienacion-parental\/\"]}]},{\"@type\":\"ImageObject\",\"inLanguage\":\"fr-FR\",\"@id\":\"https:\/\/ccviolenciaeigualdad.com\/el-gobierno-reformara-la-ley-para-vetar-el-llamado-sindrome-de-alienacion-parental\/#primaryimage\",\"url\":\"https:\/\/ccviolenciaeigualdad.com\/wp-content\/uploads\/2024\/12\/Sindrome-de-alineacion-parental.-11.12.24.jpg\",\"contentUrl\":\"https:\/\/ccviolenciaeigualdad.com\/wp-content\/uploads\/2024\/12\/Sindrome-de-alineacion-parental.-11.12.24.jpg\",\"width\":255,\"height\":145},{\"@type\":\"BreadcrumbList\",\"@id\":\"https:\/\/ccviolenciaeigualdad.com\/el-gobierno-reformara-la-ley-para-vetar-el-llamado-sindrome-de-alienacion-parental\/#breadcrumb\",\"itemListElement\":[{\"@type\":\"ListItem\",\"position\":1,\"name\":\"Home\",\"item\":\"https:\/\/ccviolenciaeigualdad.com\/\"},{\"@type\":\"ListItem\",\"position\":2,\"name\":\"El Gobierno reformar\u00e1 la ley para vetar el llamado &#8216;s\u00edndrome de alienaci\u00f3n parental&#8217;\"}]},{\"@type\":\"WebSite\",\"@id\":\"https:\/\/ccviolenciaeigualdad.com\/#website\",\"url\":\"https:\/\/ccviolenciaeigualdad.com\/\",\"name\":\"Claudia Cruzado\",\"description\":\"Consultora especializada en igualdad, violencia de g\u00e9nero y acoso laboral\",\"publisher\":{\"@id\":\"https:\/\/ccviolenciaeigualdad.com\/#organization\"},\"potentialAction\":[{\"@type\":\"SearchAction\",\"target\":{\"@type\":\"EntryPoint\",\"urlTemplate\":\"https:\/\/ccviolenciaeigualdad.com\/?s={search_term_string}\"},\"query-input\":{\"@type\":\"PropertyValueSpecification\",\"valueRequired\":true,\"valueName\":\"search_term_string\"}}],\"inLanguage\":\"fr-FR\"},{\"@type\":\"Organization\",\"@id\":\"https:\/\/ccviolenciaeigualdad.com\/#organization\",\"name\":\"Claudia Cruzado\",\"url\":\"https:\/\/ccviolenciaeigualdad.com\/\",\"logo\":{\"@type\":\"ImageObject\",\"inLanguage\":\"fr-FR\",\"@id\":\"https:\/\/ccviolenciaeigualdad.com\/#\/schema\/logo\/image\/\",\"url\":\"https:\/\/ccviolenciaeigualdad.com\/wp-content\/uploads\/2025\/10\/cropped-logo-fondo-claudia-cruzado-1-1.png\",\"contentUrl\":\"https:\/\/ccviolenciaeigualdad.com\/wp-content\/uploads\/2025\/10\/cropped-logo-fondo-claudia-cruzado-1-1.png\",\"width\":1080,\"height\":373,\"caption\":\"Claudia Cruzado\"},\"image\":{\"@id\":\"https:\/\/ccviolenciaeigualdad.com\/#\/schema\/logo\/image\/\"}},{\"@type\":\"Person\",\"@id\":\"https:\/\/ccviolenciaeigualdad.com\/#\/schema\/person\/2b905ae2f475f22f62b4cadef2183a5f\",\"name\":\"ClaudiaCruzado\",\"url\":\"https:\/\/ccviolenciaeigualdad.com\/fr\/author\/claudiacruzado\/\"}]}<\/script>\n<!-- \/ Yoast SEO plugin. -->","yoast_head_json":{"title":"El Gobierno reformar\u00e1 la ley para vetar el llamado 's\u00edndrome de alienaci\u00f3n parental' - Claudia Cruzado","robots":{"index":"index","follow":"follow","max-snippet":"max-snippet:-1","max-image-preview":"max-image-preview:large","max-video-preview":"max-video-preview:-1"},"canonical":"https:\/\/ccviolenciaeigualdad.com\/fr\/el-gobierno-reformara-la-ley-para-vetar-el-llamado-sindrome-de-alienacion-parental\/","og_locale":"fr_FR","og_type":"article","og_title":"El Gobierno reformar\u00e1 la ley para vetar el llamado 's\u00edndrome de alienaci\u00f3n parental' - Claudia Cruzado","og_description":"\u00bfQu\u00e9 es el s\u00edndrome de alienaci\u00f3n parental? es un desorden psicopatol\u00f3gico por el cual un ni\u00f1o o ni\u00f1a se niega a tener contacto con uno de los progenitores, generalmente el padre, de forma permanente. El Ministerio de Juventud e Infancia pretende prohibir el S\u00edndrome de Alienaci\u00f3n Parental (SAP). Lo har\u00e1 a trav\u00e9s de la reforma [&hellip;]","og_url":"https:\/\/ccviolenciaeigualdad.com\/fr\/el-gobierno-reformara-la-ley-para-vetar-el-llamado-sindrome-de-alienacion-parental\/","og_site_name":"Claudia Cruzado","article_published_time":"2024-12-11T09:34:44+00:00","article_modified_time":"2024-12-11T09:34:45+00:00","og_image":[{"width":255,"height":145,"url":"https:\/\/ccviolenciaeigualdad.com\/wp-content\/uploads\/2024\/12\/Sindrome-de-alineacion-parental.-11.12.24.jpg","type":"image\/jpeg"}],"author":"ClaudiaCruzado","twitter_card":"summary_large_image","twitter_misc":{"\u00c9crit par":"ClaudiaCruzado","Dur\u00e9e de lecture estim\u00e9e":"1 minute"},"schema":{"@context":"https:\/\/schema.org","@graph":[{"@type":"Article","@id":"https:\/\/ccviolenciaeigualdad.com\/el-gobierno-reformara-la-ley-para-vetar-el-llamado-sindrome-de-alienacion-parental\/#article","isPartOf":{"@id":"https:\/\/ccviolenciaeigualdad.com\/el-gobierno-reformara-la-ley-para-vetar-el-llamado-sindrome-de-alienacion-parental\/"},"author":{"name":"ClaudiaCruzado","@id":"https:\/\/ccviolenciaeigualdad.com\/#\/schema\/person\/2b905ae2f475f22f62b4cadef2183a5f"},"headline":"El Gobierno reformar\u00e1 la ley para vetar el llamado &#8216;s\u00edndrome de alienaci\u00f3n parental&#8217;","datePublished":"2024-12-11T09:34:44+00:00","dateModified":"2024-12-11T09:34:45+00:00","mainEntityOfPage":{"@id":"https:\/\/ccviolenciaeigualdad.com\/el-gobierno-reformara-la-ley-para-vetar-el-llamado-sindrome-de-alienacion-parental\/"},"wordCount":121,"publisher":{"@id":"https:\/\/ccviolenciaeigualdad.com\/#organization"},"image":{"@id":"https:\/\/ccviolenciaeigualdad.com\/el-gobierno-reformara-la-ley-para-vetar-el-llamado-sindrome-de-alienacion-parental\/#primaryimage"},"thumbnailUrl":"https:\/\/ccviolenciaeigualdad.com\/wp-content\/uploads\/2024\/12\/Sindrome-de-alineacion-parental.-11.12.24.jpg","articleSection":["Uncategorized"],"inLanguage":"fr-FR"},{"@type":"WebPage","@id":"https:\/\/ccviolenciaeigualdad.com\/el-gobierno-reformara-la-ley-para-vetar-el-llamado-sindrome-de-alienacion-parental\/","url":"https:\/\/ccviolenciaeigualdad.com\/el-gobierno-reformara-la-ley-para-vetar-el-llamado-sindrome-de-alienacion-parental\/","name":"El Gobierno reformar\u00e1 la ley para vetar el llamado 's\u00edndrome de alienaci\u00f3n parental' - Claudia Cruzado","isPartOf":{"@id":"https:\/\/ccviolenciaeigualdad.com\/#website"},"primaryImageOfPage":{"@id":"https:\/\/ccviolenciaeigualdad.com\/el-gobierno-reformara-la-ley-para-vetar-el-llamado-sindrome-de-alienacion-parental\/#primaryimage"},"image":{"@id":"https:\/\/ccviolenciaeigualdad.com\/el-gobierno-reformara-la-ley-para-vetar-el-llamado-sindrome-de-alienacion-parental\/#primaryimage"},"thumbnailUrl":"https:\/\/ccviolenciaeigualdad.com\/wp-content\/uploads\/2024\/12\/Sindrome-de-alineacion-parental.-11.12.24.jpg","datePublished":"2024-12-11T09:34:44+00:00","dateModified":"2024-12-11T09:34:45+00:00","breadcrumb":{"@id":"https:\/\/ccviolenciaeigualdad.com\/el-gobierno-reformara-la-ley-para-vetar-el-llamado-sindrome-de-alienacion-parental\/#breadcrumb"},"inLanguage":"fr-FR","potentialAction":[{"@type":"ReadAction","target":["https:\/\/ccviolenciaeigualdad.com\/el-gobierno-reformara-la-ley-para-vetar-el-llamado-sindrome-de-alienacion-parental\/"]}]},{"@type":"ImageObject","inLanguage":"fr-FR","@id":"https:\/\/ccviolenciaeigualdad.com\/el-gobierno-reformara-la-ley-para-vetar-el-llamado-sindrome-de-alienacion-parental\/#primaryimage","url":"https:\/\/ccviolenciaeigualdad.com\/wp-content\/uploads\/2024\/12\/Sindrome-de-alineacion-parental.-11.12.24.jpg","contentUrl":"https:\/\/ccviolenciaeigualdad.com\/wp-content\/uploads\/2024\/12\/Sindrome-de-alineacion-parental.-11.12.24.jpg","width":255,"height":145},{"@type":"BreadcrumbList","@id":"https:\/\/ccviolenciaeigualdad.com\/el-gobierno-reformara-la-ley-para-vetar-el-llamado-sindrome-de-alienacion-parental\/#breadcrumb","itemListElement":[{"@type":"ListItem","position":1,"name":"Home","item":"https:\/\/ccviolenciaeigualdad.com\/"},{"@type":"ListItem","position":2,"name":"El Gobierno reformar\u00e1 la ley para vetar el llamado &#8216;s\u00edndrome de alienaci\u00f3n parental&#8217;"}]},{"@type":"WebSite","@id":"https:\/\/ccviolenciaeigualdad.com\/#website","url":"https:\/\/ccviolenciaeigualdad.com\/","name":"Claudia Cruzado","description":"Consultante sp\u00e9cialis\u00e9e en \u00e9galit\u00e9, violence sexiste et harc\u00e8lement au travail","publisher":{"@id":"https:\/\/ccviolenciaeigualdad.com\/#organization"},"potentialAction":[{"@type":"SearchAction","target":{"@type":"EntryPoint","urlTemplate":"https:\/\/ccviolenciaeigualdad.com\/?s={search_term_string}"},"query-input":{"@type":"PropertyValueSpecification","valueRequired":true,"valueName":"search_term_string"}}],"inLanguage":"fr-FR"},{"@type":"Organization","@id":"https:\/\/ccviolenciaeigualdad.com\/#organization","name":"Claudia Cruzado","url":"https:\/\/ccviolenciaeigualdad.com\/","logo":{"@type":"ImageObject","inLanguage":"fr-FR","@id":"https:\/\/ccviolenciaeigualdad.com\/#\/schema\/logo\/image\/","url":"https:\/\/ccviolenciaeigualdad.com\/wp-content\/uploads\/2025\/10\/cropped-logo-fondo-claudia-cruzado-1-1.png","contentUrl":"https:\/\/ccviolenciaeigualdad.com\/wp-content\/uploads\/2025\/10\/cropped-logo-fondo-claudia-cruzado-1-1.png","width":1080,"height":373,"caption":"Claudia Cruzado"},"image":{"@id":"https:\/\/ccviolenciaeigualdad.com\/#\/schema\/logo\/image\/"}},{"@type":"Person","@id":"https:\/\/ccviolenciaeigualdad.com\/#\/schema\/person\/2b905ae2f475f22f62b4cadef2183a5f","name":"Claudia Cruzado","url":"https:\/\/ccviolenciaeigualdad.com\/fr\/author\/claudiacruzado\/"}]}},"_links":{"self":[{"href":"https:\/\/ccviolenciaeigualdad.com\/fr\/wp-json\/wp\/v2\/posts\/464","targetHints":{"allow":["GET"]}}],"collection":[{"href":"https:\/\/ccviolenciaeigualdad.com\/fr\/wp-json\/wp\/v2\/posts"}],"about":[{"href":"https:\/\/ccviolenciaeigualdad.com\/fr\/wp-json\/wp\/v2\/types\/post"}],"author":[{"embeddable":true,"href":"https:\/\/ccviolenciaeigualdad.com\/fr\/wp-json\/wp\/v2\/users\/4"}],"replies":[{"embeddable":true,"href":"https:\/\/ccviolenciaeigualdad.com\/fr\/wp-json\/wp\/v2\/comments?post=464"}],"version-history":[{"count":1,"href":"https:\/\/ccviolenciaeigualdad.com\/fr\/wp-json\/wp\/v2\/posts\/464\/revisions"}],"predecessor-version":[{"id":466,"href":"https:\/\/ccviolenciaeigualdad.com\/fr\/wp-json\/wp\/v2\/posts\/464\/revisions\/466"}],"wp:featuredmedia":[{"embeddable":true,"href":"https:\/\/ccviolenciaeigualdad.com\/fr\/wp-json\/wp\/v2\/media\/465"}],"wp:attachment":[{"href":"https:\/\/ccviolenciaeigualdad.com\/fr\/wp-json\/wp\/v2\/media?parent=464"}],"wp:term":[{"taxonomy":"category","embeddable":true,"href":"https:\/\/ccviolenciaeigualdad.com\/fr\/wp-json\/wp\/v2\/categories?post=464"},{"taxonomy":"post_tag","embeddable":true,"href":"https:\/\/ccviolenciaeigualdad.com\/fr\/wp-json\/wp\/v2\/tags?post=464"}],"curies":[{"name":"wp","href":"https:\/\/api.w.org\/{rel}","templated":true}]}}