{"id":456,"date":"2024-12-02T21:12:15","date_gmt":"2024-12-02T21:12:15","guid":{"rendered":"https:\/\/ccviolenciaeigualdad.com\/?p=456"},"modified":"2024-12-02T21:13:12","modified_gmt":"2024-12-02T21:13:12","slug":"jornadas-de-sensibilizacion-y-prevencion-de-la-violencia-sexual-en-el-ambito-universitario-guadalajara","status":"publish","type":"post","link":"https:\/\/ccviolenciaeigualdad.com\/fr\/jornadas-de-sensibilizacion-y-prevencion-de-la-violencia-sexual-en-el-ambito-universitario-guadalajara\/","title":{"rendered":"\u201c JOURN\u00c9ES DE SENSIBILISATION ET DE PR\u00c9VENTION DES VIOLENCES SEXUELLES EN MILIEU UNIVERSITAIRE \u201d GUADALAJARA"},"content":{"rendered":"<h5 class=\"wp-block-heading\"><br>Introducci\u00f3n a las Jornadas<\/h5>\n\n\n\n<p>Estas Jornadas de Sensibilizaci\u00f3n y Prevenci\u00f3n de la Violencia Sexual en el \u00c1mbito Universitario representan una iniciativa crucial organizada por el grupo de criminolog\u00eda de la Universidad Castilla-La Mancha. Este esfuerzo se origina de la creciente preocupaci\u00f3n por la violencia sexual en entornos acad\u00e9micos, lo que ha llevado a un reconocimiento urgente de la necesidad de abordar este problema con seriedad y efectividad. Las jornadas tienen como objetivo principal brindar un espacio de reflexi\u00f3n, formaci\u00f3n y concienciaci\u00f3n sobre la violencia sexual, un fen\u00f3meno que afecta a innumerables estudiantes en instituciones educativas de todo el mundo. <\/p>\n\n\n\n<p>\u00a1Tenemos que sensibilizarnos todos para poder parar la violencia sexual en cualquier entorno!<\/p>\n\n\n\n<p>Link para la inscripci\u00f3n: https:\/\/docs.google.com\/forms\/d\/e\/1FAIpQLSdbC4uhu1bR3V6c-gZkfOSaOCqDhrhhdnYuUTzLOukz_sCEiA\/viewform<\/p>\n\n\n\n<p><\/p>","protected":false},"excerpt":{"rendered":"<p>Introduction \u00e0 la conf\u00e9rence\u00a0: Cette conf\u00e9rence sur la sensibilisation et la pr\u00e9vention des violences sexuelles en milieu universitaire constitue une initiative essentielle du d\u00e9partement de criminologie de l\u2019Universit\u00e9 de Castille-La Manche. Cette action fait suite \u00e0 l\u2019inqui\u00e9tude croissante suscit\u00e9e par les violences sexuelles dans les milieux universitaires, qui a conduit \u00e0 une prise de conscience [\u2026]<\/p>","protected":false},"author":4,"featured_media":457,"comment_status":"closed","ping_status":"closed","sticky":false,"template":"","format":"standard","meta":{"footnotes":""},"categories":[1],"tags":[],"class_list":["post-456","post","type-post","status-publish","format-standard","has-post-thumbnail","hentry","category-uncategorized"],"yoast_head":"<!-- This site is optimized with the Yoast SEO plugin v26.3 - https:\/\/yoast.com\/wordpress\/plugins\/seo\/ -->\n<title>\u201cJORNADAS DE SENSIBILIZACI\u00d3N Y PREVENCI\u00d3N DE LA VIOLENCIA SEXUAL EN EL \u00c1MBITO UNIVERSITARIO\u201d GUADALAJARA - Claudia Cruzado<\/title>\n<meta name=\"robots\" content=\"index, follow, max-snippet:-1, max-image-preview:large, max-video-preview:-1\" \/>\n<link rel=\"canonical\" href=\"https:\/\/ccviolenciaeigualdad.com\/fr\/jornadas-de-sensibilizacion-y-prevencion-de-la-violencia-sexual-en-el-ambito-universitario-guadalajara\/\" \/>\n<meta property=\"og:locale\" content=\"fr_FR\" \/>\n<meta property=\"og:type\" content=\"article\" \/>\n<meta property=\"og:title\" content=\"\u201cJORNADAS DE SENSIBILIZACI\u00d3N Y PREVENCI\u00d3N DE LA VIOLENCIA SEXUAL EN EL \u00c1MBITO UNIVERSITARIO\u201d GUADALAJARA - Claudia Cruzado\" \/>\n<meta property=\"og:description\" content=\"Introducci\u00f3n a las Jornadas Estas Jornadas de Sensibilizaci\u00f3n y Prevenci\u00f3n de la Violencia Sexual en el \u00c1mbito Universitario representan una iniciativa crucial organizada por el grupo de criminolog\u00eda de la Universidad Castilla-La Mancha. Este esfuerzo se origina de la creciente preocupaci\u00f3n por la violencia sexual en entornos acad\u00e9micos, lo que ha llevado a un reconocimiento [&hellip;]\" \/>\n<meta property=\"og:url\" content=\"https:\/\/ccviolenciaeigualdad.com\/fr\/jornadas-de-sensibilizacion-y-prevencion-de-la-violencia-sexual-en-el-ambito-universitario-guadalajara\/\" \/>\n<meta property=\"og:site_name\" content=\"Claudia Cruzado\" \/>\n<meta property=\"article:published_time\" content=\"2024-12-02T21:12:15+00:00\" \/>\n<meta property=\"article:modified_time\" content=\"2024-12-02T21:13:12+00:00\" \/>\n<meta property=\"og:image\" content=\"https:\/\/ccviolenciaeigualdad.com\/wp-content\/uploads\/2024\/12\/Universidad-2024-12-02-220529.jpg\" \/>\n\t<meta property=\"og:image:width\" content=\"635\" \/>\n\t<meta property=\"og:image:height\" content=\"421\" \/>\n\t<meta property=\"og:image:type\" content=\"image\/jpeg\" \/>\n<meta name=\"author\" content=\"ClaudiaCruzado\" \/>\n<meta name=\"twitter:card\" content=\"summary_large_image\" \/>\n<meta name=\"twitter:label1\" content=\"\u00c9crit par\" \/>\n\t<meta name=\"twitter:data1\" content=\"ClaudiaCruzado\" \/>\n\t<meta name=\"twitter:label2\" content=\"Dur\u00e9e de lecture estim\u00e9e\" \/>\n\t<meta name=\"twitter:data2\" content=\"1 minute\" \/>\n<script type=\"application\/ld+json\" class=\"yoast-schema-graph\">{\"@context\":\"https:\/\/schema.org\",\"@graph\":[{\"@type\":\"Article\",\"@id\":\"https:\/\/ccviolenciaeigualdad.com\/jornadas-de-sensibilizacion-y-prevencion-de-la-violencia-sexual-en-el-ambito-universitario-guadalajara\/#article\",\"isPartOf\":{\"@id\":\"https:\/\/ccviolenciaeigualdad.com\/jornadas-de-sensibilizacion-y-prevencion-de-la-violencia-sexual-en-el-ambito-universitario-guadalajara\/\"},\"author\":{\"name\":\"ClaudiaCruzado\",\"@id\":\"https:\/\/ccviolenciaeigualdad.com\/#\/schema\/person\/2b905ae2f475f22f62b4cadef2183a5f\"},\"headline\":\"\u201cJORNADAS DE SENSIBILIZACI\u00d3N Y PREVENCI\u00d3N DE LA VIOLENCIA SEXUAL EN EL \u00c1MBITO UNIVERSITARIO\u201d GUADALAJARA\",\"datePublished\":\"2024-12-02T21:12:15+00:00\",\"dateModified\":\"2024-12-02T21:13:12+00:00\",\"mainEntityOfPage\":{\"@id\":\"https:\/\/ccviolenciaeigualdad.com\/jornadas-de-sensibilizacion-y-prevencion-de-la-violencia-sexual-en-el-ambito-universitario-guadalajara\/\"},\"wordCount\":157,\"publisher\":{\"@id\":\"https:\/\/ccviolenciaeigualdad.com\/#organization\"},\"image\":{\"@id\":\"https:\/\/ccviolenciaeigualdad.com\/jornadas-de-sensibilizacion-y-prevencion-de-la-violencia-sexual-en-el-ambito-universitario-guadalajara\/#primaryimage\"},\"thumbnailUrl\":\"https:\/\/ccviolenciaeigualdad.com\/wp-content\/uploads\/2024\/12\/Universidad-2024-12-02-220529.jpg\",\"articleSection\":[\"Uncategorized\"],\"inLanguage\":\"fr-FR\"},{\"@type\":\"WebPage\",\"@id\":\"https:\/\/ccviolenciaeigualdad.com\/jornadas-de-sensibilizacion-y-prevencion-de-la-violencia-sexual-en-el-ambito-universitario-guadalajara\/\",\"url\":\"https:\/\/ccviolenciaeigualdad.com\/jornadas-de-sensibilizacion-y-prevencion-de-la-violencia-sexual-en-el-ambito-universitario-guadalajara\/\",\"name\":\"\u201cJORNADAS DE SENSIBILIZACI\u00d3N Y PREVENCI\u00d3N DE LA VIOLENCIA SEXUAL EN EL \u00c1MBITO UNIVERSITARIO\u201d GUADALAJARA - Claudia Cruzado\",\"isPartOf\":{\"@id\":\"https:\/\/ccviolenciaeigualdad.com\/#website\"},\"primaryImageOfPage\":{\"@id\":\"https:\/\/ccviolenciaeigualdad.com\/jornadas-de-sensibilizacion-y-prevencion-de-la-violencia-sexual-en-el-ambito-universitario-guadalajara\/#primaryimage\"},\"image\":{\"@id\":\"https:\/\/ccviolenciaeigualdad.com\/jornadas-de-sensibilizacion-y-prevencion-de-la-violencia-sexual-en-el-ambito-universitario-guadalajara\/#primaryimage\"},\"thumbnailUrl\":\"https:\/\/ccviolenciaeigualdad.com\/wp-content\/uploads\/2024\/12\/Universidad-2024-12-02-220529.jpg\",\"datePublished\":\"2024-12-02T21:12:15+00:00\",\"dateModified\":\"2024-12-02T21:13:12+00:00\",\"breadcrumb\":{\"@id\":\"https:\/\/ccviolenciaeigualdad.com\/jornadas-de-sensibilizacion-y-prevencion-de-la-violencia-sexual-en-el-ambito-universitario-guadalajara\/#breadcrumb\"},\"inLanguage\":\"fr-FR\",\"potentialAction\":[{\"@type\":\"ReadAction\",\"target\":[\"https:\/\/ccviolenciaeigualdad.com\/jornadas-de-sensibilizacion-y-prevencion-de-la-violencia-sexual-en-el-ambito-universitario-guadalajara\/\"]}]},{\"@type\":\"ImageObject\",\"inLanguage\":\"fr-FR\",\"@id\":\"https:\/\/ccviolenciaeigualdad.com\/jornadas-de-sensibilizacion-y-prevencion-de-la-violencia-sexual-en-el-ambito-universitario-guadalajara\/#primaryimage\",\"url\":\"https:\/\/ccviolenciaeigualdad.com\/wp-content\/uploads\/2024\/12\/Universidad-2024-12-02-220529.jpg\",\"contentUrl\":\"https:\/\/ccviolenciaeigualdad.com\/wp-content\/uploads\/2024\/12\/Universidad-2024-12-02-220529.jpg\",\"width\":635,\"height\":421},{\"@type\":\"BreadcrumbList\",\"@id\":\"https:\/\/ccviolenciaeigualdad.com\/jornadas-de-sensibilizacion-y-prevencion-de-la-violencia-sexual-en-el-ambito-universitario-guadalajara\/#breadcrumb\",\"itemListElement\":[{\"@type\":\"ListItem\",\"position\":1,\"name\":\"Home\",\"item\":\"https:\/\/ccviolenciaeigualdad.com\/\"},{\"@type\":\"ListItem\",\"position\":2,\"name\":\"\u201cJORNADAS DE SENSIBILIZACI\u00d3N Y PREVENCI\u00d3N DE LA VIOLENCIA SEXUAL EN EL \u00c1MBITO UNIVERSITARIO\u201d GUADALAJARA\"}]},{\"@type\":\"WebSite\",\"@id\":\"https:\/\/ccviolenciaeigualdad.com\/#website\",\"url\":\"https:\/\/ccviolenciaeigualdad.com\/\",\"name\":\"Claudia Cruzado\",\"description\":\"Consultora especializada en igualdad, violencia de g\u00e9nero y acoso laboral\",\"publisher\":{\"@id\":\"https:\/\/ccviolenciaeigualdad.com\/#organization\"},\"potentialAction\":[{\"@type\":\"SearchAction\",\"target\":{\"@type\":\"EntryPoint\",\"urlTemplate\":\"https:\/\/ccviolenciaeigualdad.com\/?s={search_term_string}\"},\"query-input\":{\"@type\":\"PropertyValueSpecification\",\"valueRequired\":true,\"valueName\":\"search_term_string\"}}],\"inLanguage\":\"fr-FR\"},{\"@type\":\"Organization\",\"@id\":\"https:\/\/ccviolenciaeigualdad.com\/#organization\",\"name\":\"Claudia Cruzado\",\"url\":\"https:\/\/ccviolenciaeigualdad.com\/\",\"logo\":{\"@type\":\"ImageObject\",\"inLanguage\":\"fr-FR\",\"@id\":\"https:\/\/ccviolenciaeigualdad.com\/#\/schema\/logo\/image\/\",\"url\":\"https:\/\/ccviolenciaeigualdad.com\/wp-content\/uploads\/2025\/10\/cropped-logo-fondo-claudia-cruzado-1-1.png\",\"contentUrl\":\"https:\/\/ccviolenciaeigualdad.com\/wp-content\/uploads\/2025\/10\/cropped-logo-fondo-claudia-cruzado-1-1.png\",\"width\":1080,\"height\":373,\"caption\":\"Claudia Cruzado\"},\"image\":{\"@id\":\"https:\/\/ccviolenciaeigualdad.com\/#\/schema\/logo\/image\/\"}},{\"@type\":\"Person\",\"@id\":\"https:\/\/ccviolenciaeigualdad.com\/#\/schema\/person\/2b905ae2f475f22f62b4cadef2183a5f\",\"name\":\"ClaudiaCruzado\",\"url\":\"https:\/\/ccviolenciaeigualdad.com\/fr\/author\/claudiacruzado\/\"}]}<\/script>\n<!-- \/ Yoast SEO plugin. -->","yoast_head_json":{"title":"\u201cJORNADAS DE SENSIBILIZACI\u00d3N Y PREVENCI\u00d3N DE LA VIOLENCIA SEXUAL EN EL \u00c1MBITO UNIVERSITARIO\u201d GUADALAJARA - Claudia Cruzado","robots":{"index":"index","follow":"follow","max-snippet":"max-snippet:-1","max-image-preview":"max-image-preview:large","max-video-preview":"max-video-preview:-1"},"canonical":"https:\/\/ccviolenciaeigualdad.com\/fr\/jornadas-de-sensibilizacion-y-prevencion-de-la-violencia-sexual-en-el-ambito-universitario-guadalajara\/","og_locale":"fr_FR","og_type":"article","og_title":"\u201cJORNADAS DE SENSIBILIZACI\u00d3N Y PREVENCI\u00d3N DE LA VIOLENCIA SEXUAL EN EL \u00c1MBITO UNIVERSITARIO\u201d GUADALAJARA - Claudia Cruzado","og_description":"Introducci\u00f3n a las Jornadas Estas Jornadas de Sensibilizaci\u00f3n y Prevenci\u00f3n de la Violencia Sexual en el \u00c1mbito Universitario representan una iniciativa crucial organizada por el grupo de criminolog\u00eda de la Universidad Castilla-La Mancha. Este esfuerzo se origina de la creciente preocupaci\u00f3n por la violencia sexual en entornos acad\u00e9micos, lo que ha llevado a un reconocimiento [&hellip;]","og_url":"https:\/\/ccviolenciaeigualdad.com\/fr\/jornadas-de-sensibilizacion-y-prevencion-de-la-violencia-sexual-en-el-ambito-universitario-guadalajara\/","og_site_name":"Claudia Cruzado","article_published_time":"2024-12-02T21:12:15+00:00","article_modified_time":"2024-12-02T21:13:12+00:00","og_image":[{"width":635,"height":421,"url":"https:\/\/ccviolenciaeigualdad.com\/wp-content\/uploads\/2024\/12\/Universidad-2024-12-02-220529.jpg","type":"image\/jpeg"}],"author":"ClaudiaCruzado","twitter_card":"summary_large_image","twitter_misc":{"\u00c9crit par":"ClaudiaCruzado","Dur\u00e9e de lecture estim\u00e9e":"1 minute"},"schema":{"@context":"https:\/\/schema.org","@graph":[{"@type":"Article","@id":"https:\/\/ccviolenciaeigualdad.com\/jornadas-de-sensibilizacion-y-prevencion-de-la-violencia-sexual-en-el-ambito-universitario-guadalajara\/#article","isPartOf":{"@id":"https:\/\/ccviolenciaeigualdad.com\/jornadas-de-sensibilizacion-y-prevencion-de-la-violencia-sexual-en-el-ambito-universitario-guadalajara\/"},"author":{"name":"ClaudiaCruzado","@id":"https:\/\/ccviolenciaeigualdad.com\/#\/schema\/person\/2b905ae2f475f22f62b4cadef2183a5f"},"headline":"\u201cJORNADAS DE SENSIBILIZACI\u00d3N Y PREVENCI\u00d3N DE LA VIOLENCIA SEXUAL EN EL \u00c1MBITO UNIVERSITARIO\u201d GUADALAJARA","datePublished":"2024-12-02T21:12:15+00:00","dateModified":"2024-12-02T21:13:12+00:00","mainEntityOfPage":{"@id":"https:\/\/ccviolenciaeigualdad.com\/jornadas-de-sensibilizacion-y-prevencion-de-la-violencia-sexual-en-el-ambito-universitario-guadalajara\/"},"wordCount":157,"publisher":{"@id":"https:\/\/ccviolenciaeigualdad.com\/#organization"},"image":{"@id":"https:\/\/ccviolenciaeigualdad.com\/jornadas-de-sensibilizacion-y-prevencion-de-la-violencia-sexual-en-el-ambito-universitario-guadalajara\/#primaryimage"},"thumbnailUrl":"https:\/\/ccviolenciaeigualdad.com\/wp-content\/uploads\/2024\/12\/Universidad-2024-12-02-220529.jpg","articleSection":["Uncategorized"],"inLanguage":"fr-FR"},{"@type":"WebPage","@id":"https:\/\/ccviolenciaeigualdad.com\/jornadas-de-sensibilizacion-y-prevencion-de-la-violencia-sexual-en-el-ambito-universitario-guadalajara\/","url":"https:\/\/ccviolenciaeigualdad.com\/jornadas-de-sensibilizacion-y-prevencion-de-la-violencia-sexual-en-el-ambito-universitario-guadalajara\/","name":"\u201cJORNADAS DE SENSIBILIZACI\u00d3N Y PREVENCI\u00d3N DE LA VIOLENCIA SEXUAL EN EL \u00c1MBITO UNIVERSITARIO\u201d GUADALAJARA - Claudia Cruzado","isPartOf":{"@id":"https:\/\/ccviolenciaeigualdad.com\/#website"},"primaryImageOfPage":{"@id":"https:\/\/ccviolenciaeigualdad.com\/jornadas-de-sensibilizacion-y-prevencion-de-la-violencia-sexual-en-el-ambito-universitario-guadalajara\/#primaryimage"},"image":{"@id":"https:\/\/ccviolenciaeigualdad.com\/jornadas-de-sensibilizacion-y-prevencion-de-la-violencia-sexual-en-el-ambito-universitario-guadalajara\/#primaryimage"},"thumbnailUrl":"https:\/\/ccviolenciaeigualdad.com\/wp-content\/uploads\/2024\/12\/Universidad-2024-12-02-220529.jpg","datePublished":"2024-12-02T21:12:15+00:00","dateModified":"2024-12-02T21:13:12+00:00","breadcrumb":{"@id":"https:\/\/ccviolenciaeigualdad.com\/jornadas-de-sensibilizacion-y-prevencion-de-la-violencia-sexual-en-el-ambito-universitario-guadalajara\/#breadcrumb"},"inLanguage":"fr-FR","potentialAction":[{"@type":"ReadAction","target":["https:\/\/ccviolenciaeigualdad.com\/jornadas-de-sensibilizacion-y-prevencion-de-la-violencia-sexual-en-el-ambito-universitario-guadalajara\/"]}]},{"@type":"ImageObject","inLanguage":"fr-FR","@id":"https:\/\/ccviolenciaeigualdad.com\/jornadas-de-sensibilizacion-y-prevencion-de-la-violencia-sexual-en-el-ambito-universitario-guadalajara\/#primaryimage","url":"https:\/\/ccviolenciaeigualdad.com\/wp-content\/uploads\/2024\/12\/Universidad-2024-12-02-220529.jpg","contentUrl":"https:\/\/ccviolenciaeigualdad.com\/wp-content\/uploads\/2024\/12\/Universidad-2024-12-02-220529.jpg","width":635,"height":421},{"@type":"BreadcrumbList","@id":"https:\/\/ccviolenciaeigualdad.com\/jornadas-de-sensibilizacion-y-prevencion-de-la-violencia-sexual-en-el-ambito-universitario-guadalajara\/#breadcrumb","itemListElement":[{"@type":"ListItem","position":1,"name":"Home","item":"https:\/\/ccviolenciaeigualdad.com\/"},{"@type":"ListItem","position":2,"name":"\u201cJORNADAS DE SENSIBILIZACI\u00d3N Y PREVENCI\u00d3N DE LA VIOLENCIA SEXUAL EN EL \u00c1MBITO UNIVERSITARIO\u201d GUADALAJARA"}]},{"@type":"WebSite","@id":"https:\/\/ccviolenciaeigualdad.com\/#website","url":"https:\/\/ccviolenciaeigualdad.com\/","name":"Claudia Cruzado","description":"Consultante sp\u00e9cialis\u00e9e en \u00e9galit\u00e9, violence sexiste et harc\u00e8lement au travail","publisher":{"@id":"https:\/\/ccviolenciaeigualdad.com\/#organization"},"potentialAction":[{"@type":"SearchAction","target":{"@type":"EntryPoint","urlTemplate":"https:\/\/ccviolenciaeigualdad.com\/?s={search_term_string}"},"query-input":{"@type":"PropertyValueSpecification","valueRequired":true,"valueName":"search_term_string"}}],"inLanguage":"fr-FR"},{"@type":"Organization","@id":"https:\/\/ccviolenciaeigualdad.com\/#organization","name":"Claudia Cruzado","url":"https:\/\/ccviolenciaeigualdad.com\/","logo":{"@type":"ImageObject","inLanguage":"fr-FR","@id":"https:\/\/ccviolenciaeigualdad.com\/#\/schema\/logo\/image\/","url":"https:\/\/ccviolenciaeigualdad.com\/wp-content\/uploads\/2025\/10\/cropped-logo-fondo-claudia-cruzado-1-1.png","contentUrl":"https:\/\/ccviolenciaeigualdad.com\/wp-content\/uploads\/2025\/10\/cropped-logo-fondo-claudia-cruzado-1-1.png","width":1080,"height":373,"caption":"Claudia Cruzado"},"image":{"@id":"https:\/\/ccviolenciaeigualdad.com\/#\/schema\/logo\/image\/"}},{"@type":"Person","@id":"https:\/\/ccviolenciaeigualdad.com\/#\/schema\/person\/2b905ae2f475f22f62b4cadef2183a5f","name":"Claudia Cruzado","url":"https:\/\/ccviolenciaeigualdad.com\/fr\/author\/claudiacruzado\/"}]}},"_links":{"self":[{"href":"https:\/\/ccviolenciaeigualdad.com\/fr\/wp-json\/wp\/v2\/posts\/456","targetHints":{"allow":["GET"]}}],"collection":[{"href":"https:\/\/ccviolenciaeigualdad.com\/fr\/wp-json\/wp\/v2\/posts"}],"about":[{"href":"https:\/\/ccviolenciaeigualdad.com\/fr\/wp-json\/wp\/v2\/types\/post"}],"author":[{"embeddable":true,"href":"https:\/\/ccviolenciaeigualdad.com\/fr\/wp-json\/wp\/v2\/users\/4"}],"replies":[{"embeddable":true,"href":"https:\/\/ccviolenciaeigualdad.com\/fr\/wp-json\/wp\/v2\/comments?post=456"}],"version-history":[{"count":2,"href":"https:\/\/ccviolenciaeigualdad.com\/fr\/wp-json\/wp\/v2\/posts\/456\/revisions"}],"predecessor-version":[{"id":459,"href":"https:\/\/ccviolenciaeigualdad.com\/fr\/wp-json\/wp\/v2\/posts\/456\/revisions\/459"}],"wp:featuredmedia":[{"embeddable":true,"href":"https:\/\/ccviolenciaeigualdad.com\/fr\/wp-json\/wp\/v2\/media\/457"}],"wp:attachment":[{"href":"https:\/\/ccviolenciaeigualdad.com\/fr\/wp-json\/wp\/v2\/media?parent=456"}],"wp:term":[{"taxonomy":"category","embeddable":true,"href":"https:\/\/ccviolenciaeigualdad.com\/fr\/wp-json\/wp\/v2\/categories?post=456"},{"taxonomy":"post_tag","embeddable":true,"href":"https:\/\/ccviolenciaeigualdad.com\/fr\/wp-json\/wp\/v2\/tags?post=456"}],"curies":[{"name":"wp","href":"https:\/\/api.w.org\/{rel}","templated":true}]}}