{"id":451,"date":"2024-12-01T12:33:27","date_gmt":"2024-12-01T12:33:27","guid":{"rendered":"https:\/\/ccviolenciaeigualdad.com\/?p=451"},"modified":"2024-12-01T12:33:28","modified_gmt":"2024-12-01T12:33:28","slug":"explora-la-criminologia-y-justicia-restaurativa","status":"publish","type":"post","link":"https:\/\/ccviolenciaeigualdad.com\/fr\/explora-la-criminologia-y-justicia-restaurativa\/","title":{"rendered":"Explorez la criminologie et la justice r\u00e9paratrice"},"content":{"rendered":"<p><strong>Una maginifica oportunidad para  promover el intercambio de conocimientos y la colaboraci\u00f3n en el \u00e1mbito de la criminolog\u00eda y la justicia restaurativa, puedes mantenerte informados sobre los eventos y recursos disponibles en esta \u00e1rea. El objetivo es crear una comunidad m\u00e1s unida y consciente, donde se comparta informaci\u00f3n valiosa y se fomente el di\u00e1logo entre los profesionales y entusiastas del tema. Si tienes conocimiento de alg\u00fan evento o recurso relevante que podr\u00eda beneficiar a nuestra comunidad, te animamos a enviar un correo electr\u00f3nico a:<\/strong><\/p>\n\n\n\n<p>                                                                  <strong> eventos@ramasdeldialogo.com<\/strong><\/p>\n\n\n\n<p>Web: https:\/\/ramasdeldialogo.com\/<\/p>","protected":false},"excerpt":{"rendered":"<p>Une occasion exceptionnelle de promouvoir le partage des connaissances et la collaboration en criminologie et en justice r\u00e9paratrice. Vous pourrez ainsi vous tenir inform\u00e9(e) des \u00e9v\u00e9nements et des ressources disponibles dans ce domaine. L&#039;objectif est de cr\u00e9er une communaut\u00e9 plus unie et mieux inform\u00e9e, o\u00f9 les informations pertinentes sont partag\u00e9es et le dialogue encourag\u00e9.<\/p>","protected":false},"author":4,"featured_media":452,"comment_status":"closed","ping_status":"closed","sticky":false,"template":"","format":"standard","meta":{"footnotes":""},"categories":[1],"tags":[],"class_list":["post-451","post","type-post","status-publish","format-standard","has-post-thumbnail","hentry","category-uncategorized"],"yoast_head":"<!-- This site is optimized with the Yoast SEO plugin v26.3 - https:\/\/yoast.com\/wordpress\/plugins\/seo\/ -->\n<title>Explora la criminolog\u00eda y justicia restaurativa - Claudia Cruzado<\/title>\n<meta name=\"robots\" content=\"index, follow, max-snippet:-1, max-image-preview:large, max-video-preview:-1\" \/>\n<link rel=\"canonical\" href=\"https:\/\/ccviolenciaeigualdad.com\/fr\/explora-la-criminologia-y-justicia-restaurativa\/\" \/>\n<meta property=\"og:locale\" content=\"fr_FR\" \/>\n<meta property=\"og:type\" content=\"article\" \/>\n<meta property=\"og:title\" content=\"Explora la criminolog\u00eda y justicia restaurativa - Claudia Cruzado\" \/>\n<meta property=\"og:description\" content=\"Una maginifica oportunidad para promover el intercambio de conocimientos y la colaboraci\u00f3n en el \u00e1mbito de la criminolog\u00eda y la justicia restaurativa, puedes mantenerte informados sobre los eventos y recursos disponibles en esta \u00e1rea. El objetivo es crear una comunidad m\u00e1s unida y consciente, donde se comparta informaci\u00f3n valiosa y se fomente el di\u00e1logo entre [&hellip;]\" \/>\n<meta property=\"og:url\" content=\"https:\/\/ccviolenciaeigualdad.com\/fr\/explora-la-criminologia-y-justicia-restaurativa\/\" \/>\n<meta property=\"og:site_name\" content=\"Claudia Cruzado\" \/>\n<meta property=\"article:published_time\" content=\"2024-12-01T12:33:27+00:00\" \/>\n<meta property=\"article:modified_time\" content=\"2024-12-01T12:33:28+00:00\" \/>\n<meta property=\"og:image\" content=\"https:\/\/ccviolenciaeigualdad.com\/wp-content\/uploads\/2024\/12\/Justicia-restaurativa-y-criminologia.-2024-12-01-133220.jpg\" \/>\n\t<meta property=\"og:image:width\" content=\"1189\" \/>\n\t<meta property=\"og:image:height\" content=\"388\" \/>\n\t<meta property=\"og:image:type\" content=\"image\/jpeg\" \/>\n<meta name=\"author\" content=\"ClaudiaCruzado\" \/>\n<meta name=\"twitter:card\" content=\"summary_large_image\" \/>\n<meta name=\"twitter:label1\" content=\"\u00c9crit par\" \/>\n\t<meta name=\"twitter:data1\" content=\"ClaudiaCruzado\" \/>\n\t<meta name=\"twitter:label2\" content=\"Dur\u00e9e de lecture estim\u00e9e\" \/>\n\t<meta name=\"twitter:data2\" content=\"1 minute\" \/>\n<script type=\"application\/ld+json\" class=\"yoast-schema-graph\">{\"@context\":\"https:\/\/schema.org\",\"@graph\":[{\"@type\":\"Article\",\"@id\":\"https:\/\/ccviolenciaeigualdad.com\/explora-la-criminologia-y-justicia-restaurativa\/#article\",\"isPartOf\":{\"@id\":\"https:\/\/ccviolenciaeigualdad.com\/explora-la-criminologia-y-justicia-restaurativa\/\"},\"author\":{\"name\":\"ClaudiaCruzado\",\"@id\":\"https:\/\/ccviolenciaeigualdad.com\/#\/schema\/person\/2b905ae2f475f22f62b4cadef2183a5f\"},\"headline\":\"Explora la criminolog\u00eda y justicia restaurativa\",\"datePublished\":\"2024-12-01T12:33:27+00:00\",\"dateModified\":\"2024-12-01T12:33:28+00:00\",\"mainEntityOfPage\":{\"@id\":\"https:\/\/ccviolenciaeigualdad.com\/explora-la-criminologia-y-justicia-restaurativa\/\"},\"wordCount\":106,\"publisher\":{\"@id\":\"https:\/\/ccviolenciaeigualdad.com\/#organization\"},\"image\":{\"@id\":\"https:\/\/ccviolenciaeigualdad.com\/explora-la-criminologia-y-justicia-restaurativa\/#primaryimage\"},\"thumbnailUrl\":\"https:\/\/ccviolenciaeigualdad.com\/wp-content\/uploads\/2024\/12\/Justicia-restaurativa-y-criminologia.-2024-12-01-133220.jpg\",\"articleSection\":[\"Uncategorized\"],\"inLanguage\":\"fr-FR\"},{\"@type\":\"WebPage\",\"@id\":\"https:\/\/ccviolenciaeigualdad.com\/explora-la-criminologia-y-justicia-restaurativa\/\",\"url\":\"https:\/\/ccviolenciaeigualdad.com\/explora-la-criminologia-y-justicia-restaurativa\/\",\"name\":\"Explora la criminolog\u00eda y justicia restaurativa - Claudia Cruzado\",\"isPartOf\":{\"@id\":\"https:\/\/ccviolenciaeigualdad.com\/#website\"},\"primaryImageOfPage\":{\"@id\":\"https:\/\/ccviolenciaeigualdad.com\/explora-la-criminologia-y-justicia-restaurativa\/#primaryimage\"},\"image\":{\"@id\":\"https:\/\/ccviolenciaeigualdad.com\/explora-la-criminologia-y-justicia-restaurativa\/#primaryimage\"},\"thumbnailUrl\":\"https:\/\/ccviolenciaeigualdad.com\/wp-content\/uploads\/2024\/12\/Justicia-restaurativa-y-criminologia.-2024-12-01-133220.jpg\",\"datePublished\":\"2024-12-01T12:33:27+00:00\",\"dateModified\":\"2024-12-01T12:33:28+00:00\",\"breadcrumb\":{\"@id\":\"https:\/\/ccviolenciaeigualdad.com\/explora-la-criminologia-y-justicia-restaurativa\/#breadcrumb\"},\"inLanguage\":\"fr-FR\",\"potentialAction\":[{\"@type\":\"ReadAction\",\"target\":[\"https:\/\/ccviolenciaeigualdad.com\/explora-la-criminologia-y-justicia-restaurativa\/\"]}]},{\"@type\":\"ImageObject\",\"inLanguage\":\"fr-FR\",\"@id\":\"https:\/\/ccviolenciaeigualdad.com\/explora-la-criminologia-y-justicia-restaurativa\/#primaryimage\",\"url\":\"https:\/\/ccviolenciaeigualdad.com\/wp-content\/uploads\/2024\/12\/Justicia-restaurativa-y-criminologia.-2024-12-01-133220.jpg\",\"contentUrl\":\"https:\/\/ccviolenciaeigualdad.com\/wp-content\/uploads\/2024\/12\/Justicia-restaurativa-y-criminologia.-2024-12-01-133220.jpg\",\"width\":1189,\"height\":388},{\"@type\":\"BreadcrumbList\",\"@id\":\"https:\/\/ccviolenciaeigualdad.com\/explora-la-criminologia-y-justicia-restaurativa\/#breadcrumb\",\"itemListElement\":[{\"@type\":\"ListItem\",\"position\":1,\"name\":\"Home\",\"item\":\"https:\/\/ccviolenciaeigualdad.com\/\"},{\"@type\":\"ListItem\",\"position\":2,\"name\":\"Explora la criminolog\u00eda y justicia restaurativa\"}]},{\"@type\":\"WebSite\",\"@id\":\"https:\/\/ccviolenciaeigualdad.com\/#website\",\"url\":\"https:\/\/ccviolenciaeigualdad.com\/\",\"name\":\"Claudia Cruzado\",\"description\":\"Consultora especializada en igualdad, violencia de g\u00e9nero y acoso laboral\",\"publisher\":{\"@id\":\"https:\/\/ccviolenciaeigualdad.com\/#organization\"},\"potentialAction\":[{\"@type\":\"SearchAction\",\"target\":{\"@type\":\"EntryPoint\",\"urlTemplate\":\"https:\/\/ccviolenciaeigualdad.com\/?s={search_term_string}\"},\"query-input\":{\"@type\":\"PropertyValueSpecification\",\"valueRequired\":true,\"valueName\":\"search_term_string\"}}],\"inLanguage\":\"fr-FR\"},{\"@type\":\"Organization\",\"@id\":\"https:\/\/ccviolenciaeigualdad.com\/#organization\",\"name\":\"Claudia Cruzado\",\"url\":\"https:\/\/ccviolenciaeigualdad.com\/\",\"logo\":{\"@type\":\"ImageObject\",\"inLanguage\":\"fr-FR\",\"@id\":\"https:\/\/ccviolenciaeigualdad.com\/#\/schema\/logo\/image\/\",\"url\":\"https:\/\/ccviolenciaeigualdad.com\/wp-content\/uploads\/2025\/10\/cropped-logo-fondo-claudia-cruzado-1-1.png\",\"contentUrl\":\"https:\/\/ccviolenciaeigualdad.com\/wp-content\/uploads\/2025\/10\/cropped-logo-fondo-claudia-cruzado-1-1.png\",\"width\":1080,\"height\":373,\"caption\":\"Claudia Cruzado\"},\"image\":{\"@id\":\"https:\/\/ccviolenciaeigualdad.com\/#\/schema\/logo\/image\/\"}},{\"@type\":\"Person\",\"@id\":\"https:\/\/ccviolenciaeigualdad.com\/#\/schema\/person\/2b905ae2f475f22f62b4cadef2183a5f\",\"name\":\"ClaudiaCruzado\",\"url\":\"https:\/\/ccviolenciaeigualdad.com\/fr\/author\/claudiacruzado\/\"}]}<\/script>\n<!-- \/ Yoast SEO plugin. -->","yoast_head_json":{"title":"Explora la criminolog\u00eda y justicia restaurativa - Claudia Cruzado","robots":{"index":"index","follow":"follow","max-snippet":"max-snippet:-1","max-image-preview":"max-image-preview:large","max-video-preview":"max-video-preview:-1"},"canonical":"https:\/\/ccviolenciaeigualdad.com\/fr\/explora-la-criminologia-y-justicia-restaurativa\/","og_locale":"fr_FR","og_type":"article","og_title":"Explora la criminolog\u00eda y justicia restaurativa - Claudia Cruzado","og_description":"Una maginifica oportunidad para promover el intercambio de conocimientos y la colaboraci\u00f3n en el \u00e1mbito de la criminolog\u00eda y la justicia restaurativa, puedes mantenerte informados sobre los eventos y recursos disponibles en esta \u00e1rea. El objetivo es crear una comunidad m\u00e1s unida y consciente, donde se comparta informaci\u00f3n valiosa y se fomente el di\u00e1logo entre [&hellip;]","og_url":"https:\/\/ccviolenciaeigualdad.com\/fr\/explora-la-criminologia-y-justicia-restaurativa\/","og_site_name":"Claudia Cruzado","article_published_time":"2024-12-01T12:33:27+00:00","article_modified_time":"2024-12-01T12:33:28+00:00","og_image":[{"width":1189,"height":388,"url":"https:\/\/ccviolenciaeigualdad.com\/wp-content\/uploads\/2024\/12\/Justicia-restaurativa-y-criminologia.-2024-12-01-133220.jpg","type":"image\/jpeg"}],"author":"ClaudiaCruzado","twitter_card":"summary_large_image","twitter_misc":{"\u00c9crit par":"ClaudiaCruzado","Dur\u00e9e de lecture estim\u00e9e":"1 minute"},"schema":{"@context":"https:\/\/schema.org","@graph":[{"@type":"Article","@id":"https:\/\/ccviolenciaeigualdad.com\/explora-la-criminologia-y-justicia-restaurativa\/#article","isPartOf":{"@id":"https:\/\/ccviolenciaeigualdad.com\/explora-la-criminologia-y-justicia-restaurativa\/"},"author":{"name":"ClaudiaCruzado","@id":"https:\/\/ccviolenciaeigualdad.com\/#\/schema\/person\/2b905ae2f475f22f62b4cadef2183a5f"},"headline":"Explora la criminolog\u00eda y justicia restaurativa","datePublished":"2024-12-01T12:33:27+00:00","dateModified":"2024-12-01T12:33:28+00:00","mainEntityOfPage":{"@id":"https:\/\/ccviolenciaeigualdad.com\/explora-la-criminologia-y-justicia-restaurativa\/"},"wordCount":106,"publisher":{"@id":"https:\/\/ccviolenciaeigualdad.com\/#organization"},"image":{"@id":"https:\/\/ccviolenciaeigualdad.com\/explora-la-criminologia-y-justicia-restaurativa\/#primaryimage"},"thumbnailUrl":"https:\/\/ccviolenciaeigualdad.com\/wp-content\/uploads\/2024\/12\/Justicia-restaurativa-y-criminologia.-2024-12-01-133220.jpg","articleSection":["Uncategorized"],"inLanguage":"fr-FR"},{"@type":"WebPage","@id":"https:\/\/ccviolenciaeigualdad.com\/explora-la-criminologia-y-justicia-restaurativa\/","url":"https:\/\/ccviolenciaeigualdad.com\/explora-la-criminologia-y-justicia-restaurativa\/","name":"Explora la criminolog\u00eda y justicia restaurativa - Claudia Cruzado","isPartOf":{"@id":"https:\/\/ccviolenciaeigualdad.com\/#website"},"primaryImageOfPage":{"@id":"https:\/\/ccviolenciaeigualdad.com\/explora-la-criminologia-y-justicia-restaurativa\/#primaryimage"},"image":{"@id":"https:\/\/ccviolenciaeigualdad.com\/explora-la-criminologia-y-justicia-restaurativa\/#primaryimage"},"thumbnailUrl":"https:\/\/ccviolenciaeigualdad.com\/wp-content\/uploads\/2024\/12\/Justicia-restaurativa-y-criminologia.-2024-12-01-133220.jpg","datePublished":"2024-12-01T12:33:27+00:00","dateModified":"2024-12-01T12:33:28+00:00","breadcrumb":{"@id":"https:\/\/ccviolenciaeigualdad.com\/explora-la-criminologia-y-justicia-restaurativa\/#breadcrumb"},"inLanguage":"fr-FR","potentialAction":[{"@type":"ReadAction","target":["https:\/\/ccviolenciaeigualdad.com\/explora-la-criminologia-y-justicia-restaurativa\/"]}]},{"@type":"ImageObject","inLanguage":"fr-FR","@id":"https:\/\/ccviolenciaeigualdad.com\/explora-la-criminologia-y-justicia-restaurativa\/#primaryimage","url":"https:\/\/ccviolenciaeigualdad.com\/wp-content\/uploads\/2024\/12\/Justicia-restaurativa-y-criminologia.-2024-12-01-133220.jpg","contentUrl":"https:\/\/ccviolenciaeigualdad.com\/wp-content\/uploads\/2024\/12\/Justicia-restaurativa-y-criminologia.-2024-12-01-133220.jpg","width":1189,"height":388},{"@type":"BreadcrumbList","@id":"https:\/\/ccviolenciaeigualdad.com\/explora-la-criminologia-y-justicia-restaurativa\/#breadcrumb","itemListElement":[{"@type":"ListItem","position":1,"name":"Home","item":"https:\/\/ccviolenciaeigualdad.com\/"},{"@type":"ListItem","position":2,"name":"Explora la criminolog\u00eda y justicia restaurativa"}]},{"@type":"WebSite","@id":"https:\/\/ccviolenciaeigualdad.com\/#website","url":"https:\/\/ccviolenciaeigualdad.com\/","name":"Claudia Cruzado","description":"Consultante sp\u00e9cialis\u00e9e en \u00e9galit\u00e9, violence sexiste et harc\u00e8lement au travail","publisher":{"@id":"https:\/\/ccviolenciaeigualdad.com\/#organization"},"potentialAction":[{"@type":"SearchAction","target":{"@type":"EntryPoint","urlTemplate":"https:\/\/ccviolenciaeigualdad.com\/?s={search_term_string}"},"query-input":{"@type":"PropertyValueSpecification","valueRequired":true,"valueName":"search_term_string"}}],"inLanguage":"fr-FR"},{"@type":"Organization","@id":"https:\/\/ccviolenciaeigualdad.com\/#organization","name":"Claudia Cruzado","url":"https:\/\/ccviolenciaeigualdad.com\/","logo":{"@type":"ImageObject","inLanguage":"fr-FR","@id":"https:\/\/ccviolenciaeigualdad.com\/#\/schema\/logo\/image\/","url":"https:\/\/ccviolenciaeigualdad.com\/wp-content\/uploads\/2025\/10\/cropped-logo-fondo-claudia-cruzado-1-1.png","contentUrl":"https:\/\/ccviolenciaeigualdad.com\/wp-content\/uploads\/2025\/10\/cropped-logo-fondo-claudia-cruzado-1-1.png","width":1080,"height":373,"caption":"Claudia Cruzado"},"image":{"@id":"https:\/\/ccviolenciaeigualdad.com\/#\/schema\/logo\/image\/"}},{"@type":"Person","@id":"https:\/\/ccviolenciaeigualdad.com\/#\/schema\/person\/2b905ae2f475f22f62b4cadef2183a5f","name":"Claudia Cruzado","url":"https:\/\/ccviolenciaeigualdad.com\/fr\/author\/claudiacruzado\/"}]}},"_links":{"self":[{"href":"https:\/\/ccviolenciaeigualdad.com\/fr\/wp-json\/wp\/v2\/posts\/451","targetHints":{"allow":["GET"]}}],"collection":[{"href":"https:\/\/ccviolenciaeigualdad.com\/fr\/wp-json\/wp\/v2\/posts"}],"about":[{"href":"https:\/\/ccviolenciaeigualdad.com\/fr\/wp-json\/wp\/v2\/types\/post"}],"author":[{"embeddable":true,"href":"https:\/\/ccviolenciaeigualdad.com\/fr\/wp-json\/wp\/v2\/users\/4"}],"replies":[{"embeddable":true,"href":"https:\/\/ccviolenciaeigualdad.com\/fr\/wp-json\/wp\/v2\/comments?post=451"}],"version-history":[{"count":1,"href":"https:\/\/ccviolenciaeigualdad.com\/fr\/wp-json\/wp\/v2\/posts\/451\/revisions"}],"predecessor-version":[{"id":453,"href":"https:\/\/ccviolenciaeigualdad.com\/fr\/wp-json\/wp\/v2\/posts\/451\/revisions\/453"}],"wp:featuredmedia":[{"embeddable":true,"href":"https:\/\/ccviolenciaeigualdad.com\/fr\/wp-json\/wp\/v2\/media\/452"}],"wp:attachment":[{"href":"https:\/\/ccviolenciaeigualdad.com\/fr\/wp-json\/wp\/v2\/media?parent=451"}],"wp:term":[{"taxonomy":"category","embeddable":true,"href":"https:\/\/ccviolenciaeigualdad.com\/fr\/wp-json\/wp\/v2\/categories?post=451"},{"taxonomy":"post_tag","embeddable":true,"href":"https:\/\/ccviolenciaeigualdad.com\/fr\/wp-json\/wp\/v2\/tags?post=451"}],"curies":[{"name":"wp","href":"https:\/\/api.w.org\/{rel}","templated":true}]}}