{"id":425,"date":"2024-10-16T11:45:58","date_gmt":"2024-10-16T11:45:58","guid":{"rendered":"https:\/\/ccviolenciaeigualdad.com\/?p=425"},"modified":"2024-10-22T14:12:10","modified_gmt":"2024-10-22T14:12:10","slug":"viii-congres-per-lerradicacio-de-les-violencies-masclistes-des-dels-serveis-socials-i-sanitaris","status":"publish","type":"post","link":"https:\/\/ccviolenciaeigualdad.com\/fr\/viii-congres-per-lerradicacio-de-les-violencies-masclistes-des-dels-serveis-socials-i-sanitaris\/","title":{"rendered":"VIIIe Congr\u00e8s pour l&#039;\u00e9radication de la violence domestique des services sociaux et de sant\u00e9"},"content":{"rendered":"<p>Lors du Congr\u00e8s pour l&#039;\u00e9radication des violences masculines dans les services sociaux et sanitaires, dont la derni\u00e8re \u00e9dition a \u00e9t\u00e9 consacr\u00e9e aux droits sexuels et reproductifs (DSiR), des professionnelles f\u00e9ministes et des expertes de diff\u00e9rents domaines ont particip\u00e9 \u00e0 une discussion sur ce sujet. Ce congr\u00e8s a offert un espace de r\u00e9flexion et d&#039;analyse critique afin de construire un espace de d\u00e9fense des DSiR face aux menaces qui p\u00e8sent sur les droits des personnes dans toute leur diversit\u00e9, et ainsi progresser vers une perspective plus f\u00e9ministe et un engagement plus fort en faveur de la d\u00e9fense des droits fondamentaux.<\/p>\n\n\n\n<p>Inscriptions gratuites et ouvertes.<br>Link: file:\/\/\/C:\/Users\/34692\/Downloads\/8%20Congres%20erradicaiA%CC%83%C2%B3%20violA%CC%83%C2%A8ncies.%20Serveis%20socials%20i%20sanitaris.pdf<\/p>","protected":false},"excerpt":{"rendered":"<p>Lors du Congr\u00e8s pour l&#039;\u00e9radication des violences masculines dans les services sociaux et sanitaires, dont la derni\u00e8re \u00e9dition a \u00e9t\u00e9 consacr\u00e9e aux droits sexuels et reproductifs (DSiR), des professionnelles f\u00e9ministes et des expertes de diff\u00e9rents domaines ont particip\u00e9 \u00e0 une discussion sur ce sujet. Ce congr\u00e8s a offert un espace de r\u00e9flexion et d&#039;analyse critique afin de construire un espace de d\u00e9fense des DSiR face aux menaces qui p\u00e8sent sur les droits des personnes dans toute leur diversit\u00e9, et ainsi progresser vers une perspective plus f\u00e9ministe et un engagement plus fort en faveur de la d\u00e9fense des droits fondamentaux.<\/p>\n<p>Inscriptions gratuites et ouvertes.<br \/>\nLink: file:\/\/\/C:\/Users\/34692\/Downloads\/8%20Congres%20erradicaiA%CC%83%C2%B3%20violA%CC%83%C2%A8ncies.%20Serveis%20socials%20i%20sanitaris.pdf<\/p>","protected":false},"author":4,"featured_media":426,"comment_status":"closed","ping_status":"closed","sticky":false,"template":"","format":"standard","meta":{"footnotes":""},"categories":[1],"tags":[],"class_list":["post-425","post","type-post","status-publish","format-standard","has-post-thumbnail","hentry","category-uncategorized"],"yoast_head":"<!-- This site is optimized with the Yoast SEO plugin v26.3 - https:\/\/yoast.com\/wordpress\/plugins\/seo\/ -->\n<title>VIII Congr\u00e9s per l\u2019erradicaci\u00f3 de les viol\u00e8ncies masclistes des dels serveis socials i sanitaris - Claudia Cruzado<\/title>\n<meta name=\"robots\" content=\"index, follow, max-snippet:-1, max-image-preview:large, max-video-preview:-1\" \/>\n<link rel=\"canonical\" href=\"https:\/\/ccviolenciaeigualdad.com\/fr\/viii-congres-per-lerradicacio-de-les-violencies-masclistes-des-dels-serveis-socials-i-sanitaris\/\" \/>\n<meta property=\"og:locale\" content=\"fr_FR\" \/>\n<meta property=\"og:type\" content=\"article\" \/>\n<meta property=\"og:title\" content=\"VIII Congr\u00e9s per l\u2019erradicaci\u00f3 de les viol\u00e8ncies masclistes des dels serveis socials i sanitaris - Claudia Cruzado\" \/>\n<meta property=\"og:description\" content=\"En el Congr\u00e9s per l\u2019erradicaci\u00f3 de les viol\u00e8ncies masclistes des dels serveis socials i sanitaris, en la seva vuitena edici\u00f3. Es parlar\u00e0 de drets sexuals i reproductius (DSiR) amb la participaci\u00f3 de professionals i expertes feministes de diferents \u00e0mbits. Ser\u00e0 un espai de reflexi\u00f3 i pensament cr\u00edtic on volem construir plegats un espai de defensa dels DSiR front l\u2019actual context global d\u2019atac als drets de les dones en tota la seva diversitat, per tal d\u2019avan\u00e7ar cap a una mirada m\u00e9s feminista i compromesa amb la defensa dels drets fonamentals. Inscripcions gratu\u00eftes obertes. Link: file:\/\/\/C:\/Users\/34692\/Downloads\/8%20Congres%20erradicaiA%CC%83%C2%B3%20violA%CC%83%C2%A8ncies.%20Serveis%20socials%20i%20sanitaris.pdf\" \/>\n<meta property=\"og:url\" content=\"https:\/\/ccviolenciaeigualdad.com\/fr\/viii-congres-per-lerradicacio-de-les-violencies-masclistes-des-dels-serveis-socials-i-sanitaris\/\" \/>\n<meta property=\"og:site_name\" content=\"Claudia Cruzado\" \/>\n<meta property=\"article:published_time\" content=\"2024-10-16T11:45:58+00:00\" \/>\n<meta property=\"article:modified_time\" content=\"2024-10-22T14:12:10+00:00\" \/>\n<meta property=\"og:image\" content=\"https:\/\/ccviolenciaeigualdad.com\/wp-content\/uploads\/2024\/10\/Foto-VIII-congreso.jpg\" \/>\n\t<meta property=\"og:image:width\" content=\"472\" \/>\n\t<meta property=\"og:image:height\" content=\"673\" \/>\n\t<meta property=\"og:image:type\" content=\"image\/jpeg\" \/>\n<meta name=\"author\" content=\"ClaudiaCruzado\" \/>\n<meta name=\"twitter:card\" content=\"summary_large_image\" \/>\n<meta name=\"twitter:label1\" content=\"\u00c9crit par\" \/>\n\t<meta name=\"twitter:data1\" content=\"ClaudiaCruzado\" \/>\n\t<meta name=\"twitter:label2\" content=\"Dur\u00e9e de lecture estim\u00e9e\" \/>\n\t<meta name=\"twitter:data2\" content=\"1 minute\" \/>\n<script type=\"application\/ld+json\" class=\"yoast-schema-graph\">{\"@context\":\"https:\/\/schema.org\",\"@graph\":[{\"@type\":\"Article\",\"@id\":\"https:\/\/ccviolenciaeigualdad.com\/viii-congres-per-lerradicacio-de-les-violencies-masclistes-des-dels-serveis-socials-i-sanitaris\/#article\",\"isPartOf\":{\"@id\":\"https:\/\/ccviolenciaeigualdad.com\/viii-congres-per-lerradicacio-de-les-violencies-masclistes-des-dels-serveis-socials-i-sanitaris\/\"},\"author\":{\"name\":\"ClaudiaCruzado\",\"@id\":\"https:\/\/ccviolenciaeigualdad.com\/#\/schema\/person\/2b905ae2f475f22f62b4cadef2183a5f\"},\"headline\":\"VIII Congr\u00e9s per l\u2019erradicaci\u00f3 de les viol\u00e8ncies masclistes des dels serveis socials i sanitaris\",\"datePublished\":\"2024-10-16T11:45:58+00:00\",\"dateModified\":\"2024-10-22T14:12:10+00:00\",\"mainEntityOfPage\":{\"@id\":\"https:\/\/ccviolenciaeigualdad.com\/viii-congres-per-lerradicacio-de-les-violencies-masclistes-des-dels-serveis-socials-i-sanitaris\/\"},\"wordCount\":139,\"publisher\":{\"@id\":\"https:\/\/ccviolenciaeigualdad.com\/#organization\"},\"image\":{\"@id\":\"https:\/\/ccviolenciaeigualdad.com\/viii-congres-per-lerradicacio-de-les-violencies-masclistes-des-dels-serveis-socials-i-sanitaris\/#primaryimage\"},\"thumbnailUrl\":\"https:\/\/ccviolenciaeigualdad.com\/wp-content\/uploads\/2024\/10\/Foto-VIII-congreso.jpg\",\"articleSection\":[\"Uncategorized\"],\"inLanguage\":\"fr-FR\"},{\"@type\":\"WebPage\",\"@id\":\"https:\/\/ccviolenciaeigualdad.com\/viii-congres-per-lerradicacio-de-les-violencies-masclistes-des-dels-serveis-socials-i-sanitaris\/\",\"url\":\"https:\/\/ccviolenciaeigualdad.com\/viii-congres-per-lerradicacio-de-les-violencies-masclistes-des-dels-serveis-socials-i-sanitaris\/\",\"name\":\"VIII Congr\u00e9s per l\u2019erradicaci\u00f3 de les viol\u00e8ncies masclistes des dels serveis socials i sanitaris - Claudia Cruzado\",\"isPartOf\":{\"@id\":\"https:\/\/ccviolenciaeigualdad.com\/#website\"},\"primaryImageOfPage\":{\"@id\":\"https:\/\/ccviolenciaeigualdad.com\/viii-congres-per-lerradicacio-de-les-violencies-masclistes-des-dels-serveis-socials-i-sanitaris\/#primaryimage\"},\"image\":{\"@id\":\"https:\/\/ccviolenciaeigualdad.com\/viii-congres-per-lerradicacio-de-les-violencies-masclistes-des-dels-serveis-socials-i-sanitaris\/#primaryimage\"},\"thumbnailUrl\":\"https:\/\/ccviolenciaeigualdad.com\/wp-content\/uploads\/2024\/10\/Foto-VIII-congreso.jpg\",\"datePublished\":\"2024-10-16T11:45:58+00:00\",\"dateModified\":\"2024-10-22T14:12:10+00:00\",\"breadcrumb\":{\"@id\":\"https:\/\/ccviolenciaeigualdad.com\/viii-congres-per-lerradicacio-de-les-violencies-masclistes-des-dels-serveis-socials-i-sanitaris\/#breadcrumb\"},\"inLanguage\":\"fr-FR\",\"potentialAction\":[{\"@type\":\"ReadAction\",\"target\":[\"https:\/\/ccviolenciaeigualdad.com\/viii-congres-per-lerradicacio-de-les-violencies-masclistes-des-dels-serveis-socials-i-sanitaris\/\"]}]},{\"@type\":\"ImageObject\",\"inLanguage\":\"fr-FR\",\"@id\":\"https:\/\/ccviolenciaeigualdad.com\/viii-congres-per-lerradicacio-de-les-violencies-masclistes-des-dels-serveis-socials-i-sanitaris\/#primaryimage\",\"url\":\"https:\/\/ccviolenciaeigualdad.com\/wp-content\/uploads\/2024\/10\/Foto-VIII-congreso.jpg\",\"contentUrl\":\"https:\/\/ccviolenciaeigualdad.com\/wp-content\/uploads\/2024\/10\/Foto-VIII-congreso.jpg\",\"width\":472,\"height\":673},{\"@type\":\"BreadcrumbList\",\"@id\":\"https:\/\/ccviolenciaeigualdad.com\/viii-congres-per-lerradicacio-de-les-violencies-masclistes-des-dels-serveis-socials-i-sanitaris\/#breadcrumb\",\"itemListElement\":[{\"@type\":\"ListItem\",\"position\":1,\"name\":\"Home\",\"item\":\"https:\/\/ccviolenciaeigualdad.com\/\"},{\"@type\":\"ListItem\",\"position\":2,\"name\":\"VIII Congr\u00e9s per l\u2019erradicaci\u00f3 de les viol\u00e8ncies masclistes des dels serveis socials i sanitaris\"}]},{\"@type\":\"WebSite\",\"@id\":\"https:\/\/ccviolenciaeigualdad.com\/#website\",\"url\":\"https:\/\/ccviolenciaeigualdad.com\/\",\"name\":\"Claudia Cruzado\",\"description\":\"Consultora especializada en igualdad, violencia de g\u00e9nero y acoso laboral\",\"publisher\":{\"@id\":\"https:\/\/ccviolenciaeigualdad.com\/#organization\"},\"potentialAction\":[{\"@type\":\"SearchAction\",\"target\":{\"@type\":\"EntryPoint\",\"urlTemplate\":\"https:\/\/ccviolenciaeigualdad.com\/?s={search_term_string}\"},\"query-input\":{\"@type\":\"PropertyValueSpecification\",\"valueRequired\":true,\"valueName\":\"search_term_string\"}}],\"inLanguage\":\"fr-FR\"},{\"@type\":\"Organization\",\"@id\":\"https:\/\/ccviolenciaeigualdad.com\/#organization\",\"name\":\"Claudia Cruzado\",\"url\":\"https:\/\/ccviolenciaeigualdad.com\/\",\"logo\":{\"@type\":\"ImageObject\",\"inLanguage\":\"fr-FR\",\"@id\":\"https:\/\/ccviolenciaeigualdad.com\/#\/schema\/logo\/image\/\",\"url\":\"https:\/\/ccviolenciaeigualdad.com\/wp-content\/uploads\/2025\/10\/cropped-logo-fondo-claudia-cruzado-1-1.png\",\"contentUrl\":\"https:\/\/ccviolenciaeigualdad.com\/wp-content\/uploads\/2025\/10\/cropped-logo-fondo-claudia-cruzado-1-1.png\",\"width\":1080,\"height\":373,\"caption\":\"Claudia Cruzado\"},\"image\":{\"@id\":\"https:\/\/ccviolenciaeigualdad.com\/#\/schema\/logo\/image\/\"}},{\"@type\":\"Person\",\"@id\":\"https:\/\/ccviolenciaeigualdad.com\/#\/schema\/person\/2b905ae2f475f22f62b4cadef2183a5f\",\"name\":\"ClaudiaCruzado\",\"url\":\"https:\/\/ccviolenciaeigualdad.com\/fr\/author\/claudiacruzado\/\"}]}<\/script>\n<!-- \/ Yoast SEO plugin. -->","yoast_head_json":{"title":"VIII Congr\u00e9s per l\u2019erradicaci\u00f3 de les viol\u00e8ncies masclistes des dels serveis socials i sanitaris - Claudia Cruzado","robots":{"index":"index","follow":"follow","max-snippet":"max-snippet:-1","max-image-preview":"max-image-preview:large","max-video-preview":"max-video-preview:-1"},"canonical":"https:\/\/ccviolenciaeigualdad.com\/fr\/viii-congres-per-lerradicacio-de-les-violencies-masclistes-des-dels-serveis-socials-i-sanitaris\/","og_locale":"fr_FR","og_type":"article","og_title":"VIII Congr\u00e9s per l\u2019erradicaci\u00f3 de les viol\u00e8ncies masclistes des dels serveis socials i sanitaris - Claudia Cruzado","og_description":"En el Congr\u00e9s per l\u2019erradicaci\u00f3 de les viol\u00e8ncies masclistes des dels serveis socials i sanitaris, en la seva vuitena edici\u00f3. Es parlar\u00e0 de drets sexuals i reproductius (DSiR) amb la participaci\u00f3 de professionals i expertes feministes de diferents \u00e0mbits. Ser\u00e0 un espai de reflexi\u00f3 i pensament cr\u00edtic on volem construir plegats un espai de defensa dels DSiR front l\u2019actual context global d\u2019atac als drets de les dones en tota la seva diversitat, per tal d\u2019avan\u00e7ar cap a una mirada m\u00e9s feminista i compromesa amb la defensa dels drets fonamentals. Inscripcions gratu\u00eftes obertes. Link: file:\/\/\/C:\/Users\/34692\/Downloads\/8%20Congres%20erradicaiA%CC%83%C2%B3%20violA%CC%83%C2%A8ncies.%20Serveis%20socials%20i%20sanitaris.pdf","og_url":"https:\/\/ccviolenciaeigualdad.com\/fr\/viii-congres-per-lerradicacio-de-les-violencies-masclistes-des-dels-serveis-socials-i-sanitaris\/","og_site_name":"Claudia Cruzado","article_published_time":"2024-10-16T11:45:58+00:00","article_modified_time":"2024-10-22T14:12:10+00:00","og_image":[{"width":472,"height":673,"url":"https:\/\/ccviolenciaeigualdad.com\/wp-content\/uploads\/2024\/10\/Foto-VIII-congreso.jpg","type":"image\/jpeg"}],"author":"ClaudiaCruzado","twitter_card":"summary_large_image","twitter_misc":{"\u00c9crit par":"ClaudiaCruzado","Dur\u00e9e de lecture estim\u00e9e":"1 minute"},"schema":{"@context":"https:\/\/schema.org","@graph":[{"@type":"Article","@id":"https:\/\/ccviolenciaeigualdad.com\/viii-congres-per-lerradicacio-de-les-violencies-masclistes-des-dels-serveis-socials-i-sanitaris\/#article","isPartOf":{"@id":"https:\/\/ccviolenciaeigualdad.com\/viii-congres-per-lerradicacio-de-les-violencies-masclistes-des-dels-serveis-socials-i-sanitaris\/"},"author":{"name":"ClaudiaCruzado","@id":"https:\/\/ccviolenciaeigualdad.com\/#\/schema\/person\/2b905ae2f475f22f62b4cadef2183a5f"},"headline":"VIII Congr\u00e9s per l\u2019erradicaci\u00f3 de les viol\u00e8ncies masclistes des dels serveis socials i sanitaris","datePublished":"2024-10-16T11:45:58+00:00","dateModified":"2024-10-22T14:12:10+00:00","mainEntityOfPage":{"@id":"https:\/\/ccviolenciaeigualdad.com\/viii-congres-per-lerradicacio-de-les-violencies-masclistes-des-dels-serveis-socials-i-sanitaris\/"},"wordCount":139,"publisher":{"@id":"https:\/\/ccviolenciaeigualdad.com\/#organization"},"image":{"@id":"https:\/\/ccviolenciaeigualdad.com\/viii-congres-per-lerradicacio-de-les-violencies-masclistes-des-dels-serveis-socials-i-sanitaris\/#primaryimage"},"thumbnailUrl":"https:\/\/ccviolenciaeigualdad.com\/wp-content\/uploads\/2024\/10\/Foto-VIII-congreso.jpg","articleSection":["Uncategorized"],"inLanguage":"fr-FR"},{"@type":"WebPage","@id":"https:\/\/ccviolenciaeigualdad.com\/viii-congres-per-lerradicacio-de-les-violencies-masclistes-des-dels-serveis-socials-i-sanitaris\/","url":"https:\/\/ccviolenciaeigualdad.com\/viii-congres-per-lerradicacio-de-les-violencies-masclistes-des-dels-serveis-socials-i-sanitaris\/","name":"VIII Congr\u00e9s per l\u2019erradicaci\u00f3 de les viol\u00e8ncies masclistes des dels serveis socials i sanitaris - Claudia Cruzado","isPartOf":{"@id":"https:\/\/ccviolenciaeigualdad.com\/#website"},"primaryImageOfPage":{"@id":"https:\/\/ccviolenciaeigualdad.com\/viii-congres-per-lerradicacio-de-les-violencies-masclistes-des-dels-serveis-socials-i-sanitaris\/#primaryimage"},"image":{"@id":"https:\/\/ccviolenciaeigualdad.com\/viii-congres-per-lerradicacio-de-les-violencies-masclistes-des-dels-serveis-socials-i-sanitaris\/#primaryimage"},"thumbnailUrl":"https:\/\/ccviolenciaeigualdad.com\/wp-content\/uploads\/2024\/10\/Foto-VIII-congreso.jpg","datePublished":"2024-10-16T11:45:58+00:00","dateModified":"2024-10-22T14:12:10+00:00","breadcrumb":{"@id":"https:\/\/ccviolenciaeigualdad.com\/viii-congres-per-lerradicacio-de-les-violencies-masclistes-des-dels-serveis-socials-i-sanitaris\/#breadcrumb"},"inLanguage":"fr-FR","potentialAction":[{"@type":"ReadAction","target":["https:\/\/ccviolenciaeigualdad.com\/viii-congres-per-lerradicacio-de-les-violencies-masclistes-des-dels-serveis-socials-i-sanitaris\/"]}]},{"@type":"ImageObject","inLanguage":"fr-FR","@id":"https:\/\/ccviolenciaeigualdad.com\/viii-congres-per-lerradicacio-de-les-violencies-masclistes-des-dels-serveis-socials-i-sanitaris\/#primaryimage","url":"https:\/\/ccviolenciaeigualdad.com\/wp-content\/uploads\/2024\/10\/Foto-VIII-congreso.jpg","contentUrl":"https:\/\/ccviolenciaeigualdad.com\/wp-content\/uploads\/2024\/10\/Foto-VIII-congreso.jpg","width":472,"height":673},{"@type":"BreadcrumbList","@id":"https:\/\/ccviolenciaeigualdad.com\/viii-congres-per-lerradicacio-de-les-violencies-masclistes-des-dels-serveis-socials-i-sanitaris\/#breadcrumb","itemListElement":[{"@type":"ListItem","position":1,"name":"Home","item":"https:\/\/ccviolenciaeigualdad.com\/"},{"@type":"ListItem","position":2,"name":"VIII Congr\u00e9s per l\u2019erradicaci\u00f3 de les viol\u00e8ncies masclistes des dels serveis socials i sanitaris"}]},{"@type":"WebSite","@id":"https:\/\/ccviolenciaeigualdad.com\/#website","url":"https:\/\/ccviolenciaeigualdad.com\/","name":"Claudia Cruzado","description":"Consultante sp\u00e9cialis\u00e9e en \u00e9galit\u00e9, violence sexiste et harc\u00e8lement au travail","publisher":{"@id":"https:\/\/ccviolenciaeigualdad.com\/#organization"},"potentialAction":[{"@type":"SearchAction","target":{"@type":"EntryPoint","urlTemplate":"https:\/\/ccviolenciaeigualdad.com\/?s={search_term_string}"},"query-input":{"@type":"PropertyValueSpecification","valueRequired":true,"valueName":"search_term_string"}}],"inLanguage":"fr-FR"},{"@type":"Organization","@id":"https:\/\/ccviolenciaeigualdad.com\/#organization","name":"Claudia Cruzado","url":"https:\/\/ccviolenciaeigualdad.com\/","logo":{"@type":"ImageObject","inLanguage":"fr-FR","@id":"https:\/\/ccviolenciaeigualdad.com\/#\/schema\/logo\/image\/","url":"https:\/\/ccviolenciaeigualdad.com\/wp-content\/uploads\/2025\/10\/cropped-logo-fondo-claudia-cruzado-1-1.png","contentUrl":"https:\/\/ccviolenciaeigualdad.com\/wp-content\/uploads\/2025\/10\/cropped-logo-fondo-claudia-cruzado-1-1.png","width":1080,"height":373,"caption":"Claudia Cruzado"},"image":{"@id":"https:\/\/ccviolenciaeigualdad.com\/#\/schema\/logo\/image\/"}},{"@type":"Person","@id":"https:\/\/ccviolenciaeigualdad.com\/#\/schema\/person\/2b905ae2f475f22f62b4cadef2183a5f","name":"Claudia Cruzado","url":"https:\/\/ccviolenciaeigualdad.com\/fr\/author\/claudiacruzado\/"}]}},"_links":{"self":[{"href":"https:\/\/ccviolenciaeigualdad.com\/fr\/wp-json\/wp\/v2\/posts\/425","targetHints":{"allow":["GET"]}}],"collection":[{"href":"https:\/\/ccviolenciaeigualdad.com\/fr\/wp-json\/wp\/v2\/posts"}],"about":[{"href":"https:\/\/ccviolenciaeigualdad.com\/fr\/wp-json\/wp\/v2\/types\/post"}],"author":[{"embeddable":true,"href":"https:\/\/ccviolenciaeigualdad.com\/fr\/wp-json\/wp\/v2\/users\/4"}],"replies":[{"embeddable":true,"href":"https:\/\/ccviolenciaeigualdad.com\/fr\/wp-json\/wp\/v2\/comments?post=425"}],"version-history":[{"count":2,"href":"https:\/\/ccviolenciaeigualdad.com\/fr\/wp-json\/wp\/v2\/posts\/425\/revisions"}],"predecessor-version":[{"id":433,"href":"https:\/\/ccviolenciaeigualdad.com\/fr\/wp-json\/wp\/v2\/posts\/425\/revisions\/433"}],"wp:featuredmedia":[{"embeddable":true,"href":"https:\/\/ccviolenciaeigualdad.com\/fr\/wp-json\/wp\/v2\/media\/426"}],"wp:attachment":[{"href":"https:\/\/ccviolenciaeigualdad.com\/fr\/wp-json\/wp\/v2\/media?parent=425"}],"wp:term":[{"taxonomy":"category","embeddable":true,"href":"https:\/\/ccviolenciaeigualdad.com\/fr\/wp-json\/wp\/v2\/categories?post=425"},{"taxonomy":"post_tag","embeddable":true,"href":"https:\/\/ccviolenciaeigualdad.com\/fr\/wp-json\/wp\/v2\/tags?post=425"}],"curies":[{"name":"wp","href":"https:\/\/api.w.org\/{rel}","templated":true}]}}