{"id":418,"date":"2024-10-16T11:33:15","date_gmt":"2024-10-16T11:33:15","guid":{"rendered":"https:\/\/ccviolenciaeigualdad.com\/?p=418"},"modified":"2024-10-16T11:36:03","modified_gmt":"2024-10-16T11:36:03","slug":"file-c-users-34692-downloads-programa20xx20focc80rum20ok20web-1-pdf","status":"publish","type":"post","link":"https:\/\/ccviolenciaeigualdad.com\/fr\/file-c-users-34692-downloads-programa20xx20focc80rum20ok20web-1-pdf\/","title":{"rendered":"XX F\u00d2RUM contre la violence de genre"},"content":{"rendered":"<p>Ja podeu consultar el programa del XV F\u00f2rum contra les Viol\u00e8ncies de G\u00e8nere que organitza la Plataforma Unit\u00e0ria contra les Viol\u00e8ncies de G\u00e8nere o que se celebrar\u00e0 els dies 7, 8 i 9 de novembre de 2024 a l\u2019Espai Francesca Bonnemaison de Barcelona. Enguany girar\u00e0 entorn al lliure consentiment, dret al propi cos.<\/p>\n\n\n\n<p>Dans un contexte social o\u00f9 les vies, les choses, les d\u00e9cisions et l&#039;autonomie des dons continuent d&#039;\u00eatre pos\u00e9es comme auparavant, il est essentiel d&#039;approfondir la signification du consentement dans les relations sexuelles et affectives.<br>Vous voyez, et c&#039;est aussi une question sociale, d&#039;un point de vue f\u00e9ministe. Plus qu&#039;un simple \u00ab oui \u00bb ou \u00ab non \u00bb, le consentement est un exercice de pouvoir personnel et collectif, une affirmation de notre libert\u00e9 de d\u00e9cider de nos vies, de nos relations et de nos biens. Regardez l&#039;\u00e9mission. Inscriptions ouvertes.<\/p>\n\n\n\n<p>Link: file:\/\/\/C:\/Users\/34692\/Downloads\/Programa%20XX%20Fo%CC%80rum%20OK%20WEB-1.pdf<\/p>\n\n\n\n<p><\/p>","protected":false},"excerpt":{"rendered":"<p>Vous pouvez consulter le programme du XVe Forum contre les violences faites aux femmes, organis\u00e9 par la Plateforme unitaire contre les violences faites aux femmes, qui se tiendra les 7, 8 et 9 novembre 2024 au Centre Francesca Bonnemaison de Barcelone. Les discussions porteront sur le consentement \u00e9clair\u00e9 et le droit \u00e0 la sexualit\u00e9. <\/p>\n<p>Dans un contexte social o\u00f9 les vies, les choses, les d\u00e9cisions et l&#039;autonomie des dons continuent d&#039;\u00eatre pos\u00e9es comme auparavant, il est essentiel d&#039;approfondir la signification du consentement dans les relations sexuelles et affectives.<br \/>\nVous voyez, et c&#039;est aussi une question sociale, d&#039;un point de vue f\u00e9ministe. Plus qu&#039;un simple \u00ab oui \u00bb ou \u00ab non \u00bb, le consentement est un exercice de pouvoir personnel et collectif, une affirmation de notre libert\u00e9 de d\u00e9cider de nos vies, de nos relations et de nos biens. Regardez l&#039;\u00e9mission. Inscriptions ouvertes.<\/p>","protected":false},"author":4,"featured_media":406,"comment_status":"closed","ping_status":"closed","sticky":false,"template":"","format":"standard","meta":{"footnotes":""},"categories":[1],"tags":[],"class_list":["post-418","post","type-post","status-publish","format-standard","has-post-thumbnail","hentry","category-uncategorized"],"yoast_head":"<!-- This site is optimized with the Yoast SEO plugin v26.3 - https:\/\/yoast.com\/wordpress\/plugins\/seo\/ -->\n<title>XX F\u00d2RUM contra les viol\u00e8ncies de g\u00e8nere - Claudia Cruzado<\/title>\n<meta name=\"robots\" content=\"index, follow, max-snippet:-1, max-image-preview:large, max-video-preview:-1\" \/>\n<link rel=\"canonical\" href=\"https:\/\/ccviolenciaeigualdad.com\/fr\/file-c-users-34692-downloads-programa20xx20focc80rum20ok20web-1-pdf\/\" \/>\n<meta property=\"og:locale\" content=\"fr_FR\" \/>\n<meta property=\"og:type\" content=\"article\" \/>\n<meta property=\"og:title\" content=\"XX F\u00d2RUM contra les viol\u00e8ncies de g\u00e8nere - Claudia Cruzado\" \/>\n<meta property=\"og:description\" content=\"Ja podeu consultar el programa del XV F\u00f2rum contra les Viol\u00e8ncies de G\u00e8nere que organitza la Plataforma Unit\u00e0ria contra les Viol\u00e8ncies de G\u00e8nere o que se celebrar\u00e0 els dies 7, 8 i 9 de novembre de 2024 a l\u2019Espai Francesca Bonnemaison de Barcelona. Enguany girar\u00e0 entorn al lliure consentiment, dret al propi cos.  En un context social en el qual, les vides, els cossos, les decisions i l&#039;autonomia de les dones continuen sent posats en q\u00fcesti\u00f3, \u00e9s essencial que aprofundim en el significat del consentiment, en les relacions sexoafecti- ves i socials, des d&#039;una perspectiva feminista. M\u00e9s enll\u00e0 d&#039;un simple &quot;s\u00ed&quot; o &quot;no&quot;, el consentiment \u00e9s un exercici de poder personal i col\u00b7lectiu, una afirmaci\u00f3 de la nostra llibertat per a decidir sobre les nostres vides, les nostres relacions i els nostres cossos. Veure el programa. Inscripcions obertes.\" \/>\n<meta property=\"og:url\" content=\"https:\/\/ccviolenciaeigualdad.com\/fr\/file-c-users-34692-downloads-programa20xx20focc80rum20ok20web-1-pdf\/\" \/>\n<meta property=\"og:site_name\" content=\"Claudia Cruzado\" \/>\n<meta property=\"article:published_time\" content=\"2024-10-16T11:33:15+00:00\" \/>\n<meta property=\"article:modified_time\" content=\"2024-10-16T11:36:03+00:00\" \/>\n<meta property=\"og:image\" content=\"https:\/\/ccviolenciaeigualdad.com\/wp-content\/uploads\/2024\/10\/Forum-XX-Violencia-de-genero.png\" \/>\n\t<meta property=\"og:image:width\" content=\"538\" \/>\n\t<meta property=\"og:image:height\" content=\"751\" \/>\n\t<meta property=\"og:image:type\" content=\"image\/png\" \/>\n<meta name=\"author\" content=\"ClaudiaCruzado\" \/>\n<meta name=\"twitter:card\" content=\"summary_large_image\" \/>\n<meta name=\"twitter:label1\" content=\"\u00c9crit par\" \/>\n\t<meta name=\"twitter:data1\" content=\"ClaudiaCruzado\" \/>\n\t<meta name=\"twitter:label2\" content=\"Dur\u00e9e de lecture estim\u00e9e\" \/>\n\t<meta name=\"twitter:data2\" content=\"1 minute\" \/>\n<script type=\"application\/ld+json\" class=\"yoast-schema-graph\">{\"@context\":\"https:\/\/schema.org\",\"@graph\":[{\"@type\":\"Article\",\"@id\":\"https:\/\/ccviolenciaeigualdad.com\/file-c-users-34692-downloads-programa20xx20focc80rum20ok20web-1-pdf\/#article\",\"isPartOf\":{\"@id\":\"https:\/\/ccviolenciaeigualdad.com\/file-c-users-34692-downloads-programa20xx20focc80rum20ok20web-1-pdf\/\"},\"author\":{\"name\":\"ClaudiaCruzado\",\"@id\":\"https:\/\/ccviolenciaeigualdad.com\/#\/schema\/person\/2b905ae2f475f22f62b4cadef2183a5f\"},\"headline\":\"XX F\u00d2RUM contra les viol\u00e8ncies de g\u00e8nere\",\"datePublished\":\"2024-10-16T11:33:15+00:00\",\"dateModified\":\"2024-10-16T11:36:03+00:00\",\"mainEntityOfPage\":{\"@id\":\"https:\/\/ccviolenciaeigualdad.com\/file-c-users-34692-downloads-programa20xx20focc80rum20ok20web-1-pdf\/\"},\"wordCount\":169,\"publisher\":{\"@id\":\"https:\/\/ccviolenciaeigualdad.com\/#organization\"},\"image\":{\"@id\":\"https:\/\/ccviolenciaeigualdad.com\/file-c-users-34692-downloads-programa20xx20focc80rum20ok20web-1-pdf\/#primaryimage\"},\"thumbnailUrl\":\"https:\/\/ccviolenciaeigualdad.com\/wp-content\/uploads\/2024\/10\/Forum-XX-Violencia-de-genero.png\",\"articleSection\":[\"Uncategorized\"],\"inLanguage\":\"fr-FR\"},{\"@type\":\"WebPage\",\"@id\":\"https:\/\/ccviolenciaeigualdad.com\/file-c-users-34692-downloads-programa20xx20focc80rum20ok20web-1-pdf\/\",\"url\":\"https:\/\/ccviolenciaeigualdad.com\/file-c-users-34692-downloads-programa20xx20focc80rum20ok20web-1-pdf\/\",\"name\":\"XX F\u00d2RUM contra les viol\u00e8ncies de g\u00e8nere - Claudia Cruzado\",\"isPartOf\":{\"@id\":\"https:\/\/ccviolenciaeigualdad.com\/#website\"},\"primaryImageOfPage\":{\"@id\":\"https:\/\/ccviolenciaeigualdad.com\/file-c-users-34692-downloads-programa20xx20focc80rum20ok20web-1-pdf\/#primaryimage\"},\"image\":{\"@id\":\"https:\/\/ccviolenciaeigualdad.com\/file-c-users-34692-downloads-programa20xx20focc80rum20ok20web-1-pdf\/#primaryimage\"},\"thumbnailUrl\":\"https:\/\/ccviolenciaeigualdad.com\/wp-content\/uploads\/2024\/10\/Forum-XX-Violencia-de-genero.png\",\"datePublished\":\"2024-10-16T11:33:15+00:00\",\"dateModified\":\"2024-10-16T11:36:03+00:00\",\"breadcrumb\":{\"@id\":\"https:\/\/ccviolenciaeigualdad.com\/file-c-users-34692-downloads-programa20xx20focc80rum20ok20web-1-pdf\/#breadcrumb\"},\"inLanguage\":\"fr-FR\",\"potentialAction\":[{\"@type\":\"ReadAction\",\"target\":[\"https:\/\/ccviolenciaeigualdad.com\/file-c-users-34692-downloads-programa20xx20focc80rum20ok20web-1-pdf\/\"]}]},{\"@type\":\"ImageObject\",\"inLanguage\":\"fr-FR\",\"@id\":\"https:\/\/ccviolenciaeigualdad.com\/file-c-users-34692-downloads-programa20xx20focc80rum20ok20web-1-pdf\/#primaryimage\",\"url\":\"https:\/\/ccviolenciaeigualdad.com\/wp-content\/uploads\/2024\/10\/Forum-XX-Violencia-de-genero.png\",\"contentUrl\":\"https:\/\/ccviolenciaeigualdad.com\/wp-content\/uploads\/2024\/10\/Forum-XX-Violencia-de-genero.png\",\"width\":538,\"height\":751,\"caption\":\"https:\/\/ccviolenciaeigualdad.com\/wp-content\/uploads\/2024\/10\/Forum-XX-Violencia-de-genero.png\"},{\"@type\":\"BreadcrumbList\",\"@id\":\"https:\/\/ccviolenciaeigualdad.com\/file-c-users-34692-downloads-programa20xx20focc80rum20ok20web-1-pdf\/#breadcrumb\",\"itemListElement\":[{\"@type\":\"ListItem\",\"position\":1,\"name\":\"Home\",\"item\":\"https:\/\/ccviolenciaeigualdad.com\/\"},{\"@type\":\"ListItem\",\"position\":2,\"name\":\"XX F\u00d2RUM contra les viol\u00e8ncies de g\u00e8nere\"}]},{\"@type\":\"WebSite\",\"@id\":\"https:\/\/ccviolenciaeigualdad.com\/#website\",\"url\":\"https:\/\/ccviolenciaeigualdad.com\/\",\"name\":\"Claudia Cruzado\",\"description\":\"Consultora especializada en igualdad, violencia de g\u00e9nero y acoso laboral\",\"publisher\":{\"@id\":\"https:\/\/ccviolenciaeigualdad.com\/#organization\"},\"potentialAction\":[{\"@type\":\"SearchAction\",\"target\":{\"@type\":\"EntryPoint\",\"urlTemplate\":\"https:\/\/ccviolenciaeigualdad.com\/?s={search_term_string}\"},\"query-input\":{\"@type\":\"PropertyValueSpecification\",\"valueRequired\":true,\"valueName\":\"search_term_string\"}}],\"inLanguage\":\"fr-FR\"},{\"@type\":\"Organization\",\"@id\":\"https:\/\/ccviolenciaeigualdad.com\/#organization\",\"name\":\"Claudia Cruzado\",\"url\":\"https:\/\/ccviolenciaeigualdad.com\/\",\"logo\":{\"@type\":\"ImageObject\",\"inLanguage\":\"fr-FR\",\"@id\":\"https:\/\/ccviolenciaeigualdad.com\/#\/schema\/logo\/image\/\",\"url\":\"https:\/\/ccviolenciaeigualdad.com\/wp-content\/uploads\/2025\/10\/cropped-logo-fondo-claudia-cruzado-1-1.png\",\"contentUrl\":\"https:\/\/ccviolenciaeigualdad.com\/wp-content\/uploads\/2025\/10\/cropped-logo-fondo-claudia-cruzado-1-1.png\",\"width\":1080,\"height\":373,\"caption\":\"Claudia Cruzado\"},\"image\":{\"@id\":\"https:\/\/ccviolenciaeigualdad.com\/#\/schema\/logo\/image\/\"}},{\"@type\":\"Person\",\"@id\":\"https:\/\/ccviolenciaeigualdad.com\/#\/schema\/person\/2b905ae2f475f22f62b4cadef2183a5f\",\"name\":\"ClaudiaCruzado\",\"url\":\"https:\/\/ccviolenciaeigualdad.com\/fr\/author\/claudiacruzado\/\"}]}<\/script>\n<!-- \/ Yoast SEO plugin. -->","yoast_head_json":{"title":"XX F\u00d2RUM contra les viol\u00e8ncies de g\u00e8nere - Claudia Cruzado","robots":{"index":"index","follow":"follow","max-snippet":"max-snippet:-1","max-image-preview":"max-image-preview:large","max-video-preview":"max-video-preview:-1"},"canonical":"https:\/\/ccviolenciaeigualdad.com\/fr\/file-c-users-34692-downloads-programa20xx20focc80rum20ok20web-1-pdf\/","og_locale":"fr_FR","og_type":"article","og_title":"XX F\u00d2RUM contra les viol\u00e8ncies de g\u00e8nere - Claudia Cruzado","og_description":"Ja podeu consultar el programa del XV F\u00f2rum contra les Viol\u00e8ncies de G\u00e8nere que organitza la Plataforma Unit\u00e0ria contra les Viol\u00e8ncies de G\u00e8nere o que se celebrar\u00e0 els dies 7, 8 i 9 de novembre de 2024 a l\u2019Espai Francesca Bonnemaison de Barcelona. Enguany girar\u00e0 entorn al lliure consentiment, dret al propi cos.  En un context social en el qual, les vides, els cossos, les decisions i l'autonomia de les dones continuen sent posats en q\u00fcesti\u00f3, \u00e9s essencial que aprofundim en el significat del consentiment, en les relacions sexoafecti- ves i socials, des d'una perspectiva feminista. M\u00e9s enll\u00e0 d'un simple \"s\u00ed\" o \"no\", el consentiment \u00e9s un exercici de poder personal i col\u00b7lectiu, una afirmaci\u00f3 de la nostra llibertat per a decidir sobre les nostres vides, les nostres relacions i els nostres cossos. Veure el programa. Inscripcions obertes.","og_url":"https:\/\/ccviolenciaeigualdad.com\/fr\/file-c-users-34692-downloads-programa20xx20focc80rum20ok20web-1-pdf\/","og_site_name":"Claudia Cruzado","article_published_time":"2024-10-16T11:33:15+00:00","article_modified_time":"2024-10-16T11:36:03+00:00","og_image":[{"width":538,"height":751,"url":"https:\/\/ccviolenciaeigualdad.com\/wp-content\/uploads\/2024\/10\/Forum-XX-Violencia-de-genero.png","type":"image\/png"}],"author":"ClaudiaCruzado","twitter_card":"summary_large_image","twitter_misc":{"\u00c9crit par":"ClaudiaCruzado","Dur\u00e9e de lecture estim\u00e9e":"1 minute"},"schema":{"@context":"https:\/\/schema.org","@graph":[{"@type":"Article","@id":"https:\/\/ccviolenciaeigualdad.com\/file-c-users-34692-downloads-programa20xx20focc80rum20ok20web-1-pdf\/#article","isPartOf":{"@id":"https:\/\/ccviolenciaeigualdad.com\/file-c-users-34692-downloads-programa20xx20focc80rum20ok20web-1-pdf\/"},"author":{"name":"ClaudiaCruzado","@id":"https:\/\/ccviolenciaeigualdad.com\/#\/schema\/person\/2b905ae2f475f22f62b4cadef2183a5f"},"headline":"XX F\u00d2RUM contra les viol\u00e8ncies de g\u00e8nere","datePublished":"2024-10-16T11:33:15+00:00","dateModified":"2024-10-16T11:36:03+00:00","mainEntityOfPage":{"@id":"https:\/\/ccviolenciaeigualdad.com\/file-c-users-34692-downloads-programa20xx20focc80rum20ok20web-1-pdf\/"},"wordCount":169,"publisher":{"@id":"https:\/\/ccviolenciaeigualdad.com\/#organization"},"image":{"@id":"https:\/\/ccviolenciaeigualdad.com\/file-c-users-34692-downloads-programa20xx20focc80rum20ok20web-1-pdf\/#primaryimage"},"thumbnailUrl":"https:\/\/ccviolenciaeigualdad.com\/wp-content\/uploads\/2024\/10\/Forum-XX-Violencia-de-genero.png","articleSection":["Uncategorized"],"inLanguage":"fr-FR"},{"@type":"WebPage","@id":"https:\/\/ccviolenciaeigualdad.com\/file-c-users-34692-downloads-programa20xx20focc80rum20ok20web-1-pdf\/","url":"https:\/\/ccviolenciaeigualdad.com\/file-c-users-34692-downloads-programa20xx20focc80rum20ok20web-1-pdf\/","name":"XX F\u00d2RUM contra les viol\u00e8ncies de g\u00e8nere - Claudia Cruzado","isPartOf":{"@id":"https:\/\/ccviolenciaeigualdad.com\/#website"},"primaryImageOfPage":{"@id":"https:\/\/ccviolenciaeigualdad.com\/file-c-users-34692-downloads-programa20xx20focc80rum20ok20web-1-pdf\/#primaryimage"},"image":{"@id":"https:\/\/ccviolenciaeigualdad.com\/file-c-users-34692-downloads-programa20xx20focc80rum20ok20web-1-pdf\/#primaryimage"},"thumbnailUrl":"https:\/\/ccviolenciaeigualdad.com\/wp-content\/uploads\/2024\/10\/Forum-XX-Violencia-de-genero.png","datePublished":"2024-10-16T11:33:15+00:00","dateModified":"2024-10-16T11:36:03+00:00","breadcrumb":{"@id":"https:\/\/ccviolenciaeigualdad.com\/file-c-users-34692-downloads-programa20xx20focc80rum20ok20web-1-pdf\/#breadcrumb"},"inLanguage":"fr-FR","potentialAction":[{"@type":"ReadAction","target":["https:\/\/ccviolenciaeigualdad.com\/file-c-users-34692-downloads-programa20xx20focc80rum20ok20web-1-pdf\/"]}]},{"@type":"ImageObject","inLanguage":"fr-FR","@id":"https:\/\/ccviolenciaeigualdad.com\/file-c-users-34692-downloads-programa20xx20focc80rum20ok20web-1-pdf\/#primaryimage","url":"https:\/\/ccviolenciaeigualdad.com\/wp-content\/uploads\/2024\/10\/Forum-XX-Violencia-de-genero.png","contentUrl":"https:\/\/ccviolenciaeigualdad.com\/wp-content\/uploads\/2024\/10\/Forum-XX-Violencia-de-genero.png","width":538,"height":751,"caption":"https:\/\/ccviolenciaeigualdad.com\/wp-content\/uploads\/2024\/10\/Forum-XX-Violencia-de-genero.png"},{"@type":"BreadcrumbList","@id":"https:\/\/ccviolenciaeigualdad.com\/file-c-users-34692-downloads-programa20xx20focc80rum20ok20web-1-pdf\/#breadcrumb","itemListElement":[{"@type":"ListItem","position":1,"name":"Home","item":"https:\/\/ccviolenciaeigualdad.com\/"},{"@type":"ListItem","position":2,"name":"XX F\u00d2RUM contra les viol\u00e8ncies de g\u00e8nere"}]},{"@type":"WebSite","@id":"https:\/\/ccviolenciaeigualdad.com\/#website","url":"https:\/\/ccviolenciaeigualdad.com\/","name":"Claudia Cruzado","description":"Consultante sp\u00e9cialis\u00e9e en \u00e9galit\u00e9, violence sexiste et harc\u00e8lement au travail","publisher":{"@id":"https:\/\/ccviolenciaeigualdad.com\/#organization"},"potentialAction":[{"@type":"SearchAction","target":{"@type":"EntryPoint","urlTemplate":"https:\/\/ccviolenciaeigualdad.com\/?s={search_term_string}"},"query-input":{"@type":"PropertyValueSpecification","valueRequired":true,"valueName":"search_term_string"}}],"inLanguage":"fr-FR"},{"@type":"Organization","@id":"https:\/\/ccviolenciaeigualdad.com\/#organization","name":"Claudia Cruzado","url":"https:\/\/ccviolenciaeigualdad.com\/","logo":{"@type":"ImageObject","inLanguage":"fr-FR","@id":"https:\/\/ccviolenciaeigualdad.com\/#\/schema\/logo\/image\/","url":"https:\/\/ccviolenciaeigualdad.com\/wp-content\/uploads\/2025\/10\/cropped-logo-fondo-claudia-cruzado-1-1.png","contentUrl":"https:\/\/ccviolenciaeigualdad.com\/wp-content\/uploads\/2025\/10\/cropped-logo-fondo-claudia-cruzado-1-1.png","width":1080,"height":373,"caption":"Claudia Cruzado"},"image":{"@id":"https:\/\/ccviolenciaeigualdad.com\/#\/schema\/logo\/image\/"}},{"@type":"Person","@id":"https:\/\/ccviolenciaeigualdad.com\/#\/schema\/person\/2b905ae2f475f22f62b4cadef2183a5f","name":"Claudia Cruzado","url":"https:\/\/ccviolenciaeigualdad.com\/fr\/author\/claudiacruzado\/"}]}},"_links":{"self":[{"href":"https:\/\/ccviolenciaeigualdad.com\/fr\/wp-json\/wp\/v2\/posts\/418","targetHints":{"allow":["GET"]}}],"collection":[{"href":"https:\/\/ccviolenciaeigualdad.com\/fr\/wp-json\/wp\/v2\/posts"}],"about":[{"href":"https:\/\/ccviolenciaeigualdad.com\/fr\/wp-json\/wp\/v2\/types\/post"}],"author":[{"embeddable":true,"href":"https:\/\/ccviolenciaeigualdad.com\/fr\/wp-json\/wp\/v2\/users\/4"}],"replies":[{"embeddable":true,"href":"https:\/\/ccviolenciaeigualdad.com\/fr\/wp-json\/wp\/v2\/comments?post=418"}],"version-history":[{"count":4,"href":"https:\/\/ccviolenciaeigualdad.com\/fr\/wp-json\/wp\/v2\/posts\/418\/revisions"}],"predecessor-version":[{"id":424,"href":"https:\/\/ccviolenciaeigualdad.com\/fr\/wp-json\/wp\/v2\/posts\/418\/revisions\/424"}],"wp:featuredmedia":[{"embeddable":true,"href":"https:\/\/ccviolenciaeigualdad.com\/fr\/wp-json\/wp\/v2\/media\/406"}],"wp:attachment":[{"href":"https:\/\/ccviolenciaeigualdad.com\/fr\/wp-json\/wp\/v2\/media?parent=418"}],"wp:term":[{"taxonomy":"category","embeddable":true,"href":"https:\/\/ccviolenciaeigualdad.com\/fr\/wp-json\/wp\/v2\/categories?post=418"},{"taxonomy":"post_tag","embeddable":true,"href":"https:\/\/ccviolenciaeigualdad.com\/fr\/wp-json\/wp\/v2\/tags?post=418"}],"curies":[{"name":"wp","href":"https:\/\/api.w.org\/{rel}","templated":true}]}}