{"id":523,"date":"2025-09-10T12:00:41","date_gmt":"2025-09-10T10:00:41","guid":{"rendered":"https:\/\/ccviolenciaeigualdad.com\/?p=523"},"modified":"2025-09-10T12:56:54","modified_gmt":"2025-09-10T10:56:54","slug":"x-encuentro-estatal-de-apcgenero","status":"publish","type":"post","link":"https:\/\/ccviolenciaeigualdad.com\/en\/x-encuentro-estatal-de-apcgenero\/","title":{"rendered":"X State Meeting of APCG\u00e9nero"},"content":{"rendered":"<p>Networks, synergies and professionalization of the equality sector<\/p>\n\n\n\n<p>September 26 and 27, 2025<\/p>\n\n\n\n<p>Faculty of Labor Relations and Human Resources of Albacete (University Campus)<\/p>\n\n\n\n<p>VIRTUAL TOO!<\/p>\n\n\n\n<p>He <em>State Meeting of APCG\u00e9nero<\/em> It is a reference space for equality professionals, where we meet every year to discuss challenges in the sector, share intervention tools, generate common positions and strengthen collaboration networks.<\/p>\n\n\n\n<p>Herein <strong>tenth edition<\/strong>, we focus on the <strong>professionalization of the equality sector<\/strong>.<\/p>\n\n\n\n<p>Final program: https:\/\/encuentros.consultoriagenero.org\/wp-content\/uploads\/2025\/08\/V2_Programa-X-Encuentro-Estatal-2025-APCGenero.pdf<\/p>\n\n\n\n<p><\/p>\n\n\n\n<p>Registration: https:\/\/encuentros.consultoriagenero.org\/inscripcion\/inscripciones\/<\/p>","protected":false},"excerpt":{"rendered":"<p>Networks, Synergies, and Professionalization in the Equality Sector, September 26 and 27, 2025, Faculty of Labor Relations and Human Resources of Albacete (University Campus). Also available virtually! The APCG\u00e9nero National Meeting is a key forum for equality professionals, where we meet annually to discuss the challenges facing the sector, [\u2026]<\/p>","protected":false},"author":4,"featured_media":526,"comment_status":"closed","ping_status":"closed","sticky":false,"template":"","format":"standard","meta":{"footnotes":""},"categories":[1],"tags":[],"class_list":["post-523","post","type-post","status-publish","format-standard","has-post-thumbnail","hentry","category-uncategorized"],"yoast_head":"<!-- This site is optimized with the Yoast SEO plugin v26.3 - https:\/\/yoast.com\/wordpress\/plugins\/seo\/ -->\n<title>X Encuentro Estatal de APCG\u00e9nero - Claudia Cruzado<\/title>\n<meta name=\"robots\" content=\"index, follow, max-snippet:-1, max-image-preview:large, max-video-preview:-1\" \/>\n<link rel=\"canonical\" href=\"https:\/\/ccviolenciaeigualdad.com\/en\/x-encuentro-estatal-de-apcgenero\/\" \/>\n<meta property=\"og:locale\" content=\"en_GB\" \/>\n<meta property=\"og:type\" content=\"article\" \/>\n<meta property=\"og:title\" content=\"X Encuentro Estatal de APCG\u00e9nero - Claudia Cruzado\" \/>\n<meta property=\"og:description\" content=\"Redes, sinergias y profesionalizaci\u00f3n del sector de la igualdad 26 y 27 de septiembre de 2025 Facultad de RELACIONES LABORALES Y RECURSOS HUMANOS DE ALBACETE (CAMPUS UNIVERSITARIO) \u00a1TAMBI\u00c9N VIRTUAL! El Encuentro Estatal de APCG\u00e9nero es un espacio de referencia para profesionales de la igualdad, donde cada a\u00f1o nos reunimos para debatir sobre retos del sector, [&hellip;]\" \/>\n<meta property=\"og:url\" content=\"https:\/\/ccviolenciaeigualdad.com\/en\/x-encuentro-estatal-de-apcgenero\/\" \/>\n<meta property=\"og:site_name\" content=\"Claudia Cruzado\" \/>\n<meta property=\"article:published_time\" content=\"2025-09-10T10:00:41+00:00\" \/>\n<meta property=\"article:modified_time\" content=\"2025-09-10T10:56:54+00:00\" \/>\n<meta property=\"og:image\" content=\"https:\/\/ccviolenciaeigualdad.com\/wp-content\/uploads\/2025\/09\/Screenshot-2025-09-10-115845-1.png\" \/>\n\t<meta property=\"og:image:width\" content=\"214\" \/>\n\t<meta property=\"og:image:height\" content=\"313\" \/>\n\t<meta property=\"og:image:type\" content=\"image\/png\" \/>\n<meta name=\"author\" content=\"ClaudiaCruzado\" \/>\n<meta name=\"twitter:card\" content=\"summary_large_image\" \/>\n<meta name=\"twitter:label1\" content=\"Written by\" \/>\n\t<meta name=\"twitter:data1\" content=\"ClaudiaCruzado\" \/>\n\t<meta name=\"twitter:label2\" content=\"Estimated reading time\" \/>\n\t<meta name=\"twitter:data2\" content=\"1 minute\" \/>\n<script type=\"application\/ld+json\" class=\"yoast-schema-graph\">{\"@context\":\"https:\/\/schema.org\",\"@graph\":[{\"@type\":\"Article\",\"@id\":\"https:\/\/ccviolenciaeigualdad.com\/x-encuentro-estatal-de-apcgenero\/#article\",\"isPartOf\":{\"@id\":\"https:\/\/ccviolenciaeigualdad.com\/x-encuentro-estatal-de-apcgenero\/\"},\"author\":{\"name\":\"ClaudiaCruzado\",\"@id\":\"https:\/\/ccviolenciaeigualdad.com\/#\/schema\/person\/2b905ae2f475f22f62b4cadef2183a5f\"},\"headline\":\"X Encuentro Estatal de APCG\u00e9nero\",\"datePublished\":\"2025-09-10T10:00:41+00:00\",\"dateModified\":\"2025-09-10T10:56:54+00:00\",\"mainEntityOfPage\":{\"@id\":\"https:\/\/ccviolenciaeigualdad.com\/x-encuentro-estatal-de-apcgenero\/\"},\"wordCount\":112,\"publisher\":{\"@id\":\"https:\/\/ccviolenciaeigualdad.com\/#organization\"},\"image\":{\"@id\":\"https:\/\/ccviolenciaeigualdad.com\/x-encuentro-estatal-de-apcgenero\/#primaryimage\"},\"thumbnailUrl\":\"https:\/\/ccviolenciaeigualdad.com\/wp-content\/uploads\/2025\/09\/Screenshot-2025-09-10-115845-1.png\",\"articleSection\":[\"Uncategorized\"],\"inLanguage\":\"en-GB\"},{\"@type\":\"WebPage\",\"@id\":\"https:\/\/ccviolenciaeigualdad.com\/x-encuentro-estatal-de-apcgenero\/\",\"url\":\"https:\/\/ccviolenciaeigualdad.com\/x-encuentro-estatal-de-apcgenero\/\",\"name\":\"X Encuentro Estatal de APCG\u00e9nero - Claudia Cruzado\",\"isPartOf\":{\"@id\":\"https:\/\/ccviolenciaeigualdad.com\/#website\"},\"primaryImageOfPage\":{\"@id\":\"https:\/\/ccviolenciaeigualdad.com\/x-encuentro-estatal-de-apcgenero\/#primaryimage\"},\"image\":{\"@id\":\"https:\/\/ccviolenciaeigualdad.com\/x-encuentro-estatal-de-apcgenero\/#primaryimage\"},\"thumbnailUrl\":\"https:\/\/ccviolenciaeigualdad.com\/wp-content\/uploads\/2025\/09\/Screenshot-2025-09-10-115845-1.png\",\"datePublished\":\"2025-09-10T10:00:41+00:00\",\"dateModified\":\"2025-09-10T10:56:54+00:00\",\"breadcrumb\":{\"@id\":\"https:\/\/ccviolenciaeigualdad.com\/x-encuentro-estatal-de-apcgenero\/#breadcrumb\"},\"inLanguage\":\"en-GB\",\"potentialAction\":[{\"@type\":\"ReadAction\",\"target\":[\"https:\/\/ccviolenciaeigualdad.com\/x-encuentro-estatal-de-apcgenero\/\"]}]},{\"@type\":\"ImageObject\",\"inLanguage\":\"en-GB\",\"@id\":\"https:\/\/ccviolenciaeigualdad.com\/x-encuentro-estatal-de-apcgenero\/#primaryimage\",\"url\":\"https:\/\/ccviolenciaeigualdad.com\/wp-content\/uploads\/2025\/09\/Screenshot-2025-09-10-115845-1.png\",\"contentUrl\":\"https:\/\/ccviolenciaeigualdad.com\/wp-content\/uploads\/2025\/09\/Screenshot-2025-09-10-115845-1.png\",\"width\":214,\"height\":313},{\"@type\":\"BreadcrumbList\",\"@id\":\"https:\/\/ccviolenciaeigualdad.com\/x-encuentro-estatal-de-apcgenero\/#breadcrumb\",\"itemListElement\":[{\"@type\":\"ListItem\",\"position\":1,\"name\":\"Home\",\"item\":\"https:\/\/ccviolenciaeigualdad.com\/\"},{\"@type\":\"ListItem\",\"position\":2,\"name\":\"X Encuentro Estatal de APCG\u00e9nero\"}]},{\"@type\":\"WebSite\",\"@id\":\"https:\/\/ccviolenciaeigualdad.com\/#website\",\"url\":\"https:\/\/ccviolenciaeigualdad.com\/\",\"name\":\"Claudia Cruzado\",\"description\":\"Consultora especializada en igualdad, violencia de g\u00e9nero y acoso laboral\",\"publisher\":{\"@id\":\"https:\/\/ccviolenciaeigualdad.com\/#organization\"},\"potentialAction\":[{\"@type\":\"SearchAction\",\"target\":{\"@type\":\"EntryPoint\",\"urlTemplate\":\"https:\/\/ccviolenciaeigualdad.com\/?s={search_term_string}\"},\"query-input\":{\"@type\":\"PropertyValueSpecification\",\"valueRequired\":true,\"valueName\":\"search_term_string\"}}],\"inLanguage\":\"en-GB\"},{\"@type\":\"Organization\",\"@id\":\"https:\/\/ccviolenciaeigualdad.com\/#organization\",\"name\":\"Claudia Cruzado\",\"url\":\"https:\/\/ccviolenciaeigualdad.com\/\",\"logo\":{\"@type\":\"ImageObject\",\"inLanguage\":\"en-GB\",\"@id\":\"https:\/\/ccviolenciaeigualdad.com\/#\/schema\/logo\/image\/\",\"url\":\"https:\/\/ccviolenciaeigualdad.com\/wp-content\/uploads\/2025\/10\/cropped-logo-fondo-claudia-cruzado-1-1.png\",\"contentUrl\":\"https:\/\/ccviolenciaeigualdad.com\/wp-content\/uploads\/2025\/10\/cropped-logo-fondo-claudia-cruzado-1-1.png\",\"width\":1080,\"height\":373,\"caption\":\"Claudia Cruzado\"},\"image\":{\"@id\":\"https:\/\/ccviolenciaeigualdad.com\/#\/schema\/logo\/image\/\"}},{\"@type\":\"Person\",\"@id\":\"https:\/\/ccviolenciaeigualdad.com\/#\/schema\/person\/2b905ae2f475f22f62b4cadef2183a5f\",\"name\":\"ClaudiaCruzado\",\"url\":\"https:\/\/ccviolenciaeigualdad.com\/en\/author\/claudiacruzado\/\"}]}<\/script>\n<!-- \/ Yoast SEO plugin. -->","yoast_head_json":{"title":"X Encuentro Estatal de APCG\u00e9nero - Claudia Cruzado","robots":{"index":"index","follow":"follow","max-snippet":"max-snippet:-1","max-image-preview":"max-image-preview:large","max-video-preview":"max-video-preview:-1"},"canonical":"https:\/\/ccviolenciaeigualdad.com\/en\/x-encuentro-estatal-de-apcgenero\/","og_locale":"en_GB","og_type":"article","og_title":"X Encuentro Estatal de APCG\u00e9nero - Claudia Cruzado","og_description":"Redes, sinergias y profesionalizaci\u00f3n del sector de la igualdad 26 y 27 de septiembre de 2025 Facultad de RELACIONES LABORALES Y RECURSOS HUMANOS DE ALBACETE (CAMPUS UNIVERSITARIO) \u00a1TAMBI\u00c9N VIRTUAL! El Encuentro Estatal de APCG\u00e9nero es un espacio de referencia para profesionales de la igualdad, donde cada a\u00f1o nos reunimos para debatir sobre retos del sector, [&hellip;]","og_url":"https:\/\/ccviolenciaeigualdad.com\/en\/x-encuentro-estatal-de-apcgenero\/","og_site_name":"Claudia Cruzado","article_published_time":"2025-09-10T10:00:41+00:00","article_modified_time":"2025-09-10T10:56:54+00:00","og_image":[{"width":214,"height":313,"url":"https:\/\/ccviolenciaeigualdad.com\/wp-content\/uploads\/2025\/09\/Screenshot-2025-09-10-115845-1.png","type":"image\/png"}],"author":"ClaudiaCruzado","twitter_card":"summary_large_image","twitter_misc":{"Written by":"ClaudiaCruzado","Estimated reading time":"1 minute"},"schema":{"@context":"https:\/\/schema.org","@graph":[{"@type":"Article","@id":"https:\/\/ccviolenciaeigualdad.com\/x-encuentro-estatal-de-apcgenero\/#article","isPartOf":{"@id":"https:\/\/ccviolenciaeigualdad.com\/x-encuentro-estatal-de-apcgenero\/"},"author":{"name":"ClaudiaCruzado","@id":"https:\/\/ccviolenciaeigualdad.com\/#\/schema\/person\/2b905ae2f475f22f62b4cadef2183a5f"},"headline":"X Encuentro Estatal de APCG\u00e9nero","datePublished":"2025-09-10T10:00:41+00:00","dateModified":"2025-09-10T10:56:54+00:00","mainEntityOfPage":{"@id":"https:\/\/ccviolenciaeigualdad.com\/x-encuentro-estatal-de-apcgenero\/"},"wordCount":112,"publisher":{"@id":"https:\/\/ccviolenciaeigualdad.com\/#organization"},"image":{"@id":"https:\/\/ccviolenciaeigualdad.com\/x-encuentro-estatal-de-apcgenero\/#primaryimage"},"thumbnailUrl":"https:\/\/ccviolenciaeigualdad.com\/wp-content\/uploads\/2025\/09\/Screenshot-2025-09-10-115845-1.png","articleSection":["Uncategorized"],"inLanguage":"en-GB"},{"@type":"WebPage","@id":"https:\/\/ccviolenciaeigualdad.com\/x-encuentro-estatal-de-apcgenero\/","url":"https:\/\/ccviolenciaeigualdad.com\/x-encuentro-estatal-de-apcgenero\/","name":"X Encuentro Estatal de APCG\u00e9nero - Claudia Cruzado","isPartOf":{"@id":"https:\/\/ccviolenciaeigualdad.com\/#website"},"primaryImageOfPage":{"@id":"https:\/\/ccviolenciaeigualdad.com\/x-encuentro-estatal-de-apcgenero\/#primaryimage"},"image":{"@id":"https:\/\/ccviolenciaeigualdad.com\/x-encuentro-estatal-de-apcgenero\/#primaryimage"},"thumbnailUrl":"https:\/\/ccviolenciaeigualdad.com\/wp-content\/uploads\/2025\/09\/Screenshot-2025-09-10-115845-1.png","datePublished":"2025-09-10T10:00:41+00:00","dateModified":"2025-09-10T10:56:54+00:00","breadcrumb":{"@id":"https:\/\/ccviolenciaeigualdad.com\/x-encuentro-estatal-de-apcgenero\/#breadcrumb"},"inLanguage":"en-GB","potentialAction":[{"@type":"ReadAction","target":["https:\/\/ccviolenciaeigualdad.com\/x-encuentro-estatal-de-apcgenero\/"]}]},{"@type":"ImageObject","inLanguage":"en-GB","@id":"https:\/\/ccviolenciaeigualdad.com\/x-encuentro-estatal-de-apcgenero\/#primaryimage","url":"https:\/\/ccviolenciaeigualdad.com\/wp-content\/uploads\/2025\/09\/Screenshot-2025-09-10-115845-1.png","contentUrl":"https:\/\/ccviolenciaeigualdad.com\/wp-content\/uploads\/2025\/09\/Screenshot-2025-09-10-115845-1.png","width":214,"height":313},{"@type":"BreadcrumbList","@id":"https:\/\/ccviolenciaeigualdad.com\/x-encuentro-estatal-de-apcgenero\/#breadcrumb","itemListElement":[{"@type":"ListItem","position":1,"name":"Home","item":"https:\/\/ccviolenciaeigualdad.com\/"},{"@type":"ListItem","position":2,"name":"X Encuentro Estatal de APCG\u00e9nero"}]},{"@type":"WebSite","@id":"https:\/\/ccviolenciaeigualdad.com\/#website","url":"https:\/\/ccviolenciaeigualdad.com\/","name":"Claudia Cruzado","description":"Consultant specializing in equality, gender violence, and workplace harassment","publisher":{"@id":"https:\/\/ccviolenciaeigualdad.com\/#organization"},"potentialAction":[{"@type":"SearchAction","target":{"@type":"EntryPoint","urlTemplate":"https:\/\/ccviolenciaeigualdad.com\/?s={search_term_string}"},"query-input":{"@type":"PropertyValueSpecification","valueRequired":true,"valueName":"search_term_string"}}],"inLanguage":"en-GB"},{"@type":"Organization","@id":"https:\/\/ccviolenciaeigualdad.com\/#organization","name":"Claudia Cruzado","url":"https:\/\/ccviolenciaeigualdad.com\/","logo":{"@type":"ImageObject","inLanguage":"en-GB","@id":"https:\/\/ccviolenciaeigualdad.com\/#\/schema\/logo\/image\/","url":"https:\/\/ccviolenciaeigualdad.com\/wp-content\/uploads\/2025\/10\/cropped-logo-fondo-claudia-cruzado-1-1.png","contentUrl":"https:\/\/ccviolenciaeigualdad.com\/wp-content\/uploads\/2025\/10\/cropped-logo-fondo-claudia-cruzado-1-1.png","width":1080,"height":373,"caption":"Claudia Cruzado"},"image":{"@id":"https:\/\/ccviolenciaeigualdad.com\/#\/schema\/logo\/image\/"}},{"@type":"Person","@id":"https:\/\/ccviolenciaeigualdad.com\/#\/schema\/person\/2b905ae2f475f22f62b4cadef2183a5f","name":"Claudia Cruzado","url":"https:\/\/ccviolenciaeigualdad.com\/en\/author\/claudiacruzado\/"}]}},"_links":{"self":[{"href":"https:\/\/ccviolenciaeigualdad.com\/en\/wp-json\/wp\/v2\/posts\/523","targetHints":{"allow":["GET"]}}],"collection":[{"href":"https:\/\/ccviolenciaeigualdad.com\/en\/wp-json\/wp\/v2\/posts"}],"about":[{"href":"https:\/\/ccviolenciaeigualdad.com\/en\/wp-json\/wp\/v2\/types\/post"}],"author":[{"embeddable":true,"href":"https:\/\/ccviolenciaeigualdad.com\/en\/wp-json\/wp\/v2\/users\/4"}],"replies":[{"embeddable":true,"href":"https:\/\/ccviolenciaeigualdad.com\/en\/wp-json\/wp\/v2\/comments?post=523"}],"version-history":[{"count":1,"href":"https:\/\/ccviolenciaeigualdad.com\/en\/wp-json\/wp\/v2\/posts\/523\/revisions"}],"predecessor-version":[{"id":525,"href":"https:\/\/ccviolenciaeigualdad.com\/en\/wp-json\/wp\/v2\/posts\/523\/revisions\/525"}],"wp:featuredmedia":[{"embeddable":true,"href":"https:\/\/ccviolenciaeigualdad.com\/en\/wp-json\/wp\/v2\/media\/526"}],"wp:attachment":[{"href":"https:\/\/ccviolenciaeigualdad.com\/en\/wp-json\/wp\/v2\/media?parent=523"}],"wp:term":[{"taxonomy":"category","embeddable":true,"href":"https:\/\/ccviolenciaeigualdad.com\/en\/wp-json\/wp\/v2\/categories?post=523"},{"taxonomy":"post_tag","embeddable":true,"href":"https:\/\/ccviolenciaeigualdad.com\/en\/wp-json\/wp\/v2\/tags?post=523"}],"curies":[{"name":"wp","href":"https:\/\/api.w.org\/{rel}","templated":true}]}}