{"id":515,"date":"2025-05-22T10:20:15","date_gmt":"2025-05-22T08:20:15","guid":{"rendered":"https:\/\/ccviolenciaeigualdad.com\/?p=515"},"modified":"2025-05-22T10:20:17","modified_gmt":"2025-05-22T08:20:17","slug":"reunion-entre-gemme-espana-y-el-cgpj-compromiso-renovado-con-la-mediacion-y-los-masc","status":"publish","type":"post","link":"https:\/\/ccviolenciaeigualdad.com\/en\/reunion-entre-gemme-espana-y-el-cgpj-compromiso-renovado-con-la-mediacion-y-los-masc\/","title":{"rendered":"Meeting between GEMME Spain and the CGPJ: renewed commitment to mediation and ADR"},"content":{"rendered":"<p><strong>Key institutional meeting to promote mediation and other appropriate means of dispute resolution (ADR)<\/strong>. We must be the protagonists and primarily responsible for resolving our problems, and mediation and other appropriate means of dispute resolution (ADR) will help us all achieve a satisfactory solution for all parties involved. Let&#039;s stop thinking that the courts are the only way to resolve all kinds of conflicts.<\/p>\n\n\n\n<p><strong>GEMME Spain highly values the collaborative climate and is confident that this new stage of the CGPJ will decisively promote shared lines of work, with the aim of contributing to a more effective, humane justice system adapted to the challenges of the present.<\/strong><\/p>\n\n\n\n<p>Link to the article: https:\/\/mediacionesjusticia.com\/reunion-gemme-cgpj<\/p>\n\n\n\n<p><\/p>","protected":false},"excerpt":{"rendered":"<p>A key institutional meeting to promote mediation and other appropriate means of dispute resolution (ADR). We must be the protagonists and primarily responsible for resolving our problems, and mediation and other appropriate means of dispute resolution (ADR) will help us all to achieve a satisfactory outcome for all parties [\u2026]<\/p>","protected":false},"author":4,"featured_media":516,"comment_status":"closed","ping_status":"closed","sticky":false,"template":"","format":"standard","meta":{"footnotes":""},"categories":[1],"tags":[],"class_list":["post-515","post","type-post","status-publish","format-standard","has-post-thumbnail","hentry","category-uncategorized"],"yoast_head":"<!-- This site is optimized with the Yoast SEO plugin v26.3 - https:\/\/yoast.com\/wordpress\/plugins\/seo\/ -->\n<title>Reuni\u00f3n entre GEMME Espa\u00f1a y el CGPJ: compromiso renovado con la mediaci\u00f3n y los MASC - Claudia Cruzado<\/title>\n<meta name=\"robots\" content=\"index, follow, max-snippet:-1, max-image-preview:large, max-video-preview:-1\" \/>\n<link rel=\"canonical\" href=\"https:\/\/ccviolenciaeigualdad.com\/en\/reunion-entre-gemme-espana-y-el-cgpj-compromiso-renovado-con-la-mediacion-y-los-masc\/\" \/>\n<meta property=\"og:locale\" content=\"en_GB\" \/>\n<meta property=\"og:type\" content=\"article\" \/>\n<meta property=\"og:title\" content=\"Reuni\u00f3n entre GEMME Espa\u00f1a y el CGPJ: compromiso renovado con la mediaci\u00f3n y los MASC - Claudia Cruzado\" \/>\n<meta property=\"og:description\" content=\"Eeuni\u00f3n institucional clave para el impulso de la mediaci\u00f3n y otros medios adecuados de soluci\u00f3n de controversias (MASC). Nosotros tenemos que ser los protagonistas y primeros responsables de resolver nuestros problemas y la mediaci\u00f3n y otros medioa adecuados de soluci\u00f3n de problemas (MASC) nos ayudar\u00e1 a todos a poder tener una satisfacci\u00f3n a las partes [&hellip;]\" \/>\n<meta property=\"og:url\" content=\"https:\/\/ccviolenciaeigualdad.com\/en\/reunion-entre-gemme-espana-y-el-cgpj-compromiso-renovado-con-la-mediacion-y-los-masc\/\" \/>\n<meta property=\"og:site_name\" content=\"Claudia Cruzado\" \/>\n<meta property=\"article:published_time\" content=\"2025-05-22T08:20:15+00:00\" \/>\n<meta property=\"article:modified_time\" content=\"2025-05-22T08:20:17+00:00\" \/>\n<meta property=\"og:image\" content=\"https:\/\/ccviolenciaeigualdad.com\/wp-content\/uploads\/2025\/05\/Screenshot-2025-05-22-101529.jpg\" \/>\n\t<meta property=\"og:image:width\" content=\"1240\" \/>\n\t<meta property=\"og:image:height\" content=\"540\" \/>\n\t<meta property=\"og:image:type\" content=\"image\/jpeg\" \/>\n<meta name=\"author\" content=\"ClaudiaCruzado\" \/>\n<meta name=\"twitter:card\" content=\"summary_large_image\" \/>\n<meta name=\"twitter:label1\" content=\"Written by\" \/>\n\t<meta name=\"twitter:data1\" content=\"ClaudiaCruzado\" \/>\n\t<meta name=\"twitter:label2\" content=\"Estimated reading time\" \/>\n\t<meta name=\"twitter:data2\" content=\"1 minute\" \/>\n<script type=\"application\/ld+json\" class=\"yoast-schema-graph\">{\"@context\":\"https:\/\/schema.org\",\"@graph\":[{\"@type\":\"Article\",\"@id\":\"https:\/\/ccviolenciaeigualdad.com\/reunion-entre-gemme-espana-y-el-cgpj-compromiso-renovado-con-la-mediacion-y-los-masc\/#article\",\"isPartOf\":{\"@id\":\"https:\/\/ccviolenciaeigualdad.com\/reunion-entre-gemme-espana-y-el-cgpj-compromiso-renovado-con-la-mediacion-y-los-masc\/\"},\"author\":{\"name\":\"ClaudiaCruzado\",\"@id\":\"https:\/\/ccviolenciaeigualdad.com\/#\/schema\/person\/2b905ae2f475f22f62b4cadef2183a5f\"},\"headline\":\"Reuni\u00f3n entre GEMME Espa\u00f1a y el CGPJ: compromiso renovado con la mediaci\u00f3n y los MASC\",\"datePublished\":\"2025-05-22T08:20:15+00:00\",\"dateModified\":\"2025-05-22T08:20:17+00:00\",\"mainEntityOfPage\":{\"@id\":\"https:\/\/ccviolenciaeigualdad.com\/reunion-entre-gemme-espana-y-el-cgpj-compromiso-renovado-con-la-mediacion-y-los-masc\/\"},\"wordCount\":161,\"publisher\":{\"@id\":\"https:\/\/ccviolenciaeigualdad.com\/#organization\"},\"image\":{\"@id\":\"https:\/\/ccviolenciaeigualdad.com\/reunion-entre-gemme-espana-y-el-cgpj-compromiso-renovado-con-la-mediacion-y-los-masc\/#primaryimage\"},\"thumbnailUrl\":\"https:\/\/ccviolenciaeigualdad.com\/wp-content\/uploads\/2025\/05\/Screenshot-2025-05-22-101529.jpg\",\"articleSection\":[\"Uncategorized\"],\"inLanguage\":\"en-GB\"},{\"@type\":\"WebPage\",\"@id\":\"https:\/\/ccviolenciaeigualdad.com\/reunion-entre-gemme-espana-y-el-cgpj-compromiso-renovado-con-la-mediacion-y-los-masc\/\",\"url\":\"https:\/\/ccviolenciaeigualdad.com\/reunion-entre-gemme-espana-y-el-cgpj-compromiso-renovado-con-la-mediacion-y-los-masc\/\",\"name\":\"Reuni\u00f3n entre GEMME Espa\u00f1a y el CGPJ: compromiso renovado con la mediaci\u00f3n y los MASC - Claudia Cruzado\",\"isPartOf\":{\"@id\":\"https:\/\/ccviolenciaeigualdad.com\/#website\"},\"primaryImageOfPage\":{\"@id\":\"https:\/\/ccviolenciaeigualdad.com\/reunion-entre-gemme-espana-y-el-cgpj-compromiso-renovado-con-la-mediacion-y-los-masc\/#primaryimage\"},\"image\":{\"@id\":\"https:\/\/ccviolenciaeigualdad.com\/reunion-entre-gemme-espana-y-el-cgpj-compromiso-renovado-con-la-mediacion-y-los-masc\/#primaryimage\"},\"thumbnailUrl\":\"https:\/\/ccviolenciaeigualdad.com\/wp-content\/uploads\/2025\/05\/Screenshot-2025-05-22-101529.jpg\",\"datePublished\":\"2025-05-22T08:20:15+00:00\",\"dateModified\":\"2025-05-22T08:20:17+00:00\",\"breadcrumb\":{\"@id\":\"https:\/\/ccviolenciaeigualdad.com\/reunion-entre-gemme-espana-y-el-cgpj-compromiso-renovado-con-la-mediacion-y-los-masc\/#breadcrumb\"},\"inLanguage\":\"en-GB\",\"potentialAction\":[{\"@type\":\"ReadAction\",\"target\":[\"https:\/\/ccviolenciaeigualdad.com\/reunion-entre-gemme-espana-y-el-cgpj-compromiso-renovado-con-la-mediacion-y-los-masc\/\"]}]},{\"@type\":\"ImageObject\",\"inLanguage\":\"en-GB\",\"@id\":\"https:\/\/ccviolenciaeigualdad.com\/reunion-entre-gemme-espana-y-el-cgpj-compromiso-renovado-con-la-mediacion-y-los-masc\/#primaryimage\",\"url\":\"https:\/\/ccviolenciaeigualdad.com\/wp-content\/uploads\/2025\/05\/Screenshot-2025-05-22-101529.jpg\",\"contentUrl\":\"https:\/\/ccviolenciaeigualdad.com\/wp-content\/uploads\/2025\/05\/Screenshot-2025-05-22-101529.jpg\",\"width\":1240,\"height\":540},{\"@type\":\"BreadcrumbList\",\"@id\":\"https:\/\/ccviolenciaeigualdad.com\/reunion-entre-gemme-espana-y-el-cgpj-compromiso-renovado-con-la-mediacion-y-los-masc\/#breadcrumb\",\"itemListElement\":[{\"@type\":\"ListItem\",\"position\":1,\"name\":\"Home\",\"item\":\"https:\/\/ccviolenciaeigualdad.com\/\"},{\"@type\":\"ListItem\",\"position\":2,\"name\":\"Reuni\u00f3n entre GEMME Espa\u00f1a y el CGPJ: compromiso renovado con la mediaci\u00f3n y los MASC\"}]},{\"@type\":\"WebSite\",\"@id\":\"https:\/\/ccviolenciaeigualdad.com\/#website\",\"url\":\"https:\/\/ccviolenciaeigualdad.com\/\",\"name\":\"Claudia Cruzado\",\"description\":\"Consultora especializada en igualdad, violencia de g\u00e9nero y acoso laboral\",\"publisher\":{\"@id\":\"https:\/\/ccviolenciaeigualdad.com\/#organization\"},\"potentialAction\":[{\"@type\":\"SearchAction\",\"target\":{\"@type\":\"EntryPoint\",\"urlTemplate\":\"https:\/\/ccviolenciaeigualdad.com\/?s={search_term_string}\"},\"query-input\":{\"@type\":\"PropertyValueSpecification\",\"valueRequired\":true,\"valueName\":\"search_term_string\"}}],\"inLanguage\":\"en-GB\"},{\"@type\":\"Organization\",\"@id\":\"https:\/\/ccviolenciaeigualdad.com\/#organization\",\"name\":\"Claudia Cruzado\",\"url\":\"https:\/\/ccviolenciaeigualdad.com\/\",\"logo\":{\"@type\":\"ImageObject\",\"inLanguage\":\"en-GB\",\"@id\":\"https:\/\/ccviolenciaeigualdad.com\/#\/schema\/logo\/image\/\",\"url\":\"https:\/\/ccviolenciaeigualdad.com\/wp-content\/uploads\/2025\/10\/cropped-logo-fondo-claudia-cruzado-1-1.png\",\"contentUrl\":\"https:\/\/ccviolenciaeigualdad.com\/wp-content\/uploads\/2025\/10\/cropped-logo-fondo-claudia-cruzado-1-1.png\",\"width\":1080,\"height\":373,\"caption\":\"Claudia Cruzado\"},\"image\":{\"@id\":\"https:\/\/ccviolenciaeigualdad.com\/#\/schema\/logo\/image\/\"}},{\"@type\":\"Person\",\"@id\":\"https:\/\/ccviolenciaeigualdad.com\/#\/schema\/person\/2b905ae2f475f22f62b4cadef2183a5f\",\"name\":\"ClaudiaCruzado\",\"url\":\"https:\/\/ccviolenciaeigualdad.com\/en\/author\/claudiacruzado\/\"}]}<\/script>\n<!-- \/ Yoast SEO plugin. -->","yoast_head_json":{"title":"Reuni\u00f3n entre GEMME Espa\u00f1a y el CGPJ: compromiso renovado con la mediaci\u00f3n y los MASC - Claudia Cruzado","robots":{"index":"index","follow":"follow","max-snippet":"max-snippet:-1","max-image-preview":"max-image-preview:large","max-video-preview":"max-video-preview:-1"},"canonical":"https:\/\/ccviolenciaeigualdad.com\/en\/reunion-entre-gemme-espana-y-el-cgpj-compromiso-renovado-con-la-mediacion-y-los-masc\/","og_locale":"en_GB","og_type":"article","og_title":"Reuni\u00f3n entre GEMME Espa\u00f1a y el CGPJ: compromiso renovado con la mediaci\u00f3n y los MASC - Claudia Cruzado","og_description":"Eeuni\u00f3n institucional clave para el impulso de la mediaci\u00f3n y otros medios adecuados de soluci\u00f3n de controversias (MASC). Nosotros tenemos que ser los protagonistas y primeros responsables de resolver nuestros problemas y la mediaci\u00f3n y otros medioa adecuados de soluci\u00f3n de problemas (MASC) nos ayudar\u00e1 a todos a poder tener una satisfacci\u00f3n a las partes [&hellip;]","og_url":"https:\/\/ccviolenciaeigualdad.com\/en\/reunion-entre-gemme-espana-y-el-cgpj-compromiso-renovado-con-la-mediacion-y-los-masc\/","og_site_name":"Claudia Cruzado","article_published_time":"2025-05-22T08:20:15+00:00","article_modified_time":"2025-05-22T08:20:17+00:00","og_image":[{"width":1240,"height":540,"url":"https:\/\/ccviolenciaeigualdad.com\/wp-content\/uploads\/2025\/05\/Screenshot-2025-05-22-101529.jpg","type":"image\/jpeg"}],"author":"ClaudiaCruzado","twitter_card":"summary_large_image","twitter_misc":{"Written by":"ClaudiaCruzado","Estimated reading time":"1 minute"},"schema":{"@context":"https:\/\/schema.org","@graph":[{"@type":"Article","@id":"https:\/\/ccviolenciaeigualdad.com\/reunion-entre-gemme-espana-y-el-cgpj-compromiso-renovado-con-la-mediacion-y-los-masc\/#article","isPartOf":{"@id":"https:\/\/ccviolenciaeigualdad.com\/reunion-entre-gemme-espana-y-el-cgpj-compromiso-renovado-con-la-mediacion-y-los-masc\/"},"author":{"name":"ClaudiaCruzado","@id":"https:\/\/ccviolenciaeigualdad.com\/#\/schema\/person\/2b905ae2f475f22f62b4cadef2183a5f"},"headline":"Reuni\u00f3n entre GEMME Espa\u00f1a y el CGPJ: compromiso renovado con la mediaci\u00f3n y los MASC","datePublished":"2025-05-22T08:20:15+00:00","dateModified":"2025-05-22T08:20:17+00:00","mainEntityOfPage":{"@id":"https:\/\/ccviolenciaeigualdad.com\/reunion-entre-gemme-espana-y-el-cgpj-compromiso-renovado-con-la-mediacion-y-los-masc\/"},"wordCount":161,"publisher":{"@id":"https:\/\/ccviolenciaeigualdad.com\/#organization"},"image":{"@id":"https:\/\/ccviolenciaeigualdad.com\/reunion-entre-gemme-espana-y-el-cgpj-compromiso-renovado-con-la-mediacion-y-los-masc\/#primaryimage"},"thumbnailUrl":"https:\/\/ccviolenciaeigualdad.com\/wp-content\/uploads\/2025\/05\/Screenshot-2025-05-22-101529.jpg","articleSection":["Uncategorized"],"inLanguage":"en-GB"},{"@type":"WebPage","@id":"https:\/\/ccviolenciaeigualdad.com\/reunion-entre-gemme-espana-y-el-cgpj-compromiso-renovado-con-la-mediacion-y-los-masc\/","url":"https:\/\/ccviolenciaeigualdad.com\/reunion-entre-gemme-espana-y-el-cgpj-compromiso-renovado-con-la-mediacion-y-los-masc\/","name":"Reuni\u00f3n entre GEMME Espa\u00f1a y el CGPJ: compromiso renovado con la mediaci\u00f3n y los MASC - Claudia Cruzado","isPartOf":{"@id":"https:\/\/ccviolenciaeigualdad.com\/#website"},"primaryImageOfPage":{"@id":"https:\/\/ccviolenciaeigualdad.com\/reunion-entre-gemme-espana-y-el-cgpj-compromiso-renovado-con-la-mediacion-y-los-masc\/#primaryimage"},"image":{"@id":"https:\/\/ccviolenciaeigualdad.com\/reunion-entre-gemme-espana-y-el-cgpj-compromiso-renovado-con-la-mediacion-y-los-masc\/#primaryimage"},"thumbnailUrl":"https:\/\/ccviolenciaeigualdad.com\/wp-content\/uploads\/2025\/05\/Screenshot-2025-05-22-101529.jpg","datePublished":"2025-05-22T08:20:15+00:00","dateModified":"2025-05-22T08:20:17+00:00","breadcrumb":{"@id":"https:\/\/ccviolenciaeigualdad.com\/reunion-entre-gemme-espana-y-el-cgpj-compromiso-renovado-con-la-mediacion-y-los-masc\/#breadcrumb"},"inLanguage":"en-GB","potentialAction":[{"@type":"ReadAction","target":["https:\/\/ccviolenciaeigualdad.com\/reunion-entre-gemme-espana-y-el-cgpj-compromiso-renovado-con-la-mediacion-y-los-masc\/"]}]},{"@type":"ImageObject","inLanguage":"en-GB","@id":"https:\/\/ccviolenciaeigualdad.com\/reunion-entre-gemme-espana-y-el-cgpj-compromiso-renovado-con-la-mediacion-y-los-masc\/#primaryimage","url":"https:\/\/ccviolenciaeigualdad.com\/wp-content\/uploads\/2025\/05\/Screenshot-2025-05-22-101529.jpg","contentUrl":"https:\/\/ccviolenciaeigualdad.com\/wp-content\/uploads\/2025\/05\/Screenshot-2025-05-22-101529.jpg","width":1240,"height":540},{"@type":"BreadcrumbList","@id":"https:\/\/ccviolenciaeigualdad.com\/reunion-entre-gemme-espana-y-el-cgpj-compromiso-renovado-con-la-mediacion-y-los-masc\/#breadcrumb","itemListElement":[{"@type":"ListItem","position":1,"name":"Home","item":"https:\/\/ccviolenciaeigualdad.com\/"},{"@type":"ListItem","position":2,"name":"Reuni\u00f3n entre GEMME Espa\u00f1a y el CGPJ: compromiso renovado con la mediaci\u00f3n y los MASC"}]},{"@type":"WebSite","@id":"https:\/\/ccviolenciaeigualdad.com\/#website","url":"https:\/\/ccviolenciaeigualdad.com\/","name":"Claudia Cruzado","description":"Consultant specializing in equality, gender violence, and workplace harassment","publisher":{"@id":"https:\/\/ccviolenciaeigualdad.com\/#organization"},"potentialAction":[{"@type":"SearchAction","target":{"@type":"EntryPoint","urlTemplate":"https:\/\/ccviolenciaeigualdad.com\/?s={search_term_string}"},"query-input":{"@type":"PropertyValueSpecification","valueRequired":true,"valueName":"search_term_string"}}],"inLanguage":"en-GB"},{"@type":"Organization","@id":"https:\/\/ccviolenciaeigualdad.com\/#organization","name":"Claudia Cruzado","url":"https:\/\/ccviolenciaeigualdad.com\/","logo":{"@type":"ImageObject","inLanguage":"en-GB","@id":"https:\/\/ccviolenciaeigualdad.com\/#\/schema\/logo\/image\/","url":"https:\/\/ccviolenciaeigualdad.com\/wp-content\/uploads\/2025\/10\/cropped-logo-fondo-claudia-cruzado-1-1.png","contentUrl":"https:\/\/ccviolenciaeigualdad.com\/wp-content\/uploads\/2025\/10\/cropped-logo-fondo-claudia-cruzado-1-1.png","width":1080,"height":373,"caption":"Claudia Cruzado"},"image":{"@id":"https:\/\/ccviolenciaeigualdad.com\/#\/schema\/logo\/image\/"}},{"@type":"Person","@id":"https:\/\/ccviolenciaeigualdad.com\/#\/schema\/person\/2b905ae2f475f22f62b4cadef2183a5f","name":"Claudia Cruzado","url":"https:\/\/ccviolenciaeigualdad.com\/en\/author\/claudiacruzado\/"}]}},"_links":{"self":[{"href":"https:\/\/ccviolenciaeigualdad.com\/en\/wp-json\/wp\/v2\/posts\/515","targetHints":{"allow":["GET"]}}],"collection":[{"href":"https:\/\/ccviolenciaeigualdad.com\/en\/wp-json\/wp\/v2\/posts"}],"about":[{"href":"https:\/\/ccviolenciaeigualdad.com\/en\/wp-json\/wp\/v2\/types\/post"}],"author":[{"embeddable":true,"href":"https:\/\/ccviolenciaeigualdad.com\/en\/wp-json\/wp\/v2\/users\/4"}],"replies":[{"embeddable":true,"href":"https:\/\/ccviolenciaeigualdad.com\/en\/wp-json\/wp\/v2\/comments?post=515"}],"version-history":[{"count":1,"href":"https:\/\/ccviolenciaeigualdad.com\/en\/wp-json\/wp\/v2\/posts\/515\/revisions"}],"predecessor-version":[{"id":517,"href":"https:\/\/ccviolenciaeigualdad.com\/en\/wp-json\/wp\/v2\/posts\/515\/revisions\/517"}],"wp:featuredmedia":[{"embeddable":true,"href":"https:\/\/ccviolenciaeigualdad.com\/en\/wp-json\/wp\/v2\/media\/516"}],"wp:attachment":[{"href":"https:\/\/ccviolenciaeigualdad.com\/en\/wp-json\/wp\/v2\/media?parent=515"}],"wp:term":[{"taxonomy":"category","embeddable":true,"href":"https:\/\/ccviolenciaeigualdad.com\/en\/wp-json\/wp\/v2\/categories?post=515"},{"taxonomy":"post_tag","embeddable":true,"href":"https:\/\/ccviolenciaeigualdad.com\/en\/wp-json\/wp\/v2\/tags?post=515"}],"curies":[{"name":"wp","href":"https:\/\/api.w.org\/{rel}","templated":true}]}}