{"id":511,"date":"2025-05-09T17:39:35","date_gmt":"2025-05-09T15:39:35","guid":{"rendered":"https:\/\/ccviolenciaeigualdad.com\/?p=511"},"modified":"2025-05-09T17:39:36","modified_gmt":"2025-05-09T15:39:36","slug":"mediacion-artistica-y-educativa-teatro-foro-con-tematica-inclusiva-y-diversidadde-genero-contra-el-bullying","status":"publish","type":"post","link":"https:\/\/ccviolenciaeigualdad.com\/en\/mediacion-artistica-y-educativa-teatro-foro-con-tematica-inclusiva-y-diversidadde-genero-contra-el-bullying\/","title":{"rendered":"Artistic and educational mediation: forum theatre with inclusive themes and gender diversity against bullying"},"content":{"rendered":"<p>Abstract: This study explored the use of artistic and educational mediation with secondary school students to prevent bullying and foster greater acceptance and inclusivity in schools. The play was used as a starting point for this approach. <em>Bastard<\/em> This project tells the true story of Romasanta, who, due to his intersex condition, was persecuted and harassed, ultimately becoming a serial killer. Using a methodology based on Forum Theatre as a participatory research tool, and incorporating ethnographic resources, the project aims to: firstly, raise students&#039; awareness of their individual and collective responsibility, enabling them to recognize behaviors within processes of marginalization and exclusion that worsen the situation of victims; and secondly, demonstrate coping mechanisms to these victims. The research concludes that Forum Theatre fosters greater group cohesion among participants and facilitates the detection of and response to cases of harassment, making its use essential for promoting critical thinking and democratic values. Similarly, it allows for the development of key competencies related to language development, autonomy, culture, and knowledge.\u00a0<\/p>\n\n\n\n<p>Link to the full article: https:\/\/digitum.um.es\/digitum\/bitstream\/10201\/148642\/1\/Arteterapia.pdf<\/p>\n\n\n\n<p><\/p>","protected":false},"excerpt":{"rendered":"<p>Abstract: This study explored the use of artistic and educational mediation with secondary school students to prevent bullying and foster greater acceptance and inclusivity in schools. The play *Malnacido*, which tells the true story of Romasanta, who [\u2026]<\/p>","protected":false},"author":4,"featured_media":512,"comment_status":"closed","ping_status":"closed","sticky":false,"template":"","format":"standard","meta":{"footnotes":""},"categories":[1],"tags":[],"class_list":["post-511","post","type-post","status-publish","format-standard","has-post-thumbnail","hentry","category-uncategorized"],"yoast_head":"<!-- This site is optimized with the Yoast SEO plugin v26.3 - https:\/\/yoast.com\/wordpress\/plugins\/seo\/ -->\n<title>Mediaci\u00f3n art\u00edstica y educativa: teatro foro con tem\u00e1tica inclusiva y diversidadde g\u00e9nero contra el bullying - Claudia Cruzado<\/title>\n<meta name=\"robots\" content=\"index, follow, max-snippet:-1, max-image-preview:large, max-video-preview:-1\" \/>\n<link rel=\"canonical\" href=\"https:\/\/ccviolenciaeigualdad.com\/en\/mediacion-artistica-y-educativa-teatro-foro-con-tematica-inclusiva-y-diversidadde-genero-contra-el-bullying\/\" \/>\n<meta property=\"og:locale\" content=\"en_GB\" \/>\n<meta property=\"og:type\" content=\"article\" \/>\n<meta property=\"og:title\" content=\"Mediaci\u00f3n art\u00edstica y educativa: teatro foro con tem\u00e1tica inclusiva y diversidadde g\u00e9nero contra el bullying - Claudia Cruzado\" \/>\n<meta property=\"og:description\" content=\"Resumen: en este estudio se ha trabajado la mediaci\u00f3n art\u00edstica y educativa con alumnado de educaci\u00f3n secundaria para prevenir el bullying, y generar una mayor aceptaci\u00f3n e inclusividad en los centros educativos.\u00a0 Para ello, se ha tomado como punto de partida la obra de teatro Malnacido que cuenta la historia ver\u00eddica de Romasanta, que, por [&hellip;]\" \/>\n<meta property=\"og:url\" content=\"https:\/\/ccviolenciaeigualdad.com\/en\/mediacion-artistica-y-educativa-teatro-foro-con-tematica-inclusiva-y-diversidadde-genero-contra-el-bullying\/\" \/>\n<meta property=\"og:site_name\" content=\"Claudia Cruzado\" \/>\n<meta property=\"article:published_time\" content=\"2025-05-09T15:39:35+00:00\" \/>\n<meta property=\"article:modified_time\" content=\"2025-05-09T15:39:36+00:00\" \/>\n<meta property=\"og:image\" content=\"https:\/\/ccviolenciaeigualdad.com\/wp-content\/uploads\/2025\/05\/Screenshot-2025-05-09-173714.png\" \/>\n\t<meta property=\"og:image:width\" content=\"241\" \/>\n\t<meta property=\"og:image:height\" content=\"187\" \/>\n\t<meta property=\"og:image:type\" content=\"image\/png\" \/>\n<meta name=\"author\" content=\"ClaudiaCruzado\" \/>\n<meta name=\"twitter:card\" content=\"summary_large_image\" \/>\n<meta name=\"twitter:label1\" content=\"Written by\" \/>\n\t<meta name=\"twitter:data1\" content=\"ClaudiaCruzado\" \/>\n\t<meta name=\"twitter:label2\" content=\"Estimated reading time\" \/>\n\t<meta name=\"twitter:data2\" content=\"2 minutes\" \/>\n<script type=\"application\/ld+json\" class=\"yoast-schema-graph\">{\"@context\":\"https:\/\/schema.org\",\"@graph\":[{\"@type\":\"Article\",\"@id\":\"https:\/\/ccviolenciaeigualdad.com\/mediacion-artistica-y-educativa-teatro-foro-con-tematica-inclusiva-y-diversidadde-genero-contra-el-bullying\/#article\",\"isPartOf\":{\"@id\":\"https:\/\/ccviolenciaeigualdad.com\/mediacion-artistica-y-educativa-teatro-foro-con-tematica-inclusiva-y-diversidadde-genero-contra-el-bullying\/\"},\"author\":{\"name\":\"ClaudiaCruzado\",\"@id\":\"https:\/\/ccviolenciaeigualdad.com\/#\/schema\/person\/2b905ae2f475f22f62b4cadef2183a5f\"},\"headline\":\"Mediaci\u00f3n art\u00edstica y educativa: teatro foro con tem\u00e1tica inclusiva y diversidadde g\u00e9nero contra el bullying\",\"datePublished\":\"2025-05-09T15:39:35+00:00\",\"dateModified\":\"2025-05-09T15:39:36+00:00\",\"mainEntityOfPage\":{\"@id\":\"https:\/\/ccviolenciaeigualdad.com\/mediacion-artistica-y-educativa-teatro-foro-con-tematica-inclusiva-y-diversidadde-genero-contra-el-bullying\/\"},\"wordCount\":259,\"publisher\":{\"@id\":\"https:\/\/ccviolenciaeigualdad.com\/#organization\"},\"image\":{\"@id\":\"https:\/\/ccviolenciaeigualdad.com\/mediacion-artistica-y-educativa-teatro-foro-con-tematica-inclusiva-y-diversidadde-genero-contra-el-bullying\/#primaryimage\"},\"thumbnailUrl\":\"https:\/\/ccviolenciaeigualdad.com\/wp-content\/uploads\/2025\/05\/Screenshot-2025-05-09-173714.png\",\"articleSection\":[\"Uncategorized\"],\"inLanguage\":\"en-GB\"},{\"@type\":\"WebPage\",\"@id\":\"https:\/\/ccviolenciaeigualdad.com\/mediacion-artistica-y-educativa-teatro-foro-con-tematica-inclusiva-y-diversidadde-genero-contra-el-bullying\/\",\"url\":\"https:\/\/ccviolenciaeigualdad.com\/mediacion-artistica-y-educativa-teatro-foro-con-tematica-inclusiva-y-diversidadde-genero-contra-el-bullying\/\",\"name\":\"Mediaci\u00f3n art\u00edstica y educativa: teatro foro con tem\u00e1tica inclusiva y diversidadde g\u00e9nero contra el bullying - Claudia Cruzado\",\"isPartOf\":{\"@id\":\"https:\/\/ccviolenciaeigualdad.com\/#website\"},\"primaryImageOfPage\":{\"@id\":\"https:\/\/ccviolenciaeigualdad.com\/mediacion-artistica-y-educativa-teatro-foro-con-tematica-inclusiva-y-diversidadde-genero-contra-el-bullying\/#primaryimage\"},\"image\":{\"@id\":\"https:\/\/ccviolenciaeigualdad.com\/mediacion-artistica-y-educativa-teatro-foro-con-tematica-inclusiva-y-diversidadde-genero-contra-el-bullying\/#primaryimage\"},\"thumbnailUrl\":\"https:\/\/ccviolenciaeigualdad.com\/wp-content\/uploads\/2025\/05\/Screenshot-2025-05-09-173714.png\",\"datePublished\":\"2025-05-09T15:39:35+00:00\",\"dateModified\":\"2025-05-09T15:39:36+00:00\",\"breadcrumb\":{\"@id\":\"https:\/\/ccviolenciaeigualdad.com\/mediacion-artistica-y-educativa-teatro-foro-con-tematica-inclusiva-y-diversidadde-genero-contra-el-bullying\/#breadcrumb\"},\"inLanguage\":\"en-GB\",\"potentialAction\":[{\"@type\":\"ReadAction\",\"target\":[\"https:\/\/ccviolenciaeigualdad.com\/mediacion-artistica-y-educativa-teatro-foro-con-tematica-inclusiva-y-diversidadde-genero-contra-el-bullying\/\"]}]},{\"@type\":\"ImageObject\",\"inLanguage\":\"en-GB\",\"@id\":\"https:\/\/ccviolenciaeigualdad.com\/mediacion-artistica-y-educativa-teatro-foro-con-tematica-inclusiva-y-diversidadde-genero-contra-el-bullying\/#primaryimage\",\"url\":\"https:\/\/ccviolenciaeigualdad.com\/wp-content\/uploads\/2025\/05\/Screenshot-2025-05-09-173714.png\",\"contentUrl\":\"https:\/\/ccviolenciaeigualdad.com\/wp-content\/uploads\/2025\/05\/Screenshot-2025-05-09-173714.png\",\"width\":241,\"height\":187},{\"@type\":\"BreadcrumbList\",\"@id\":\"https:\/\/ccviolenciaeigualdad.com\/mediacion-artistica-y-educativa-teatro-foro-con-tematica-inclusiva-y-diversidadde-genero-contra-el-bullying\/#breadcrumb\",\"itemListElement\":[{\"@type\":\"ListItem\",\"position\":1,\"name\":\"Home\",\"item\":\"https:\/\/ccviolenciaeigualdad.com\/\"},{\"@type\":\"ListItem\",\"position\":2,\"name\":\"Mediaci\u00f3n art\u00edstica y educativa: teatro foro con tem\u00e1tica inclusiva y diversidadde g\u00e9nero contra el bullying\"}]},{\"@type\":\"WebSite\",\"@id\":\"https:\/\/ccviolenciaeigualdad.com\/#website\",\"url\":\"https:\/\/ccviolenciaeigualdad.com\/\",\"name\":\"Claudia Cruzado\",\"description\":\"Consultora especializada en igualdad, violencia de g\u00e9nero y acoso laboral\",\"publisher\":{\"@id\":\"https:\/\/ccviolenciaeigualdad.com\/#organization\"},\"potentialAction\":[{\"@type\":\"SearchAction\",\"target\":{\"@type\":\"EntryPoint\",\"urlTemplate\":\"https:\/\/ccviolenciaeigualdad.com\/?s={search_term_string}\"},\"query-input\":{\"@type\":\"PropertyValueSpecification\",\"valueRequired\":true,\"valueName\":\"search_term_string\"}}],\"inLanguage\":\"en-GB\"},{\"@type\":\"Organization\",\"@id\":\"https:\/\/ccviolenciaeigualdad.com\/#organization\",\"name\":\"Claudia Cruzado\",\"url\":\"https:\/\/ccviolenciaeigualdad.com\/\",\"logo\":{\"@type\":\"ImageObject\",\"inLanguage\":\"en-GB\",\"@id\":\"https:\/\/ccviolenciaeigualdad.com\/#\/schema\/logo\/image\/\",\"url\":\"https:\/\/ccviolenciaeigualdad.com\/wp-content\/uploads\/2025\/10\/cropped-logo-fondo-claudia-cruzado-1-1.png\",\"contentUrl\":\"https:\/\/ccviolenciaeigualdad.com\/wp-content\/uploads\/2025\/10\/cropped-logo-fondo-claudia-cruzado-1-1.png\",\"width\":1080,\"height\":373,\"caption\":\"Claudia Cruzado\"},\"image\":{\"@id\":\"https:\/\/ccviolenciaeigualdad.com\/#\/schema\/logo\/image\/\"}},{\"@type\":\"Person\",\"@id\":\"https:\/\/ccviolenciaeigualdad.com\/#\/schema\/person\/2b905ae2f475f22f62b4cadef2183a5f\",\"name\":\"ClaudiaCruzado\",\"url\":\"https:\/\/ccviolenciaeigualdad.com\/en\/author\/claudiacruzado\/\"}]}<\/script>\n<!-- \/ Yoast SEO plugin. -->","yoast_head_json":{"title":"Mediaci\u00f3n art\u00edstica y educativa: teatro foro con tem\u00e1tica inclusiva y diversidadde g\u00e9nero contra el bullying - Claudia Cruzado","robots":{"index":"index","follow":"follow","max-snippet":"max-snippet:-1","max-image-preview":"max-image-preview:large","max-video-preview":"max-video-preview:-1"},"canonical":"https:\/\/ccviolenciaeigualdad.com\/en\/mediacion-artistica-y-educativa-teatro-foro-con-tematica-inclusiva-y-diversidadde-genero-contra-el-bullying\/","og_locale":"en_GB","og_type":"article","og_title":"Mediaci\u00f3n art\u00edstica y educativa: teatro foro con tem\u00e1tica inclusiva y diversidadde g\u00e9nero contra el bullying - Claudia Cruzado","og_description":"Resumen: en este estudio se ha trabajado la mediaci\u00f3n art\u00edstica y educativa con alumnado de educaci\u00f3n secundaria para prevenir el bullying, y generar una mayor aceptaci\u00f3n e inclusividad en los centros educativos.\u00a0 Para ello, se ha tomado como punto de partida la obra de teatro Malnacido que cuenta la historia ver\u00eddica de Romasanta, que, por [&hellip;]","og_url":"https:\/\/ccviolenciaeigualdad.com\/en\/mediacion-artistica-y-educativa-teatro-foro-con-tematica-inclusiva-y-diversidadde-genero-contra-el-bullying\/","og_site_name":"Claudia Cruzado","article_published_time":"2025-05-09T15:39:35+00:00","article_modified_time":"2025-05-09T15:39:36+00:00","og_image":[{"width":241,"height":187,"url":"https:\/\/ccviolenciaeigualdad.com\/wp-content\/uploads\/2025\/05\/Screenshot-2025-05-09-173714.png","type":"image\/png"}],"author":"ClaudiaCruzado","twitter_card":"summary_large_image","twitter_misc":{"Written by":"ClaudiaCruzado","Estimated reading time":"2 minutes"},"schema":{"@context":"https:\/\/schema.org","@graph":[{"@type":"Article","@id":"https:\/\/ccviolenciaeigualdad.com\/mediacion-artistica-y-educativa-teatro-foro-con-tematica-inclusiva-y-diversidadde-genero-contra-el-bullying\/#article","isPartOf":{"@id":"https:\/\/ccviolenciaeigualdad.com\/mediacion-artistica-y-educativa-teatro-foro-con-tematica-inclusiva-y-diversidadde-genero-contra-el-bullying\/"},"author":{"name":"ClaudiaCruzado","@id":"https:\/\/ccviolenciaeigualdad.com\/#\/schema\/person\/2b905ae2f475f22f62b4cadef2183a5f"},"headline":"Mediaci\u00f3n art\u00edstica y educativa: teatro foro con tem\u00e1tica inclusiva y diversidadde g\u00e9nero contra el bullying","datePublished":"2025-05-09T15:39:35+00:00","dateModified":"2025-05-09T15:39:36+00:00","mainEntityOfPage":{"@id":"https:\/\/ccviolenciaeigualdad.com\/mediacion-artistica-y-educativa-teatro-foro-con-tematica-inclusiva-y-diversidadde-genero-contra-el-bullying\/"},"wordCount":259,"publisher":{"@id":"https:\/\/ccviolenciaeigualdad.com\/#organization"},"image":{"@id":"https:\/\/ccviolenciaeigualdad.com\/mediacion-artistica-y-educativa-teatro-foro-con-tematica-inclusiva-y-diversidadde-genero-contra-el-bullying\/#primaryimage"},"thumbnailUrl":"https:\/\/ccviolenciaeigualdad.com\/wp-content\/uploads\/2025\/05\/Screenshot-2025-05-09-173714.png","articleSection":["Uncategorized"],"inLanguage":"en-GB"},{"@type":"WebPage","@id":"https:\/\/ccviolenciaeigualdad.com\/mediacion-artistica-y-educativa-teatro-foro-con-tematica-inclusiva-y-diversidadde-genero-contra-el-bullying\/","url":"https:\/\/ccviolenciaeigualdad.com\/mediacion-artistica-y-educativa-teatro-foro-con-tematica-inclusiva-y-diversidadde-genero-contra-el-bullying\/","name":"Mediaci\u00f3n art\u00edstica y educativa: teatro foro con tem\u00e1tica inclusiva y diversidadde g\u00e9nero contra el bullying - Claudia Cruzado","isPartOf":{"@id":"https:\/\/ccviolenciaeigualdad.com\/#website"},"primaryImageOfPage":{"@id":"https:\/\/ccviolenciaeigualdad.com\/mediacion-artistica-y-educativa-teatro-foro-con-tematica-inclusiva-y-diversidadde-genero-contra-el-bullying\/#primaryimage"},"image":{"@id":"https:\/\/ccviolenciaeigualdad.com\/mediacion-artistica-y-educativa-teatro-foro-con-tematica-inclusiva-y-diversidadde-genero-contra-el-bullying\/#primaryimage"},"thumbnailUrl":"https:\/\/ccviolenciaeigualdad.com\/wp-content\/uploads\/2025\/05\/Screenshot-2025-05-09-173714.png","datePublished":"2025-05-09T15:39:35+00:00","dateModified":"2025-05-09T15:39:36+00:00","breadcrumb":{"@id":"https:\/\/ccviolenciaeigualdad.com\/mediacion-artistica-y-educativa-teatro-foro-con-tematica-inclusiva-y-diversidadde-genero-contra-el-bullying\/#breadcrumb"},"inLanguage":"en-GB","potentialAction":[{"@type":"ReadAction","target":["https:\/\/ccviolenciaeigualdad.com\/mediacion-artistica-y-educativa-teatro-foro-con-tematica-inclusiva-y-diversidadde-genero-contra-el-bullying\/"]}]},{"@type":"ImageObject","inLanguage":"en-GB","@id":"https:\/\/ccviolenciaeigualdad.com\/mediacion-artistica-y-educativa-teatro-foro-con-tematica-inclusiva-y-diversidadde-genero-contra-el-bullying\/#primaryimage","url":"https:\/\/ccviolenciaeigualdad.com\/wp-content\/uploads\/2025\/05\/Screenshot-2025-05-09-173714.png","contentUrl":"https:\/\/ccviolenciaeigualdad.com\/wp-content\/uploads\/2025\/05\/Screenshot-2025-05-09-173714.png","width":241,"height":187},{"@type":"BreadcrumbList","@id":"https:\/\/ccviolenciaeigualdad.com\/mediacion-artistica-y-educativa-teatro-foro-con-tematica-inclusiva-y-diversidadde-genero-contra-el-bullying\/#breadcrumb","itemListElement":[{"@type":"ListItem","position":1,"name":"Home","item":"https:\/\/ccviolenciaeigualdad.com\/"},{"@type":"ListItem","position":2,"name":"Mediaci\u00f3n art\u00edstica y educativa: teatro foro con tem\u00e1tica inclusiva y diversidadde g\u00e9nero contra el bullying"}]},{"@type":"WebSite","@id":"https:\/\/ccviolenciaeigualdad.com\/#website","url":"https:\/\/ccviolenciaeigualdad.com\/","name":"Claudia Cruzado","description":"Consultant specializing in equality, gender violence, and workplace harassment","publisher":{"@id":"https:\/\/ccviolenciaeigualdad.com\/#organization"},"potentialAction":[{"@type":"SearchAction","target":{"@type":"EntryPoint","urlTemplate":"https:\/\/ccviolenciaeigualdad.com\/?s={search_term_string}"},"query-input":{"@type":"PropertyValueSpecification","valueRequired":true,"valueName":"search_term_string"}}],"inLanguage":"en-GB"},{"@type":"Organization","@id":"https:\/\/ccviolenciaeigualdad.com\/#organization","name":"Claudia Cruzado","url":"https:\/\/ccviolenciaeigualdad.com\/","logo":{"@type":"ImageObject","inLanguage":"en-GB","@id":"https:\/\/ccviolenciaeigualdad.com\/#\/schema\/logo\/image\/","url":"https:\/\/ccviolenciaeigualdad.com\/wp-content\/uploads\/2025\/10\/cropped-logo-fondo-claudia-cruzado-1-1.png","contentUrl":"https:\/\/ccviolenciaeigualdad.com\/wp-content\/uploads\/2025\/10\/cropped-logo-fondo-claudia-cruzado-1-1.png","width":1080,"height":373,"caption":"Claudia Cruzado"},"image":{"@id":"https:\/\/ccviolenciaeigualdad.com\/#\/schema\/logo\/image\/"}},{"@type":"Person","@id":"https:\/\/ccviolenciaeigualdad.com\/#\/schema\/person\/2b905ae2f475f22f62b4cadef2183a5f","name":"Claudia Cruzado","url":"https:\/\/ccviolenciaeigualdad.com\/en\/author\/claudiacruzado\/"}]}},"_links":{"self":[{"href":"https:\/\/ccviolenciaeigualdad.com\/en\/wp-json\/wp\/v2\/posts\/511","targetHints":{"allow":["GET"]}}],"collection":[{"href":"https:\/\/ccviolenciaeigualdad.com\/en\/wp-json\/wp\/v2\/posts"}],"about":[{"href":"https:\/\/ccviolenciaeigualdad.com\/en\/wp-json\/wp\/v2\/types\/post"}],"author":[{"embeddable":true,"href":"https:\/\/ccviolenciaeigualdad.com\/en\/wp-json\/wp\/v2\/users\/4"}],"replies":[{"embeddable":true,"href":"https:\/\/ccviolenciaeigualdad.com\/en\/wp-json\/wp\/v2\/comments?post=511"}],"version-history":[{"count":1,"href":"https:\/\/ccviolenciaeigualdad.com\/en\/wp-json\/wp\/v2\/posts\/511\/revisions"}],"predecessor-version":[{"id":513,"href":"https:\/\/ccviolenciaeigualdad.com\/en\/wp-json\/wp\/v2\/posts\/511\/revisions\/513"}],"wp:featuredmedia":[{"embeddable":true,"href":"https:\/\/ccviolenciaeigualdad.com\/en\/wp-json\/wp\/v2\/media\/512"}],"wp:attachment":[{"href":"https:\/\/ccviolenciaeigualdad.com\/en\/wp-json\/wp\/v2\/media?parent=511"}],"wp:term":[{"taxonomy":"category","embeddable":true,"href":"https:\/\/ccviolenciaeigualdad.com\/en\/wp-json\/wp\/v2\/categories?post=511"},{"taxonomy":"post_tag","embeddable":true,"href":"https:\/\/ccviolenciaeigualdad.com\/en\/wp-json\/wp\/v2\/tags?post=511"}],"curies":[{"name":"wp","href":"https:\/\/api.w.org\/{rel}","templated":true}]}}