{"id":468,"date":"2025-01-20T16:38:09","date_gmt":"2025-01-20T16:38:09","guid":{"rendered":"https:\/\/ccviolenciaeigualdad.com\/?p=468"},"modified":"2025-01-20T16:46:10","modified_gmt":"2025-01-20T16:46:10","slug":"activitats-del-dia-europeu-de-la-mediacio-2025","status":"publish","type":"post","link":"https:\/\/ccviolenciaeigualdad.com\/en\/activitats-del-dia-europeu-de-la-mediacio-2025\/","title":{"rendered":"Activities of the European Media Day 2025"},"content":{"rendered":"<p>Apostem per la mediaci\u00f3, fem el canvi in our way of managing conflicts. Let&#039;s look to the future with an ability to collaborate and have more balance in all aspects of life: personal, professional and in our social environment.<\/p>\n\n\n\n<p>Link of proposed activities for the week of the Mediation:<\/p>\n\n\n\n<p><a href=\"https:\/\/justicia.gencat.cat\/ca\/ambits\/mediacio\/mediacio_dretprivat\/dia_europeu_mediacio\/cercador\">https:\/\/justicia.gencat.cat\/ca\/ambits\/mediacio\/mediacio_dretprivat\/dia_europeu_mediacio\/cercador<\/a><\/p>","protected":false},"excerpt":{"rendered":"<p>Apostem per la mediaci\u00f3, fem el canvi in our way of managing conflicts. Let&#039;s look to the future with an ability to collaborate and have more balance in all aspects of life: personal, professional and in our social environment. Link of proposed activities for the Mediaci\u00f3 week: https:\/\/justicia.gencat.cat\/ca\/ambits\/mediacio\/mediacio_dretprivat\/dia_europeu_mediacio\/cercador<\/p>","protected":false},"author":4,"featured_media":472,"comment_status":"closed","ping_status":"closed","sticky":false,"template":"","format":"standard","meta":{"footnotes":""},"categories":[1],"tags":[],"class_list":["post-468","post","type-post","status-publish","format-standard","has-post-thumbnail","hentry","category-uncategorized"],"yoast_head":"<!-- This site is optimized with the Yoast SEO plugin v26.3 - https:\/\/yoast.com\/wordpress\/plugins\/seo\/ -->\n<title>Activitats del Dia Europeu de la Mediaci\u00f3 2025 - Claudia Cruzado<\/title>\n<meta name=\"robots\" content=\"index, follow, max-snippet:-1, max-image-preview:large, max-video-preview:-1\" \/>\n<link rel=\"canonical\" href=\"https:\/\/ccviolenciaeigualdad.com\/en\/activitats-del-dia-europeu-de-la-mediacio-2025\/\" \/>\n<meta property=\"og:locale\" content=\"en_GB\" \/>\n<meta property=\"og:type\" content=\"article\" \/>\n<meta property=\"og:title\" content=\"Activitats del Dia Europeu de la Mediaci\u00f3 2025 - Claudia Cruzado\" \/>\n<meta property=\"og:description\" content=\"Apostem per la mediaci\u00f3, fem el canvi en la nostra forma de gestionar els conflictes. Mirem el futur amb una aptitud de col.laboraci\u00f3 i de tenir m\u00e9s equilibri en tots els aspectes de la vida: personal, profesional i en el nostre entorn social. Link d&#8217;activitats propostes per la setmana de la Mediaci\u00f3: https:\/\/justicia.gencat.cat\/ca\/ambits\/mediacio\/mediacio_dretprivat\/dia_europeu_mediacio\/cercador\" \/>\n<meta property=\"og:url\" content=\"https:\/\/ccviolenciaeigualdad.com\/en\/activitats-del-dia-europeu-de-la-mediacio-2025\/\" \/>\n<meta property=\"og:site_name\" content=\"Claudia Cruzado\" \/>\n<meta property=\"article:published_time\" content=\"2025-01-20T16:38:09+00:00\" \/>\n<meta property=\"article:modified_time\" content=\"2025-01-20T16:46:10+00:00\" \/>\n<meta property=\"og:image\" content=\"https:\/\/ccviolenciaeigualdad.com\/wp-content\/uploads\/2025\/01\/Screenshot-2025-01-20-173653.png\" \/>\n\t<meta property=\"og:image:width\" content=\"496\" \/>\n\t<meta property=\"og:image:height\" content=\"446\" \/>\n\t<meta property=\"og:image:type\" content=\"image\/png\" \/>\n<meta name=\"author\" content=\"ClaudiaCruzado\" \/>\n<meta name=\"twitter:card\" content=\"summary_large_image\" \/>\n<meta name=\"twitter:label1\" content=\"Written by\" \/>\n\t<meta name=\"twitter:data1\" content=\"ClaudiaCruzado\" \/>\n\t<meta name=\"twitter:label2\" content=\"Estimated reading time\" \/>\n\t<meta name=\"twitter:data2\" content=\"1 minute\" \/>\n<script type=\"application\/ld+json\" class=\"yoast-schema-graph\">{\"@context\":\"https:\/\/schema.org\",\"@graph\":[{\"@type\":\"Article\",\"@id\":\"https:\/\/ccviolenciaeigualdad.com\/activitats-del-dia-europeu-de-la-mediacio-2025\/#article\",\"isPartOf\":{\"@id\":\"https:\/\/ccviolenciaeigualdad.com\/activitats-del-dia-europeu-de-la-mediacio-2025\/\"},\"author\":{\"name\":\"ClaudiaCruzado\",\"@id\":\"https:\/\/ccviolenciaeigualdad.com\/#\/schema\/person\/2b905ae2f475f22f62b4cadef2183a5f\"},\"headline\":\"Activitats del Dia Europeu de la Mediaci\u00f3 2025\",\"datePublished\":\"2025-01-20T16:38:09+00:00\",\"dateModified\":\"2025-01-20T16:46:10+00:00\",\"mainEntityOfPage\":{\"@id\":\"https:\/\/ccviolenciaeigualdad.com\/activitats-del-dia-europeu-de-la-mediacio-2025\/\"},\"wordCount\":75,\"publisher\":{\"@id\":\"https:\/\/ccviolenciaeigualdad.com\/#organization\"},\"image\":{\"@id\":\"https:\/\/ccviolenciaeigualdad.com\/activitats-del-dia-europeu-de-la-mediacio-2025\/#primaryimage\"},\"thumbnailUrl\":\"https:\/\/ccviolenciaeigualdad.com\/wp-content\/uploads\/2025\/01\/Screenshot-2025-01-20-173653.png\",\"articleSection\":[\"Uncategorized\"],\"inLanguage\":\"en-GB\"},{\"@type\":\"WebPage\",\"@id\":\"https:\/\/ccviolenciaeigualdad.com\/activitats-del-dia-europeu-de-la-mediacio-2025\/\",\"url\":\"https:\/\/ccviolenciaeigualdad.com\/activitats-del-dia-europeu-de-la-mediacio-2025\/\",\"name\":\"Activitats del Dia Europeu de la Mediaci\u00f3 2025 - Claudia Cruzado\",\"isPartOf\":{\"@id\":\"https:\/\/ccviolenciaeigualdad.com\/#website\"},\"primaryImageOfPage\":{\"@id\":\"https:\/\/ccviolenciaeigualdad.com\/activitats-del-dia-europeu-de-la-mediacio-2025\/#primaryimage\"},\"image\":{\"@id\":\"https:\/\/ccviolenciaeigualdad.com\/activitats-del-dia-europeu-de-la-mediacio-2025\/#primaryimage\"},\"thumbnailUrl\":\"https:\/\/ccviolenciaeigualdad.com\/wp-content\/uploads\/2025\/01\/Screenshot-2025-01-20-173653.png\",\"datePublished\":\"2025-01-20T16:38:09+00:00\",\"dateModified\":\"2025-01-20T16:46:10+00:00\",\"breadcrumb\":{\"@id\":\"https:\/\/ccviolenciaeigualdad.com\/activitats-del-dia-europeu-de-la-mediacio-2025\/#breadcrumb\"},\"inLanguage\":\"en-GB\",\"potentialAction\":[{\"@type\":\"ReadAction\",\"target\":[\"https:\/\/ccviolenciaeigualdad.com\/activitats-del-dia-europeu-de-la-mediacio-2025\/\"]}]},{\"@type\":\"ImageObject\",\"inLanguage\":\"en-GB\",\"@id\":\"https:\/\/ccviolenciaeigualdad.com\/activitats-del-dia-europeu-de-la-mediacio-2025\/#primaryimage\",\"url\":\"https:\/\/ccviolenciaeigualdad.com\/wp-content\/uploads\/2025\/01\/Screenshot-2025-01-20-173653.png\",\"contentUrl\":\"https:\/\/ccviolenciaeigualdad.com\/wp-content\/uploads\/2025\/01\/Screenshot-2025-01-20-173653.png\",\"width\":496,\"height\":446},{\"@type\":\"BreadcrumbList\",\"@id\":\"https:\/\/ccviolenciaeigualdad.com\/activitats-del-dia-europeu-de-la-mediacio-2025\/#breadcrumb\",\"itemListElement\":[{\"@type\":\"ListItem\",\"position\":1,\"name\":\"Home\",\"item\":\"https:\/\/ccviolenciaeigualdad.com\/\"},{\"@type\":\"ListItem\",\"position\":2,\"name\":\"Activitats del Dia Europeu de la Mediaci\u00f3 2025\"}]},{\"@type\":\"WebSite\",\"@id\":\"https:\/\/ccviolenciaeigualdad.com\/#website\",\"url\":\"https:\/\/ccviolenciaeigualdad.com\/\",\"name\":\"Claudia Cruzado\",\"description\":\"Consultora especializada en igualdad, violencia de g\u00e9nero y acoso laboral\",\"publisher\":{\"@id\":\"https:\/\/ccviolenciaeigualdad.com\/#organization\"},\"potentialAction\":[{\"@type\":\"SearchAction\",\"target\":{\"@type\":\"EntryPoint\",\"urlTemplate\":\"https:\/\/ccviolenciaeigualdad.com\/?s={search_term_string}\"},\"query-input\":{\"@type\":\"PropertyValueSpecification\",\"valueRequired\":true,\"valueName\":\"search_term_string\"}}],\"inLanguage\":\"en-GB\"},{\"@type\":\"Organization\",\"@id\":\"https:\/\/ccviolenciaeigualdad.com\/#organization\",\"name\":\"Claudia Cruzado\",\"url\":\"https:\/\/ccviolenciaeigualdad.com\/\",\"logo\":{\"@type\":\"ImageObject\",\"inLanguage\":\"en-GB\",\"@id\":\"https:\/\/ccviolenciaeigualdad.com\/#\/schema\/logo\/image\/\",\"url\":\"https:\/\/ccviolenciaeigualdad.com\/wp-content\/uploads\/2025\/10\/cropped-logo-fondo-claudia-cruzado-1-1.png\",\"contentUrl\":\"https:\/\/ccviolenciaeigualdad.com\/wp-content\/uploads\/2025\/10\/cropped-logo-fondo-claudia-cruzado-1-1.png\",\"width\":1080,\"height\":373,\"caption\":\"Claudia Cruzado\"},\"image\":{\"@id\":\"https:\/\/ccviolenciaeigualdad.com\/#\/schema\/logo\/image\/\"}},{\"@type\":\"Person\",\"@id\":\"https:\/\/ccviolenciaeigualdad.com\/#\/schema\/person\/2b905ae2f475f22f62b4cadef2183a5f\",\"name\":\"ClaudiaCruzado\",\"url\":\"https:\/\/ccviolenciaeigualdad.com\/en\/author\/claudiacruzado\/\"}]}<\/script>\n<!-- \/ Yoast SEO plugin. -->","yoast_head_json":{"title":"Activitats del Dia Europeu de la Mediaci\u00f3 2025 - Claudia Cruzado","robots":{"index":"index","follow":"follow","max-snippet":"max-snippet:-1","max-image-preview":"max-image-preview:large","max-video-preview":"max-video-preview:-1"},"canonical":"https:\/\/ccviolenciaeigualdad.com\/en\/activitats-del-dia-europeu-de-la-mediacio-2025\/","og_locale":"en_GB","og_type":"article","og_title":"Activitats del Dia Europeu de la Mediaci\u00f3 2025 - Claudia Cruzado","og_description":"Apostem per la mediaci\u00f3, fem el canvi en la nostra forma de gestionar els conflictes. Mirem el futur amb una aptitud de col.laboraci\u00f3 i de tenir m\u00e9s equilibri en tots els aspectes de la vida: personal, profesional i en el nostre entorn social. Link d&#8217;activitats propostes per la setmana de la Mediaci\u00f3: https:\/\/justicia.gencat.cat\/ca\/ambits\/mediacio\/mediacio_dretprivat\/dia_europeu_mediacio\/cercador","og_url":"https:\/\/ccviolenciaeigualdad.com\/en\/activitats-del-dia-europeu-de-la-mediacio-2025\/","og_site_name":"Claudia Cruzado","article_published_time":"2025-01-20T16:38:09+00:00","article_modified_time":"2025-01-20T16:46:10+00:00","og_image":[{"width":496,"height":446,"url":"https:\/\/ccviolenciaeigualdad.com\/wp-content\/uploads\/2025\/01\/Screenshot-2025-01-20-173653.png","type":"image\/png"}],"author":"ClaudiaCruzado","twitter_card":"summary_large_image","twitter_misc":{"Written by":"ClaudiaCruzado","Estimated reading time":"1 minute"},"schema":{"@context":"https:\/\/schema.org","@graph":[{"@type":"Article","@id":"https:\/\/ccviolenciaeigualdad.com\/activitats-del-dia-europeu-de-la-mediacio-2025\/#article","isPartOf":{"@id":"https:\/\/ccviolenciaeigualdad.com\/activitats-del-dia-europeu-de-la-mediacio-2025\/"},"author":{"name":"ClaudiaCruzado","@id":"https:\/\/ccviolenciaeigualdad.com\/#\/schema\/person\/2b905ae2f475f22f62b4cadef2183a5f"},"headline":"Activitats del Dia Europeu de la Mediaci\u00f3 2025","datePublished":"2025-01-20T16:38:09+00:00","dateModified":"2025-01-20T16:46:10+00:00","mainEntityOfPage":{"@id":"https:\/\/ccviolenciaeigualdad.com\/activitats-del-dia-europeu-de-la-mediacio-2025\/"},"wordCount":75,"publisher":{"@id":"https:\/\/ccviolenciaeigualdad.com\/#organization"},"image":{"@id":"https:\/\/ccviolenciaeigualdad.com\/activitats-del-dia-europeu-de-la-mediacio-2025\/#primaryimage"},"thumbnailUrl":"https:\/\/ccviolenciaeigualdad.com\/wp-content\/uploads\/2025\/01\/Screenshot-2025-01-20-173653.png","articleSection":["Uncategorized"],"inLanguage":"en-GB"},{"@type":"WebPage","@id":"https:\/\/ccviolenciaeigualdad.com\/activitats-del-dia-europeu-de-la-mediacio-2025\/","url":"https:\/\/ccviolenciaeigualdad.com\/activitats-del-dia-europeu-de-la-mediacio-2025\/","name":"Activitats del Dia Europeu de la Mediaci\u00f3 2025 - Claudia Cruzado","isPartOf":{"@id":"https:\/\/ccviolenciaeigualdad.com\/#website"},"primaryImageOfPage":{"@id":"https:\/\/ccviolenciaeigualdad.com\/activitats-del-dia-europeu-de-la-mediacio-2025\/#primaryimage"},"image":{"@id":"https:\/\/ccviolenciaeigualdad.com\/activitats-del-dia-europeu-de-la-mediacio-2025\/#primaryimage"},"thumbnailUrl":"https:\/\/ccviolenciaeigualdad.com\/wp-content\/uploads\/2025\/01\/Screenshot-2025-01-20-173653.png","datePublished":"2025-01-20T16:38:09+00:00","dateModified":"2025-01-20T16:46:10+00:00","breadcrumb":{"@id":"https:\/\/ccviolenciaeigualdad.com\/activitats-del-dia-europeu-de-la-mediacio-2025\/#breadcrumb"},"inLanguage":"en-GB","potentialAction":[{"@type":"ReadAction","target":["https:\/\/ccviolenciaeigualdad.com\/activitats-del-dia-europeu-de-la-mediacio-2025\/"]}]},{"@type":"ImageObject","inLanguage":"en-GB","@id":"https:\/\/ccviolenciaeigualdad.com\/activitats-del-dia-europeu-de-la-mediacio-2025\/#primaryimage","url":"https:\/\/ccviolenciaeigualdad.com\/wp-content\/uploads\/2025\/01\/Screenshot-2025-01-20-173653.png","contentUrl":"https:\/\/ccviolenciaeigualdad.com\/wp-content\/uploads\/2025\/01\/Screenshot-2025-01-20-173653.png","width":496,"height":446},{"@type":"BreadcrumbList","@id":"https:\/\/ccviolenciaeigualdad.com\/activitats-del-dia-europeu-de-la-mediacio-2025\/#breadcrumb","itemListElement":[{"@type":"ListItem","position":1,"name":"Home","item":"https:\/\/ccviolenciaeigualdad.com\/"},{"@type":"ListItem","position":2,"name":"Activitats del Dia Europeu de la Mediaci\u00f3 2025"}]},{"@type":"WebSite","@id":"https:\/\/ccviolenciaeigualdad.com\/#website","url":"https:\/\/ccviolenciaeigualdad.com\/","name":"Claudia Cruzado","description":"Consultant specializing in equality, gender violence, and workplace harassment","publisher":{"@id":"https:\/\/ccviolenciaeigualdad.com\/#organization"},"potentialAction":[{"@type":"SearchAction","target":{"@type":"EntryPoint","urlTemplate":"https:\/\/ccviolenciaeigualdad.com\/?s={search_term_string}"},"query-input":{"@type":"PropertyValueSpecification","valueRequired":true,"valueName":"search_term_string"}}],"inLanguage":"en-GB"},{"@type":"Organization","@id":"https:\/\/ccviolenciaeigualdad.com\/#organization","name":"Claudia Cruzado","url":"https:\/\/ccviolenciaeigualdad.com\/","logo":{"@type":"ImageObject","inLanguage":"en-GB","@id":"https:\/\/ccviolenciaeigualdad.com\/#\/schema\/logo\/image\/","url":"https:\/\/ccviolenciaeigualdad.com\/wp-content\/uploads\/2025\/10\/cropped-logo-fondo-claudia-cruzado-1-1.png","contentUrl":"https:\/\/ccviolenciaeigualdad.com\/wp-content\/uploads\/2025\/10\/cropped-logo-fondo-claudia-cruzado-1-1.png","width":1080,"height":373,"caption":"Claudia Cruzado"},"image":{"@id":"https:\/\/ccviolenciaeigualdad.com\/#\/schema\/logo\/image\/"}},{"@type":"Person","@id":"https:\/\/ccviolenciaeigualdad.com\/#\/schema\/person\/2b905ae2f475f22f62b4cadef2183a5f","name":"Claudia Cruzado","url":"https:\/\/ccviolenciaeigualdad.com\/en\/author\/claudiacruzado\/"}]}},"_links":{"self":[{"href":"https:\/\/ccviolenciaeigualdad.com\/en\/wp-json\/wp\/v2\/posts\/468","targetHints":{"allow":["GET"]}}],"collection":[{"href":"https:\/\/ccviolenciaeigualdad.com\/en\/wp-json\/wp\/v2\/posts"}],"about":[{"href":"https:\/\/ccviolenciaeigualdad.com\/en\/wp-json\/wp\/v2\/types\/post"}],"author":[{"embeddable":true,"href":"https:\/\/ccviolenciaeigualdad.com\/en\/wp-json\/wp\/v2\/users\/4"}],"replies":[{"embeddable":true,"href":"https:\/\/ccviolenciaeigualdad.com\/en\/wp-json\/wp\/v2\/comments?post=468"}],"version-history":[{"count":1,"href":"https:\/\/ccviolenciaeigualdad.com\/en\/wp-json\/wp\/v2\/posts\/468\/revisions"}],"predecessor-version":[{"id":471,"href":"https:\/\/ccviolenciaeigualdad.com\/en\/wp-json\/wp\/v2\/posts\/468\/revisions\/471"}],"wp:featuredmedia":[{"embeddable":true,"href":"https:\/\/ccviolenciaeigualdad.com\/en\/wp-json\/wp\/v2\/media\/472"}],"wp:attachment":[{"href":"https:\/\/ccviolenciaeigualdad.com\/en\/wp-json\/wp\/v2\/media?parent=468"}],"wp:term":[{"taxonomy":"category","embeddable":true,"href":"https:\/\/ccviolenciaeigualdad.com\/en\/wp-json\/wp\/v2\/categories?post=468"},{"taxonomy":"post_tag","embeddable":true,"href":"https:\/\/ccviolenciaeigualdad.com\/en\/wp-json\/wp\/v2\/tags?post=468"}],"curies":[{"name":"wp","href":"https:\/\/api.w.org\/{rel}","templated":true}]}}