{"id":430,"date":"2024-10-22T14:08:29","date_gmt":"2024-10-22T14:08:29","guid":{"rendered":"https:\/\/ccviolenciaeigualdad.com\/?p=430"},"modified":"2024-10-22T14:13:12","modified_gmt":"2024-10-22T14:13:12","slug":"430-2","status":"publish","type":"post","link":"https:\/\/ccviolenciaeigualdad.com\/en\/430-2\/","title":{"rendered":"JORNADAS FORMATIVAS: HABLAMOS DE VIOLENCIA VICARIA"},"content":{"rendered":"<p>Jornadas formativas que no se pueden perder:<\/p>\n\n\n\n<p>La Delegaci\u00f3n de Bienestar Social, Igualdad y Familia de la Excma. Diputaci\u00f3n de Granada, dando cumplimiento a su objetivo de contribuir a la erradicaci\u00f3n de todo tipo de manifestaciones de violencia contra las mujeres, organiza las Jornadas Formativas:<\/p>\n\n\n\n<p>\u201cHablemos de Violencia Vicaria\u201d<\/p>\n\n\n\n<p>Fecha: viernes, 25 de octubre de 2024<br>Horario: de 9:00 h a 19:30 h<br>Lugar: Sal\u00f3n de Actos de la Excma. Diputaci\u00f3n de Granada (C\/ Periodista Barrios Talavera 1, 18014, Granada)<\/p>\n\n\n\n<p>La inscripci\u00f3n es gratuita y se atender\u00e1n las solicitudes de participaci\u00f3n realizadas hasta completar aforo.<\/p>\n\n\n\n<p>\u00a1No dejen de asistir!<br>Para m\u00e1s informaci\u00f3n e inscripci\u00f3n en las Jornadas, pinchar en el siguiente enlace<\/p>\n\n\n\n<figure class=\"wp-block-embed is-type-wp-embed is-provider-a-m-psicolog-a-feminista wp-block-embed-a-m-psicolog-a-feminista\"><div class=\"wp-block-embed__wrapper\">\n<blockquote class=\"wp-embedded-content\" data-secret=\"POv71Ws7a6\"><a href=\"https:\/\/psicologiafeminista.com\/jornada-violencia-vicaria-2024-diputacion-granada\/\">Jornada Violencia Vicaria 2024 &#8211; Diputaci\u00f3n de Granada<\/a><\/blockquote><iframe class=\"wp-embedded-content\" sandbox=\"allow-scripts\" security=\"restricted\" style=\"position: absolute; visibility: hidden;\" title=\"\u00abJornada Violencia Vicaria 2024 &#8211; Diputaci\u00f3n de Granada\u00bb \u2014 A M Psicolog\u00eda Feminista\" src=\"https:\/\/psicologiafeminista.com\/jornada-violencia-vicaria-2024-diputacion-granada\/embed\/#?secret=r8eJDp4Vni#?secret=POv71Ws7a6\" data-secret=\"POv71Ws7a6\" width=\"600\" height=\"338\" frameborder=\"0\" marginwidth=\"0\" marginheight=\"0\" scrolling=\"no\"><\/iframe>\n<\/div><\/figure>","protected":false},"excerpt":{"rendered":"<p>Jornadas formativas que no se pueden perder:<\/p>\n<p>La Delegaci\u00f3n de Bienestar Social, Igualdad y Familia de la Excma. Diputaci\u00f3n de Granada, dando cumplimiento a su objetivo de contribuir a la erradicaci\u00f3n de todo tipo de manifestaciones de violencia contra las mujeres, organiza las Jornadas Formativas:<\/p>\n<p>\u201cHablemos de Violencia Vicaria\u201d<\/p>\n<p>Fecha: viernes, 25 de octubre de 2024<br \/>\nHorario: de 9:00 h a 19:30 h<br \/>\nLugar: Sal\u00f3n de Actos de la Excma. Diputaci\u00f3n de Granada (C\/ Periodista Barrios Talavera 1, 18014, Granada)<\/p>\n<p>La inscripci\u00f3n es gratuita y se atender\u00e1n las solicitudes de participaci\u00f3n realizadas hasta completar aforo.<\/p>\n<p>\u00a1No dejen de asistir!<br \/>\nPara m\u00e1s informaci\u00f3n e inscripci\u00f3n en las Jornadas, pinchar en el siguiente enlace<\/p>\n<p>https:\/\/psicologiafeminista.com\/jornada-violencia-vicaria-2024-diputacion-granada\/<\/p>","protected":false},"author":4,"featured_media":431,"comment_status":"closed","ping_status":"closed","sticky":false,"template":"","format":"standard","meta":{"footnotes":""},"categories":[1],"tags":[],"class_list":["post-430","post","type-post","status-publish","format-standard","has-post-thumbnail","hentry","category-uncategorized"],"yoast_head":"<!-- This site is optimized with the Yoast SEO plugin v26.3 - https:\/\/yoast.com\/wordpress\/plugins\/seo\/ -->\n<title>JORNADAS FORMATIVAS: HABLAMOS DE VIOLENCIA VICARIA - Claudia Cruzado<\/title>\n<meta name=\"robots\" content=\"index, follow, max-snippet:-1, max-image-preview:large, max-video-preview:-1\" \/>\n<link rel=\"canonical\" href=\"https:\/\/ccviolenciaeigualdad.com\/en\/430-2\/\" \/>\n<meta property=\"og:locale\" content=\"en_GB\" \/>\n<meta property=\"og:type\" content=\"article\" \/>\n<meta property=\"og:title\" content=\"JORNADAS FORMATIVAS: HABLAMOS DE VIOLENCIA VICARIA - Claudia Cruzado\" \/>\n<meta property=\"og:description\" content=\"Jornadas formativas que no se pueden perder: La Delegaci\u00f3n de Bienestar Social, Igualdad y Familia de la Excma. Diputaci\u00f3n de Granada, dando cumplimiento a su objetivo de contribuir a la erradicaci\u00f3n de todo tipo de manifestaciones de violencia contra las mujeres, organiza las Jornadas Formativas: \u201cHablemos de Violencia Vicaria\u201d  Fecha: viernes, 25 de octubre de 2024 Horario: de 9:00 h a 19:30 h Lugar: Sal\u00f3n de Actos de la Excma. Diputaci\u00f3n de Granada (C\/ Periodista Barrios Talavera 1, 18014, Granada) La inscripci\u00f3n es gratuita y se atender\u00e1n las solicitudes de participaci\u00f3n realizadas hasta completar aforo. \u00a1No dejen de asistir! Para m\u00e1s informaci\u00f3n e inscripci\u00f3n en las Jornadas, pinchar en el siguiente enlace  https:\/\/psicologiafeminista.com\/jornada-violencia-vicaria-2024-diputacion-granada\/\" \/>\n<meta property=\"og:url\" content=\"https:\/\/ccviolenciaeigualdad.com\/en\/430-2\/\" \/>\n<meta property=\"og:site_name\" content=\"Claudia Cruzado\" \/>\n<meta property=\"article:published_time\" content=\"2024-10-22T14:08:29+00:00\" \/>\n<meta property=\"article:modified_time\" content=\"2024-10-22T14:13:12+00:00\" \/>\n<meta property=\"og:image\" content=\"https:\/\/ccviolenciaeigualdad.com\/wp-content\/uploads\/2024\/10\/Screenshot-2024-10-22-160225.jpg\" \/>\n\t<meta property=\"og:image:width\" content=\"457\" \/>\n\t<meta property=\"og:image:height\" content=\"613\" \/>\n\t<meta property=\"og:image:type\" content=\"image\/jpeg\" \/>\n<meta name=\"author\" content=\"ClaudiaCruzado\" \/>\n<meta name=\"twitter:card\" content=\"summary_large_image\" \/>\n<meta name=\"twitter:label1\" content=\"Written by\" \/>\n\t<meta name=\"twitter:data1\" content=\"ClaudiaCruzado\" \/>\n\t<meta name=\"twitter:label2\" content=\"Estimated reading time\" \/>\n\t<meta name=\"twitter:data2\" content=\"1 minute\" \/>\n<script type=\"application\/ld+json\" class=\"yoast-schema-graph\">{\"@context\":\"https:\/\/schema.org\",\"@graph\":[{\"@type\":\"Article\",\"@id\":\"https:\/\/ccviolenciaeigualdad.com\/430-2\/#article\",\"isPartOf\":{\"@id\":\"https:\/\/ccviolenciaeigualdad.com\/430-2\/\"},\"author\":{\"name\":\"ClaudiaCruzado\",\"@id\":\"https:\/\/ccviolenciaeigualdad.com\/#\/schema\/person\/2b905ae2f475f22f62b4cadef2183a5f\"},\"headline\":\"JORNADAS FORMATIVAS: HABLAMOS DE VIOLENCIA VICARIA\",\"datePublished\":\"2024-10-22T14:08:29+00:00\",\"dateModified\":\"2024-10-22T14:13:12+00:00\",\"mainEntityOfPage\":{\"@id\":\"https:\/\/ccviolenciaeigualdad.com\/430-2\/\"},\"wordCount\":127,\"publisher\":{\"@id\":\"https:\/\/ccviolenciaeigualdad.com\/#organization\"},\"image\":{\"@id\":\"https:\/\/ccviolenciaeigualdad.com\/430-2\/#primaryimage\"},\"thumbnailUrl\":\"https:\/\/ccviolenciaeigualdad.com\/wp-content\/uploads\/2024\/10\/Screenshot-2024-10-22-160225.jpg\",\"articleSection\":[\"Uncategorized\"],\"inLanguage\":\"en-GB\"},{\"@type\":\"WebPage\",\"@id\":\"https:\/\/ccviolenciaeigualdad.com\/430-2\/\",\"url\":\"https:\/\/ccviolenciaeigualdad.com\/430-2\/\",\"name\":\"JORNADAS FORMATIVAS: HABLAMOS DE VIOLENCIA VICARIA - Claudia Cruzado\",\"isPartOf\":{\"@id\":\"https:\/\/ccviolenciaeigualdad.com\/#website\"},\"primaryImageOfPage\":{\"@id\":\"https:\/\/ccviolenciaeigualdad.com\/430-2\/#primaryimage\"},\"image\":{\"@id\":\"https:\/\/ccviolenciaeigualdad.com\/430-2\/#primaryimage\"},\"thumbnailUrl\":\"https:\/\/ccviolenciaeigualdad.com\/wp-content\/uploads\/2024\/10\/Screenshot-2024-10-22-160225.jpg\",\"datePublished\":\"2024-10-22T14:08:29+00:00\",\"dateModified\":\"2024-10-22T14:13:12+00:00\",\"breadcrumb\":{\"@id\":\"https:\/\/ccviolenciaeigualdad.com\/430-2\/#breadcrumb\"},\"inLanguage\":\"en-GB\",\"potentialAction\":[{\"@type\":\"ReadAction\",\"target\":[\"https:\/\/ccviolenciaeigualdad.com\/430-2\/\"]}]},{\"@type\":\"ImageObject\",\"inLanguage\":\"en-GB\",\"@id\":\"https:\/\/ccviolenciaeigualdad.com\/430-2\/#primaryimage\",\"url\":\"https:\/\/ccviolenciaeigualdad.com\/wp-content\/uploads\/2024\/10\/Screenshot-2024-10-22-160225.jpg\",\"contentUrl\":\"https:\/\/ccviolenciaeigualdad.com\/wp-content\/uploads\/2024\/10\/Screenshot-2024-10-22-160225.jpg\",\"width\":457,\"height\":613},{\"@type\":\"BreadcrumbList\",\"@id\":\"https:\/\/ccviolenciaeigualdad.com\/430-2\/#breadcrumb\",\"itemListElement\":[{\"@type\":\"ListItem\",\"position\":1,\"name\":\"Home\",\"item\":\"https:\/\/ccviolenciaeigualdad.com\/\"},{\"@type\":\"ListItem\",\"position\":2,\"name\":\"JORNADAS FORMATIVAS: HABLAMOS DE VIOLENCIA VICARIA\"}]},{\"@type\":\"WebSite\",\"@id\":\"https:\/\/ccviolenciaeigualdad.com\/#website\",\"url\":\"https:\/\/ccviolenciaeigualdad.com\/\",\"name\":\"Claudia Cruzado\",\"description\":\"Consultora especializada en igualdad, violencia de g\u00e9nero y acoso laboral\",\"publisher\":{\"@id\":\"https:\/\/ccviolenciaeigualdad.com\/#organization\"},\"potentialAction\":[{\"@type\":\"SearchAction\",\"target\":{\"@type\":\"EntryPoint\",\"urlTemplate\":\"https:\/\/ccviolenciaeigualdad.com\/?s={search_term_string}\"},\"query-input\":{\"@type\":\"PropertyValueSpecification\",\"valueRequired\":true,\"valueName\":\"search_term_string\"}}],\"inLanguage\":\"en-GB\"},{\"@type\":\"Organization\",\"@id\":\"https:\/\/ccviolenciaeigualdad.com\/#organization\",\"name\":\"Claudia Cruzado\",\"url\":\"https:\/\/ccviolenciaeigualdad.com\/\",\"logo\":{\"@type\":\"ImageObject\",\"inLanguage\":\"en-GB\",\"@id\":\"https:\/\/ccviolenciaeigualdad.com\/#\/schema\/logo\/image\/\",\"url\":\"https:\/\/ccviolenciaeigualdad.com\/wp-content\/uploads\/2025\/10\/cropped-logo-fondo-claudia-cruzado-1-1.png\",\"contentUrl\":\"https:\/\/ccviolenciaeigualdad.com\/wp-content\/uploads\/2025\/10\/cropped-logo-fondo-claudia-cruzado-1-1.png\",\"width\":1080,\"height\":373,\"caption\":\"Claudia Cruzado\"},\"image\":{\"@id\":\"https:\/\/ccviolenciaeigualdad.com\/#\/schema\/logo\/image\/\"}},{\"@type\":\"Person\",\"@id\":\"https:\/\/ccviolenciaeigualdad.com\/#\/schema\/person\/2b905ae2f475f22f62b4cadef2183a5f\",\"name\":\"ClaudiaCruzado\",\"url\":\"https:\/\/ccviolenciaeigualdad.com\/en\/author\/claudiacruzado\/\"}]}<\/script>\n<!-- \/ Yoast SEO plugin. -->","yoast_head_json":{"title":"JORNADAS FORMATIVAS: HABLAMOS DE VIOLENCIA VICARIA - Claudia Cruzado","robots":{"index":"index","follow":"follow","max-snippet":"max-snippet:-1","max-image-preview":"max-image-preview:large","max-video-preview":"max-video-preview:-1"},"canonical":"https:\/\/ccviolenciaeigualdad.com\/en\/430-2\/","og_locale":"en_GB","og_type":"article","og_title":"JORNADAS FORMATIVAS: HABLAMOS DE VIOLENCIA VICARIA - Claudia Cruzado","og_description":"Jornadas formativas que no se pueden perder: La Delegaci\u00f3n de Bienestar Social, Igualdad y Familia de la Excma. Diputaci\u00f3n de Granada, dando cumplimiento a su objetivo de contribuir a la erradicaci\u00f3n de todo tipo de manifestaciones de violencia contra las mujeres, organiza las Jornadas Formativas: \u201cHablemos de Violencia Vicaria\u201d  Fecha: viernes, 25 de octubre de 2024 Horario: de 9:00 h a 19:30 h Lugar: Sal\u00f3n de Actos de la Excma. Diputaci\u00f3n de Granada (C\/ Periodista Barrios Talavera 1, 18014, Granada) La inscripci\u00f3n es gratuita y se atender\u00e1n las solicitudes de participaci\u00f3n realizadas hasta completar aforo. \u00a1No dejen de asistir! Para m\u00e1s informaci\u00f3n e inscripci\u00f3n en las Jornadas, pinchar en el siguiente enlace  https:\/\/psicologiafeminista.com\/jornada-violencia-vicaria-2024-diputacion-granada\/","og_url":"https:\/\/ccviolenciaeigualdad.com\/en\/430-2\/","og_site_name":"Claudia Cruzado","article_published_time":"2024-10-22T14:08:29+00:00","article_modified_time":"2024-10-22T14:13:12+00:00","og_image":[{"width":457,"height":613,"url":"https:\/\/ccviolenciaeigualdad.com\/wp-content\/uploads\/2024\/10\/Screenshot-2024-10-22-160225.jpg","type":"image\/jpeg"}],"author":"ClaudiaCruzado","twitter_card":"summary_large_image","twitter_misc":{"Written by":"ClaudiaCruzado","Estimated reading time":"1 minute"},"schema":{"@context":"https:\/\/schema.org","@graph":[{"@type":"Article","@id":"https:\/\/ccviolenciaeigualdad.com\/430-2\/#article","isPartOf":{"@id":"https:\/\/ccviolenciaeigualdad.com\/430-2\/"},"author":{"name":"ClaudiaCruzado","@id":"https:\/\/ccviolenciaeigualdad.com\/#\/schema\/person\/2b905ae2f475f22f62b4cadef2183a5f"},"headline":"JORNADAS FORMATIVAS: HABLAMOS DE VIOLENCIA VICARIA","datePublished":"2024-10-22T14:08:29+00:00","dateModified":"2024-10-22T14:13:12+00:00","mainEntityOfPage":{"@id":"https:\/\/ccviolenciaeigualdad.com\/430-2\/"},"wordCount":127,"publisher":{"@id":"https:\/\/ccviolenciaeigualdad.com\/#organization"},"image":{"@id":"https:\/\/ccviolenciaeigualdad.com\/430-2\/#primaryimage"},"thumbnailUrl":"https:\/\/ccviolenciaeigualdad.com\/wp-content\/uploads\/2024\/10\/Screenshot-2024-10-22-160225.jpg","articleSection":["Uncategorized"],"inLanguage":"en-GB"},{"@type":"WebPage","@id":"https:\/\/ccviolenciaeigualdad.com\/430-2\/","url":"https:\/\/ccviolenciaeigualdad.com\/430-2\/","name":"JORNADAS FORMATIVAS: HABLAMOS DE VIOLENCIA VICARIA - Claudia Cruzado","isPartOf":{"@id":"https:\/\/ccviolenciaeigualdad.com\/#website"},"primaryImageOfPage":{"@id":"https:\/\/ccviolenciaeigualdad.com\/430-2\/#primaryimage"},"image":{"@id":"https:\/\/ccviolenciaeigualdad.com\/430-2\/#primaryimage"},"thumbnailUrl":"https:\/\/ccviolenciaeigualdad.com\/wp-content\/uploads\/2024\/10\/Screenshot-2024-10-22-160225.jpg","datePublished":"2024-10-22T14:08:29+00:00","dateModified":"2024-10-22T14:13:12+00:00","breadcrumb":{"@id":"https:\/\/ccviolenciaeigualdad.com\/430-2\/#breadcrumb"},"inLanguage":"en-GB","potentialAction":[{"@type":"ReadAction","target":["https:\/\/ccviolenciaeigualdad.com\/430-2\/"]}]},{"@type":"ImageObject","inLanguage":"en-GB","@id":"https:\/\/ccviolenciaeigualdad.com\/430-2\/#primaryimage","url":"https:\/\/ccviolenciaeigualdad.com\/wp-content\/uploads\/2024\/10\/Screenshot-2024-10-22-160225.jpg","contentUrl":"https:\/\/ccviolenciaeigualdad.com\/wp-content\/uploads\/2024\/10\/Screenshot-2024-10-22-160225.jpg","width":457,"height":613},{"@type":"BreadcrumbList","@id":"https:\/\/ccviolenciaeigualdad.com\/430-2\/#breadcrumb","itemListElement":[{"@type":"ListItem","position":1,"name":"Home","item":"https:\/\/ccviolenciaeigualdad.com\/"},{"@type":"ListItem","position":2,"name":"JORNADAS FORMATIVAS: HABLAMOS DE VIOLENCIA VICARIA"}]},{"@type":"WebSite","@id":"https:\/\/ccviolenciaeigualdad.com\/#website","url":"https:\/\/ccviolenciaeigualdad.com\/","name":"Claudia Cruzado","description":"Consultant specializing in equality, gender violence, and workplace harassment","publisher":{"@id":"https:\/\/ccviolenciaeigualdad.com\/#organization"},"potentialAction":[{"@type":"SearchAction","target":{"@type":"EntryPoint","urlTemplate":"https:\/\/ccviolenciaeigualdad.com\/?s={search_term_string}"},"query-input":{"@type":"PropertyValueSpecification","valueRequired":true,"valueName":"search_term_string"}}],"inLanguage":"en-GB"},{"@type":"Organization","@id":"https:\/\/ccviolenciaeigualdad.com\/#organization","name":"Claudia Cruzado","url":"https:\/\/ccviolenciaeigualdad.com\/","logo":{"@type":"ImageObject","inLanguage":"en-GB","@id":"https:\/\/ccviolenciaeigualdad.com\/#\/schema\/logo\/image\/","url":"https:\/\/ccviolenciaeigualdad.com\/wp-content\/uploads\/2025\/10\/cropped-logo-fondo-claudia-cruzado-1-1.png","contentUrl":"https:\/\/ccviolenciaeigualdad.com\/wp-content\/uploads\/2025\/10\/cropped-logo-fondo-claudia-cruzado-1-1.png","width":1080,"height":373,"caption":"Claudia Cruzado"},"image":{"@id":"https:\/\/ccviolenciaeigualdad.com\/#\/schema\/logo\/image\/"}},{"@type":"Person","@id":"https:\/\/ccviolenciaeigualdad.com\/#\/schema\/person\/2b905ae2f475f22f62b4cadef2183a5f","name":"Claudia Cruzado","url":"https:\/\/ccviolenciaeigualdad.com\/en\/author\/claudiacruzado\/"}]}},"_links":{"self":[{"href":"https:\/\/ccviolenciaeigualdad.com\/en\/wp-json\/wp\/v2\/posts\/430","targetHints":{"allow":["GET"]}}],"collection":[{"href":"https:\/\/ccviolenciaeigualdad.com\/en\/wp-json\/wp\/v2\/posts"}],"about":[{"href":"https:\/\/ccviolenciaeigualdad.com\/en\/wp-json\/wp\/v2\/types\/post"}],"author":[{"embeddable":true,"href":"https:\/\/ccviolenciaeigualdad.com\/en\/wp-json\/wp\/v2\/users\/4"}],"replies":[{"embeddable":true,"href":"https:\/\/ccviolenciaeigualdad.com\/en\/wp-json\/wp\/v2\/comments?post=430"}],"version-history":[{"count":2,"href":"https:\/\/ccviolenciaeigualdad.com\/en\/wp-json\/wp\/v2\/posts\/430\/revisions"}],"predecessor-version":[{"id":434,"href":"https:\/\/ccviolenciaeigualdad.com\/en\/wp-json\/wp\/v2\/posts\/430\/revisions\/434"}],"wp:featuredmedia":[{"embeddable":true,"href":"https:\/\/ccviolenciaeigualdad.com\/en\/wp-json\/wp\/v2\/media\/431"}],"wp:attachment":[{"href":"https:\/\/ccviolenciaeigualdad.com\/en\/wp-json\/wp\/v2\/media?parent=430"}],"wp:term":[{"taxonomy":"category","embeddable":true,"href":"https:\/\/ccviolenciaeigualdad.com\/en\/wp-json\/wp\/v2\/categories?post=430"},{"taxonomy":"post_tag","embeddable":true,"href":"https:\/\/ccviolenciaeigualdad.com\/en\/wp-json\/wp\/v2\/tags?post=430"}],"curies":[{"name":"wp","href":"https:\/\/api.w.org\/{rel}","templated":true}]}}