{"id":523,"date":"2025-09-10T12:00:41","date_gmt":"2025-09-10T10:00:41","guid":{"rendered":"https:\/\/ccviolenciaeigualdad.com\/?p=523"},"modified":"2025-09-10T12:56:54","modified_gmt":"2025-09-10T10:56:54","slug":"x-encuentro-estatal-de-apcgenero","status":"publish","type":"post","link":"https:\/\/ccviolenciaeigualdad.com\/ca\/x-encuentro-estatal-de-apcgenero\/","title":{"rendered":"X Trobada Estatal d&#039;APCG\u00e8nere"},"content":{"rendered":"<p>Xarxes, sinergies i professionalitzaci\u00f3 del sector de la igualtat<\/p>\n\n\n\n<p>26 i 27 de setembre de 2025<\/p>\n\n\n\n<p>Facultat de RELACIONS LABORALS I RECURSOS HUMANS D&#039;ALBACETE (CAMPUS UNIVERSITARI)<\/p>\n\n\n\n<p>TAMB\u00c9 VIRTUAL!<\/p>\n\n\n\n<p>El <em>Trobada Estatal d&#039;APCG\u00e8nere<\/em> \u00e9s un espai de refer\u00e8ncia per a professionals de la igualtat on cada any ens reunim per debatre sobre reptes del sector, compartir eines d&#039;intervenci\u00f3, generar posicionaments comuns i enfortir xarxes de col\u00b7laboraci\u00f3.<\/p>\n\n\n\n<p>En aquesta <strong>desena edici\u00f3<\/strong>, ens centrem en la <strong>professionalitzaci\u00f3 del sector de la igualtat<\/strong>.<\/p>\n\n\n\n<p>Programa definitiu: https:\/\/encuentros.consultoriagenero.org\/wp-content\/uploads\/2025\/08\/V2_Programa-X-Encuentro-Estatal-2025-APCGenero.pdf<\/p>\n\n\n\n<p><\/p>\n\n\n\n<p>Inscripcions: https:\/\/encuentros.consultoriagenero.org\/inscripcion\/inscripcions\/<\/p>","protected":false},"excerpt":{"rendered":"<p>Xarxes, sin\u00e8rgies i professionalitzaci\u00f3 del sector de la igualtat 26 i 27 de setembre de 2025 Facultat de RELACIONS LABORALS I RECURSOS HUMANS D&#039;ALBACETE (CAMPUS UNIVERSITARI) TAMB\u00c9 VIRTUAL! La Trobada Estatal d&#039;APCG\u00e8nere \u00e9s un espai de refer\u00e8ncia per a professionals de la igualtat, on cada any ens reunim per debatre sobre reptes del sector, [\u2026]<\/p>","protected":false},"author":4,"featured_media":526,"comment_status":"closed","ping_status":"closed","sticky":false,"template":"","format":"standard","meta":{"footnotes":""},"categories":[1],"tags":[],"class_list":["post-523","post","type-post","status-publish","format-standard","has-post-thumbnail","hentry","category-uncategorized"],"yoast_head":"<!-- This site is optimized with the Yoast SEO plugin v26.3 - https:\/\/yoast.com\/wordpress\/plugins\/seo\/ -->\n<title>X Encuentro Estatal de APCG\u00e9nero - Claudia Cruzado<\/title>\n<meta name=\"robots\" content=\"index, follow, max-snippet:-1, max-image-preview:large, max-video-preview:-1\" \/>\n<link rel=\"canonical\" href=\"https:\/\/ccviolenciaeigualdad.com\/ca\/x-encuentro-estatal-de-apcgenero\/\" \/>\n<meta property=\"og:locale\" content=\"ca_ES\" \/>\n<meta property=\"og:type\" content=\"article\" \/>\n<meta property=\"og:title\" content=\"X Encuentro Estatal de APCG\u00e9nero - Claudia Cruzado\" \/>\n<meta property=\"og:description\" content=\"Redes, sinergias y profesionalizaci\u00f3n del sector de la igualdad 26 y 27 de septiembre de 2025 Facultad de RELACIONES LABORALES Y RECURSOS HUMANOS DE ALBACETE (CAMPUS UNIVERSITARIO) \u00a1TAMBI\u00c9N VIRTUAL! El Encuentro Estatal de APCG\u00e9nero es un espacio de referencia para profesionales de la igualdad, donde cada a\u00f1o nos reunimos para debatir sobre retos del sector, [&hellip;]\" \/>\n<meta property=\"og:url\" content=\"https:\/\/ccviolenciaeigualdad.com\/ca\/x-encuentro-estatal-de-apcgenero\/\" \/>\n<meta property=\"og:site_name\" content=\"Claudia Cruzado\" \/>\n<meta property=\"article:published_time\" content=\"2025-09-10T10:00:41+00:00\" \/>\n<meta property=\"article:modified_time\" content=\"2025-09-10T10:56:54+00:00\" \/>\n<meta property=\"og:image\" content=\"https:\/\/ccviolenciaeigualdad.com\/wp-content\/uploads\/2025\/09\/Screenshot-2025-09-10-115845-1.png\" \/>\n\t<meta property=\"og:image:width\" content=\"214\" \/>\n\t<meta property=\"og:image:height\" content=\"313\" \/>\n\t<meta property=\"og:image:type\" content=\"image\/png\" \/>\n<meta name=\"author\" content=\"ClaudiaCruzado\" \/>\n<meta name=\"twitter:card\" content=\"summary_large_image\" \/>\n<meta name=\"twitter:label1\" content=\"Escrit per\" \/>\n\t<meta name=\"twitter:data1\" content=\"ClaudiaCruzado\" \/>\n\t<meta name=\"twitter:label2\" content=\"Temps estimat de lectura\" \/>\n\t<meta name=\"twitter:data2\" content=\"1 minut\" \/>\n<script type=\"application\/ld+json\" class=\"yoast-schema-graph\">{\"@context\":\"https:\/\/schema.org\",\"@graph\":[{\"@type\":\"Article\",\"@id\":\"https:\/\/ccviolenciaeigualdad.com\/x-encuentro-estatal-de-apcgenero\/#article\",\"isPartOf\":{\"@id\":\"https:\/\/ccviolenciaeigualdad.com\/x-encuentro-estatal-de-apcgenero\/\"},\"author\":{\"name\":\"ClaudiaCruzado\",\"@id\":\"https:\/\/ccviolenciaeigualdad.com\/#\/schema\/person\/2b905ae2f475f22f62b4cadef2183a5f\"},\"headline\":\"X Encuentro Estatal de APCG\u00e9nero\",\"datePublished\":\"2025-09-10T10:00:41+00:00\",\"dateModified\":\"2025-09-10T10:56:54+00:00\",\"mainEntityOfPage\":{\"@id\":\"https:\/\/ccviolenciaeigualdad.com\/x-encuentro-estatal-de-apcgenero\/\"},\"wordCount\":112,\"publisher\":{\"@id\":\"https:\/\/ccviolenciaeigualdad.com\/#organization\"},\"image\":{\"@id\":\"https:\/\/ccviolenciaeigualdad.com\/x-encuentro-estatal-de-apcgenero\/#primaryimage\"},\"thumbnailUrl\":\"https:\/\/ccviolenciaeigualdad.com\/wp-content\/uploads\/2025\/09\/Screenshot-2025-09-10-115845-1.png\",\"articleSection\":[\"Uncategorized\"],\"inLanguage\":\"ca\"},{\"@type\":\"WebPage\",\"@id\":\"https:\/\/ccviolenciaeigualdad.com\/x-encuentro-estatal-de-apcgenero\/\",\"url\":\"https:\/\/ccviolenciaeigualdad.com\/x-encuentro-estatal-de-apcgenero\/\",\"name\":\"X Encuentro Estatal de APCG\u00e9nero - Claudia Cruzado\",\"isPartOf\":{\"@id\":\"https:\/\/ccviolenciaeigualdad.com\/#website\"},\"primaryImageOfPage\":{\"@id\":\"https:\/\/ccviolenciaeigualdad.com\/x-encuentro-estatal-de-apcgenero\/#primaryimage\"},\"image\":{\"@id\":\"https:\/\/ccviolenciaeigualdad.com\/x-encuentro-estatal-de-apcgenero\/#primaryimage\"},\"thumbnailUrl\":\"https:\/\/ccviolenciaeigualdad.com\/wp-content\/uploads\/2025\/09\/Screenshot-2025-09-10-115845-1.png\",\"datePublished\":\"2025-09-10T10:00:41+00:00\",\"dateModified\":\"2025-09-10T10:56:54+00:00\",\"breadcrumb\":{\"@id\":\"https:\/\/ccviolenciaeigualdad.com\/x-encuentro-estatal-de-apcgenero\/#breadcrumb\"},\"inLanguage\":\"ca\",\"potentialAction\":[{\"@type\":\"ReadAction\",\"target\":[\"https:\/\/ccviolenciaeigualdad.com\/x-encuentro-estatal-de-apcgenero\/\"]}]},{\"@type\":\"ImageObject\",\"inLanguage\":\"ca\",\"@id\":\"https:\/\/ccviolenciaeigualdad.com\/x-encuentro-estatal-de-apcgenero\/#primaryimage\",\"url\":\"https:\/\/ccviolenciaeigualdad.com\/wp-content\/uploads\/2025\/09\/Screenshot-2025-09-10-115845-1.png\",\"contentUrl\":\"https:\/\/ccviolenciaeigualdad.com\/wp-content\/uploads\/2025\/09\/Screenshot-2025-09-10-115845-1.png\",\"width\":214,\"height\":313},{\"@type\":\"BreadcrumbList\",\"@id\":\"https:\/\/ccviolenciaeigualdad.com\/x-encuentro-estatal-de-apcgenero\/#breadcrumb\",\"itemListElement\":[{\"@type\":\"ListItem\",\"position\":1,\"name\":\"Home\",\"item\":\"https:\/\/ccviolenciaeigualdad.com\/\"},{\"@type\":\"ListItem\",\"position\":2,\"name\":\"X Encuentro Estatal de APCG\u00e9nero\"}]},{\"@type\":\"WebSite\",\"@id\":\"https:\/\/ccviolenciaeigualdad.com\/#website\",\"url\":\"https:\/\/ccviolenciaeigualdad.com\/\",\"name\":\"Claudia Cruzado\",\"description\":\"Consultora especializada en igualdad, violencia de g\u00e9nero y acoso laboral\",\"publisher\":{\"@id\":\"https:\/\/ccviolenciaeigualdad.com\/#organization\"},\"potentialAction\":[{\"@type\":\"SearchAction\",\"target\":{\"@type\":\"EntryPoint\",\"urlTemplate\":\"https:\/\/ccviolenciaeigualdad.com\/?s={search_term_string}\"},\"query-input\":{\"@type\":\"PropertyValueSpecification\",\"valueRequired\":true,\"valueName\":\"search_term_string\"}}],\"inLanguage\":\"ca\"},{\"@type\":\"Organization\",\"@id\":\"https:\/\/ccviolenciaeigualdad.com\/#organization\",\"name\":\"Claudia Cruzado\",\"url\":\"https:\/\/ccviolenciaeigualdad.com\/\",\"logo\":{\"@type\":\"ImageObject\",\"inLanguage\":\"ca\",\"@id\":\"https:\/\/ccviolenciaeigualdad.com\/#\/schema\/logo\/image\/\",\"url\":\"https:\/\/ccviolenciaeigualdad.com\/wp-content\/uploads\/2025\/10\/cropped-logo-fondo-claudia-cruzado-1-1.png\",\"contentUrl\":\"https:\/\/ccviolenciaeigualdad.com\/wp-content\/uploads\/2025\/10\/cropped-logo-fondo-claudia-cruzado-1-1.png\",\"width\":1080,\"height\":373,\"caption\":\"Claudia Cruzado\"},\"image\":{\"@id\":\"https:\/\/ccviolenciaeigualdad.com\/#\/schema\/logo\/image\/\"}},{\"@type\":\"Person\",\"@id\":\"https:\/\/ccviolenciaeigualdad.com\/#\/schema\/person\/2b905ae2f475f22f62b4cadef2183a5f\",\"name\":\"ClaudiaCruzado\",\"url\":\"https:\/\/ccviolenciaeigualdad.com\/ca\/author\/claudiacruzado\/\"}]}<\/script>\n<!-- \/ Yoast SEO plugin. -->","yoast_head_json":{"title":"X Encuentro Estatal de APCG\u00e9nero - Claudia Cruzado","robots":{"index":"index","follow":"follow","max-snippet":"max-snippet:-1","max-image-preview":"max-image-preview:large","max-video-preview":"max-video-preview:-1"},"canonical":"https:\/\/ccviolenciaeigualdad.com\/ca\/x-encuentro-estatal-de-apcgenero\/","og_locale":"ca_ES","og_type":"article","og_title":"X Encuentro Estatal de APCG\u00e9nero - Claudia Cruzado","og_description":"Redes, sinergias y profesionalizaci\u00f3n del sector de la igualdad 26 y 27 de septiembre de 2025 Facultad de RELACIONES LABORALES Y RECURSOS HUMANOS DE ALBACETE (CAMPUS UNIVERSITARIO) \u00a1TAMBI\u00c9N VIRTUAL! El Encuentro Estatal de APCG\u00e9nero es un espacio de referencia para profesionales de la igualdad, donde cada a\u00f1o nos reunimos para debatir sobre retos del sector, [&hellip;]","og_url":"https:\/\/ccviolenciaeigualdad.com\/ca\/x-encuentro-estatal-de-apcgenero\/","og_site_name":"Claudia Cruzado","article_published_time":"2025-09-10T10:00:41+00:00","article_modified_time":"2025-09-10T10:56:54+00:00","og_image":[{"width":214,"height":313,"url":"https:\/\/ccviolenciaeigualdad.com\/wp-content\/uploads\/2025\/09\/Screenshot-2025-09-10-115845-1.png","type":"image\/png"}],"author":"ClaudiaCruzado","twitter_card":"summary_large_image","twitter_misc":{"Escrit per":"ClaudiaCruzado","Temps estimat de lectura":"1 minut"},"schema":{"@context":"https:\/\/schema.org","@graph":[{"@type":"Article","@id":"https:\/\/ccviolenciaeigualdad.com\/x-encuentro-estatal-de-apcgenero\/#article","isPartOf":{"@id":"https:\/\/ccviolenciaeigualdad.com\/x-encuentro-estatal-de-apcgenero\/"},"author":{"name":"ClaudiaCruzado","@id":"https:\/\/ccviolenciaeigualdad.com\/#\/schema\/person\/2b905ae2f475f22f62b4cadef2183a5f"},"headline":"X Encuentro Estatal de APCG\u00e9nero","datePublished":"2025-09-10T10:00:41+00:00","dateModified":"2025-09-10T10:56:54+00:00","mainEntityOfPage":{"@id":"https:\/\/ccviolenciaeigualdad.com\/x-encuentro-estatal-de-apcgenero\/"},"wordCount":112,"publisher":{"@id":"https:\/\/ccviolenciaeigualdad.com\/#organization"},"image":{"@id":"https:\/\/ccviolenciaeigualdad.com\/x-encuentro-estatal-de-apcgenero\/#primaryimage"},"thumbnailUrl":"https:\/\/ccviolenciaeigualdad.com\/wp-content\/uploads\/2025\/09\/Screenshot-2025-09-10-115845-1.png","articleSection":["Uncategorized"],"inLanguage":"ca"},{"@type":"WebPage","@id":"https:\/\/ccviolenciaeigualdad.com\/x-encuentro-estatal-de-apcgenero\/","url":"https:\/\/ccviolenciaeigualdad.com\/x-encuentro-estatal-de-apcgenero\/","name":"X Encuentro Estatal de APCG\u00e9nero - Claudia Cruzado","isPartOf":{"@id":"https:\/\/ccviolenciaeigualdad.com\/#website"},"primaryImageOfPage":{"@id":"https:\/\/ccviolenciaeigualdad.com\/x-encuentro-estatal-de-apcgenero\/#primaryimage"},"image":{"@id":"https:\/\/ccviolenciaeigualdad.com\/x-encuentro-estatal-de-apcgenero\/#primaryimage"},"thumbnailUrl":"https:\/\/ccviolenciaeigualdad.com\/wp-content\/uploads\/2025\/09\/Screenshot-2025-09-10-115845-1.png","datePublished":"2025-09-10T10:00:41+00:00","dateModified":"2025-09-10T10:56:54+00:00","breadcrumb":{"@id":"https:\/\/ccviolenciaeigualdad.com\/x-encuentro-estatal-de-apcgenero\/#breadcrumb"},"inLanguage":"ca","potentialAction":[{"@type":"ReadAction","target":["https:\/\/ccviolenciaeigualdad.com\/x-encuentro-estatal-de-apcgenero\/"]}]},{"@type":"ImageObject","inLanguage":"ca","@id":"https:\/\/ccviolenciaeigualdad.com\/x-encuentro-estatal-de-apcgenero\/#primaryimage","url":"https:\/\/ccviolenciaeigualdad.com\/wp-content\/uploads\/2025\/09\/Screenshot-2025-09-10-115845-1.png","contentUrl":"https:\/\/ccviolenciaeigualdad.com\/wp-content\/uploads\/2025\/09\/Screenshot-2025-09-10-115845-1.png","width":214,"height":313},{"@type":"BreadcrumbList","@id":"https:\/\/ccviolenciaeigualdad.com\/x-encuentro-estatal-de-apcgenero\/#breadcrumb","itemListElement":[{"@type":"ListItem","position":1,"name":"Home","item":"https:\/\/ccviolenciaeigualdad.com\/"},{"@type":"ListItem","position":2,"name":"X Encuentro Estatal de APCG\u00e9nero"}]},{"@type":"WebSite","@id":"https:\/\/ccviolenciaeigualdad.com\/#website","url":"https:\/\/ccviolenciaeigualdad.com\/","name":"Claudia Creuat","description":"Consultora especialitzada en igualtat, viol\u00e8ncia de g\u00e8nere i assetjament laboral","publisher":{"@id":"https:\/\/ccviolenciaeigualdad.com\/#organization"},"potentialAction":[{"@type":"SearchAction","target":{"@type":"EntryPoint","urlTemplate":"https:\/\/ccviolenciaeigualdad.com\/?s={search_term_string}"},"query-input":{"@type":"PropertyValueSpecification","valueRequired":true,"valueName":"search_term_string"}}],"inLanguage":"ca"},{"@type":"Organization","@id":"https:\/\/ccviolenciaeigualdad.com\/#organization","name":"Claudia Creuat","url":"https:\/\/ccviolenciaeigualdad.com\/","logo":{"@type":"ImageObject","inLanguage":"ca","@id":"https:\/\/ccviolenciaeigualdad.com\/#\/schema\/logo\/image\/","url":"https:\/\/ccviolenciaeigualdad.com\/wp-content\/uploads\/2025\/10\/cropped-logo-fondo-claudia-cruzado-1-1.png","contentUrl":"https:\/\/ccviolenciaeigualdad.com\/wp-content\/uploads\/2025\/10\/cropped-logo-fondo-claudia-cruzado-1-1.png","width":1080,"height":373,"caption":"Claudia Cruzado"},"image":{"@id":"https:\/\/ccviolenciaeigualdad.com\/#\/schema\/logo\/image\/"}},{"@type":"Person","@id":"https:\/\/ccviolenciaeigualdad.com\/#\/schema\/person\/2b905ae2f475f22f62b4cadef2183a5f","name":"ClaudiaCreuat","url":"https:\/\/ccviolenciaeigualdad.com\/ca\/author\/claudiacruzado\/"}]}},"_links":{"self":[{"href":"https:\/\/ccviolenciaeigualdad.com\/ca\/wp-json\/wp\/v2\/posts\/523","targetHints":{"allow":["GET"]}}],"collection":[{"href":"https:\/\/ccviolenciaeigualdad.com\/ca\/wp-json\/wp\/v2\/posts"}],"about":[{"href":"https:\/\/ccviolenciaeigualdad.com\/ca\/wp-json\/wp\/v2\/types\/post"}],"author":[{"embeddable":true,"href":"https:\/\/ccviolenciaeigualdad.com\/ca\/wp-json\/wp\/v2\/users\/4"}],"replies":[{"embeddable":true,"href":"https:\/\/ccviolenciaeigualdad.com\/ca\/wp-json\/wp\/v2\/comments?post=523"}],"version-history":[{"count":1,"href":"https:\/\/ccviolenciaeigualdad.com\/ca\/wp-json\/wp\/v2\/posts\/523\/revisions"}],"predecessor-version":[{"id":525,"href":"https:\/\/ccviolenciaeigualdad.com\/ca\/wp-json\/wp\/v2\/posts\/523\/revisions\/525"}],"wp:featuredmedia":[{"embeddable":true,"href":"https:\/\/ccviolenciaeigualdad.com\/ca\/wp-json\/wp\/v2\/media\/526"}],"wp:attachment":[{"href":"https:\/\/ccviolenciaeigualdad.com\/ca\/wp-json\/wp\/v2\/media?parent=523"}],"wp:term":[{"taxonomy":"category","embeddable":true,"href":"https:\/\/ccviolenciaeigualdad.com\/ca\/wp-json\/wp\/v2\/categories?post=523"},{"taxonomy":"post_tag","embeddable":true,"href":"https:\/\/ccviolenciaeigualdad.com\/ca\/wp-json\/wp\/v2\/tags?post=523"}],"curies":[{"name":"wp","href":"https:\/\/api.w.org\/{rel}","templated":true}]}}