{"id":485,"date":"2025-03-03T08:21:34","date_gmt":"2025-03-03T07:21:34","guid":{"rendered":"https:\/\/ccviolenciaeigualdad.com\/?p=485"},"modified":"2025-03-03T08:24:44","modified_gmt":"2025-03-03T07:24:44","slug":"dia-internacional-de-la-donna-8-marc","status":"publish","type":"post","link":"https:\/\/ccviolenciaeigualdad.com\/ca\/dia-internacional-de-la-donna-8-marc\/","title":{"rendered":"Dia Internacional de la Donna 8 Mar\u00e7:"},"content":{"rendered":"<p>S&#039;apropa el <strong>8 de mar\u00e7<\/strong>, el <strong>Dia Internacional de la Dona<\/strong>, la diada dedicada a la reivindicaci\u00f3 dels drets de les dones arreu del m\u00f3n, i es proposa aquesta activitat des de l&#039;Ajuntament de Barcelona:<\/p>\n\n\n\n<p><strong>Taller &#039;Empoderament femen\u00ed: Creaci\u00f3 d&#039;un mapa de calor amb la talladora l\u00e0ser&#039;\u2018<\/strong><\/p>\n\n\n\n<p>Aquest taller parteix de la investigaci\u00f3 \u201cEntre Cossos\u201d de la Cristalleria Estudi, que explora la interacci\u00f3 entre el cos hum\u00e0 i la tecnologia a trav\u00e9s del t\u00e8xtil.<\/p>\n\n\n\n<p>Despr\u00e9s d&#039;una visita guiada a l&#039;Ateneu de Fabricaci\u00f3, La Cristaler\u00eda Estudio presentar\u00e0 la seva recerca. A continuaci\u00f3, es far\u00e0 un an\u00e0lisi de dades sobre la pres\u00e8ncia femenina a la ci\u00e8ncia i la tecnologia, que finalment es representar\u00e0 en tall i gravat l\u00e0ser sobre t\u00e8xtil.&nbsp;&nbsp;<\/p>\n\n\n\n<p>M\u00e9s informaci\u00f3 i inscripci\u00f3: https:\/\/ajuntament.barcelona.cat\/dones\/es\/agenda-dia-mujeres\/taller-empoderament-femeni-creacio-d-un-mapa-de-calor-amb-la-talladora-laser_99400707304<\/p>\n\n\n\n<p><\/p>","protected":false},"excerpt":{"rendered":"<p>S&#039;apropa el 8 de mar\u00e7, el Dia Internacional de la Dona, la diada dedicada a la reivindicaci\u00f3 dels drets de les dones arreu del m\u00f3n, i es proposa aquesta activitat des de l&#039;Ajuntament de Barcelona: Taller &#039;Empoderament femen\u00ed: Creaci\u00f3 d&#039;un mapa de calor amb la talladora l\u00e0ser&#039;<\/p>","protected":false},"author":4,"featured_media":488,"comment_status":"closed","ping_status":"closed","sticky":false,"template":"","format":"standard","meta":{"footnotes":""},"categories":[1],"tags":[],"class_list":["post-485","post","type-post","status-publish","format-standard","has-post-thumbnail","hentry","category-uncategorized"],"yoast_head":"<!-- This site is optimized with the Yoast SEO plugin v26.3 - https:\/\/yoast.com\/wordpress\/plugins\/seo\/ -->\n<title>Dia Internacional de la Donna 8 Mar\u00e7: - Claudia Cruzado<\/title>\n<meta name=\"robots\" content=\"index, follow, max-snippet:-1, max-image-preview:large, max-video-preview:-1\" \/>\n<link rel=\"canonical\" href=\"https:\/\/ccviolenciaeigualdad.com\/ca\/dia-internacional-de-la-donna-8-marc\/\" \/>\n<meta property=\"og:locale\" content=\"ca_ES\" \/>\n<meta property=\"og:type\" content=\"article\" \/>\n<meta property=\"og:title\" content=\"Dia Internacional de la Donna 8 Mar\u00e7: - Claudia Cruzado\" \/>\n<meta property=\"og:description\" content=\"S\u2019apropa el 8 de mar\u00e7, el Dia Internacional de la Dona, la diada dedicada a la reivindicaci\u00f3 dels drets de les dones arreu del m\u00f3n, i es proposa aquesta activitat desde l&#8217;Ajuntament de Barcelona: Taller &#8216;Empoderament femen\u00ed: Creaci\u00f3 d&#8217;un mapa de calor amb la talladora l\u00e0ser&#8217; Aquest taller parteix de la investigaci\u00f3 \u201cEntre Cuerpos\u201d de [&hellip;]\" \/>\n<meta property=\"og:url\" content=\"https:\/\/ccviolenciaeigualdad.com\/ca\/dia-internacional-de-la-donna-8-marc\/\" \/>\n<meta property=\"og:site_name\" content=\"Claudia Cruzado\" \/>\n<meta property=\"article:published_time\" content=\"2025-03-03T07:21:34+00:00\" \/>\n<meta property=\"article:modified_time\" content=\"2025-03-03T07:24:44+00:00\" \/>\n<meta property=\"og:image\" content=\"https:\/\/ccviolenciaeigualdad.com\/wp-content\/uploads\/2025\/03\/Dia-internacional-de-la-Donna-1.png\" \/>\n\t<meta property=\"og:image:width\" content=\"523\" \/>\n\t<meta property=\"og:image:height\" content=\"279\" \/>\n\t<meta property=\"og:image:type\" content=\"image\/png\" \/>\n<meta name=\"author\" content=\"ClaudiaCruzado\" \/>\n<meta name=\"twitter:card\" content=\"summary_large_image\" \/>\n<meta name=\"twitter:label1\" content=\"Escrit per\" \/>\n\t<meta name=\"twitter:data1\" content=\"ClaudiaCruzado\" \/>\n\t<meta name=\"twitter:label2\" content=\"Temps estimat de lectura\" \/>\n\t<meta name=\"twitter:data2\" content=\"1 minut\" \/>\n<script type=\"application\/ld+json\" class=\"yoast-schema-graph\">{\"@context\":\"https:\/\/schema.org\",\"@graph\":[{\"@type\":\"Article\",\"@id\":\"https:\/\/ccviolenciaeigualdad.com\/dia-internacional-de-la-donna-8-marc\/#article\",\"isPartOf\":{\"@id\":\"https:\/\/ccviolenciaeigualdad.com\/dia-internacional-de-la-donna-8-marc\/\"},\"author\":{\"name\":\"ClaudiaCruzado\",\"@id\":\"https:\/\/ccviolenciaeigualdad.com\/#\/schema\/person\/2b905ae2f475f22f62b4cadef2183a5f\"},\"headline\":\"Dia Internacional de la Donna 8 Mar\u00e7:\",\"datePublished\":\"2025-03-03T07:21:34+00:00\",\"dateModified\":\"2025-03-03T07:24:44+00:00\",\"mainEntityOfPage\":{\"@id\":\"https:\/\/ccviolenciaeigualdad.com\/dia-internacional-de-la-donna-8-marc\/\"},\"wordCount\":155,\"publisher\":{\"@id\":\"https:\/\/ccviolenciaeigualdad.com\/#organization\"},\"image\":{\"@id\":\"https:\/\/ccviolenciaeigualdad.com\/dia-internacional-de-la-donna-8-marc\/#primaryimage\"},\"thumbnailUrl\":\"https:\/\/ccviolenciaeigualdad.com\/wp-content\/uploads\/2025\/03\/Dia-internacional-de-la-Donna-1.png\",\"articleSection\":[\"Uncategorized\"],\"inLanguage\":\"ca\"},{\"@type\":\"WebPage\",\"@id\":\"https:\/\/ccviolenciaeigualdad.com\/dia-internacional-de-la-donna-8-marc\/\",\"url\":\"https:\/\/ccviolenciaeigualdad.com\/dia-internacional-de-la-donna-8-marc\/\",\"name\":\"Dia Internacional de la Donna 8 Mar\u00e7: - Claudia Cruzado\",\"isPartOf\":{\"@id\":\"https:\/\/ccviolenciaeigualdad.com\/#website\"},\"primaryImageOfPage\":{\"@id\":\"https:\/\/ccviolenciaeigualdad.com\/dia-internacional-de-la-donna-8-marc\/#primaryimage\"},\"image\":{\"@id\":\"https:\/\/ccviolenciaeigualdad.com\/dia-internacional-de-la-donna-8-marc\/#primaryimage\"},\"thumbnailUrl\":\"https:\/\/ccviolenciaeigualdad.com\/wp-content\/uploads\/2025\/03\/Dia-internacional-de-la-Donna-1.png\",\"datePublished\":\"2025-03-03T07:21:34+00:00\",\"dateModified\":\"2025-03-03T07:24:44+00:00\",\"breadcrumb\":{\"@id\":\"https:\/\/ccviolenciaeigualdad.com\/dia-internacional-de-la-donna-8-marc\/#breadcrumb\"},\"inLanguage\":\"ca\",\"potentialAction\":[{\"@type\":\"ReadAction\",\"target\":[\"https:\/\/ccviolenciaeigualdad.com\/dia-internacional-de-la-donna-8-marc\/\"]}]},{\"@type\":\"ImageObject\",\"inLanguage\":\"ca\",\"@id\":\"https:\/\/ccviolenciaeigualdad.com\/dia-internacional-de-la-donna-8-marc\/#primaryimage\",\"url\":\"https:\/\/ccviolenciaeigualdad.com\/wp-content\/uploads\/2025\/03\/Dia-internacional-de-la-Donna-1.png\",\"contentUrl\":\"https:\/\/ccviolenciaeigualdad.com\/wp-content\/uploads\/2025\/03\/Dia-internacional-de-la-Donna-1.png\",\"width\":523,\"height\":279},{\"@type\":\"BreadcrumbList\",\"@id\":\"https:\/\/ccviolenciaeigualdad.com\/dia-internacional-de-la-donna-8-marc\/#breadcrumb\",\"itemListElement\":[{\"@type\":\"ListItem\",\"position\":1,\"name\":\"Home\",\"item\":\"https:\/\/ccviolenciaeigualdad.com\/\"},{\"@type\":\"ListItem\",\"position\":2,\"name\":\"Dia Internacional de la Donna 8 Mar\u00e7:\"}]},{\"@type\":\"WebSite\",\"@id\":\"https:\/\/ccviolenciaeigualdad.com\/#website\",\"url\":\"https:\/\/ccviolenciaeigualdad.com\/\",\"name\":\"Claudia Cruzado\",\"description\":\"Consultora especializada en igualdad, violencia de g\u00e9nero y acoso laboral\",\"publisher\":{\"@id\":\"https:\/\/ccviolenciaeigualdad.com\/#organization\"},\"potentialAction\":[{\"@type\":\"SearchAction\",\"target\":{\"@type\":\"EntryPoint\",\"urlTemplate\":\"https:\/\/ccviolenciaeigualdad.com\/?s={search_term_string}\"},\"query-input\":{\"@type\":\"PropertyValueSpecification\",\"valueRequired\":true,\"valueName\":\"search_term_string\"}}],\"inLanguage\":\"ca\"},{\"@type\":\"Organization\",\"@id\":\"https:\/\/ccviolenciaeigualdad.com\/#organization\",\"name\":\"Claudia Cruzado\",\"url\":\"https:\/\/ccviolenciaeigualdad.com\/\",\"logo\":{\"@type\":\"ImageObject\",\"inLanguage\":\"ca\",\"@id\":\"https:\/\/ccviolenciaeigualdad.com\/#\/schema\/logo\/image\/\",\"url\":\"https:\/\/ccviolenciaeigualdad.com\/wp-content\/uploads\/2025\/10\/cropped-logo-fondo-claudia-cruzado-1-1.png\",\"contentUrl\":\"https:\/\/ccviolenciaeigualdad.com\/wp-content\/uploads\/2025\/10\/cropped-logo-fondo-claudia-cruzado-1-1.png\",\"width\":1080,\"height\":373,\"caption\":\"Claudia Cruzado\"},\"image\":{\"@id\":\"https:\/\/ccviolenciaeigualdad.com\/#\/schema\/logo\/image\/\"}},{\"@type\":\"Person\",\"@id\":\"https:\/\/ccviolenciaeigualdad.com\/#\/schema\/person\/2b905ae2f475f22f62b4cadef2183a5f\",\"name\":\"ClaudiaCruzado\",\"url\":\"https:\/\/ccviolenciaeigualdad.com\/ca\/author\/claudiacruzado\/\"}]}<\/script>\n<!-- \/ Yoast SEO plugin. -->","yoast_head_json":{"title":"Dia Internacional de la Donna 8 Mar\u00e7: - Claudia Cruzado","robots":{"index":"index","follow":"follow","max-snippet":"max-snippet:-1","max-image-preview":"max-image-preview:large","max-video-preview":"max-video-preview:-1"},"canonical":"https:\/\/ccviolenciaeigualdad.com\/ca\/dia-internacional-de-la-donna-8-marc\/","og_locale":"ca_ES","og_type":"article","og_title":"Dia Internacional de la Donna 8 Mar\u00e7: - Claudia Cruzado","og_description":"S\u2019apropa el 8 de mar\u00e7, el Dia Internacional de la Dona, la diada dedicada a la reivindicaci\u00f3 dels drets de les dones arreu del m\u00f3n, i es proposa aquesta activitat desde l&#8217;Ajuntament de Barcelona: Taller &#8216;Empoderament femen\u00ed: Creaci\u00f3 d&#8217;un mapa de calor amb la talladora l\u00e0ser&#8217; Aquest taller parteix de la investigaci\u00f3 \u201cEntre Cuerpos\u201d de [&hellip;]","og_url":"https:\/\/ccviolenciaeigualdad.com\/ca\/dia-internacional-de-la-donna-8-marc\/","og_site_name":"Claudia Cruzado","article_published_time":"2025-03-03T07:21:34+00:00","article_modified_time":"2025-03-03T07:24:44+00:00","og_image":[{"width":523,"height":279,"url":"https:\/\/ccviolenciaeigualdad.com\/wp-content\/uploads\/2025\/03\/Dia-internacional-de-la-Donna-1.png","type":"image\/png"}],"author":"ClaudiaCruzado","twitter_card":"summary_large_image","twitter_misc":{"Escrit per":"ClaudiaCruzado","Temps estimat de lectura":"1 minut"},"schema":{"@context":"https:\/\/schema.org","@graph":[{"@type":"Article","@id":"https:\/\/ccviolenciaeigualdad.com\/dia-internacional-de-la-donna-8-marc\/#article","isPartOf":{"@id":"https:\/\/ccviolenciaeigualdad.com\/dia-internacional-de-la-donna-8-marc\/"},"author":{"name":"ClaudiaCruzado","@id":"https:\/\/ccviolenciaeigualdad.com\/#\/schema\/person\/2b905ae2f475f22f62b4cadef2183a5f"},"headline":"Dia Internacional de la Donna 8 Mar\u00e7:","datePublished":"2025-03-03T07:21:34+00:00","dateModified":"2025-03-03T07:24:44+00:00","mainEntityOfPage":{"@id":"https:\/\/ccviolenciaeigualdad.com\/dia-internacional-de-la-donna-8-marc\/"},"wordCount":155,"publisher":{"@id":"https:\/\/ccviolenciaeigualdad.com\/#organization"},"image":{"@id":"https:\/\/ccviolenciaeigualdad.com\/dia-internacional-de-la-donna-8-marc\/#primaryimage"},"thumbnailUrl":"https:\/\/ccviolenciaeigualdad.com\/wp-content\/uploads\/2025\/03\/Dia-internacional-de-la-Donna-1.png","articleSection":["Uncategorized"],"inLanguage":"ca"},{"@type":"WebPage","@id":"https:\/\/ccviolenciaeigualdad.com\/dia-internacional-de-la-donna-8-marc\/","url":"https:\/\/ccviolenciaeigualdad.com\/dia-internacional-de-la-donna-8-marc\/","name":"Dia Internacional de la Donna 8 Mar\u00e7: - Claudia Cruzado","isPartOf":{"@id":"https:\/\/ccviolenciaeigualdad.com\/#website"},"primaryImageOfPage":{"@id":"https:\/\/ccviolenciaeigualdad.com\/dia-internacional-de-la-donna-8-marc\/#primaryimage"},"image":{"@id":"https:\/\/ccviolenciaeigualdad.com\/dia-internacional-de-la-donna-8-marc\/#primaryimage"},"thumbnailUrl":"https:\/\/ccviolenciaeigualdad.com\/wp-content\/uploads\/2025\/03\/Dia-internacional-de-la-Donna-1.png","datePublished":"2025-03-03T07:21:34+00:00","dateModified":"2025-03-03T07:24:44+00:00","breadcrumb":{"@id":"https:\/\/ccviolenciaeigualdad.com\/dia-internacional-de-la-donna-8-marc\/#breadcrumb"},"inLanguage":"ca","potentialAction":[{"@type":"ReadAction","target":["https:\/\/ccviolenciaeigualdad.com\/dia-internacional-de-la-donna-8-marc\/"]}]},{"@type":"ImageObject","inLanguage":"ca","@id":"https:\/\/ccviolenciaeigualdad.com\/dia-internacional-de-la-donna-8-marc\/#primaryimage","url":"https:\/\/ccviolenciaeigualdad.com\/wp-content\/uploads\/2025\/03\/Dia-internacional-de-la-Donna-1.png","contentUrl":"https:\/\/ccviolenciaeigualdad.com\/wp-content\/uploads\/2025\/03\/Dia-internacional-de-la-Donna-1.png","width":523,"height":279},{"@type":"BreadcrumbList","@id":"https:\/\/ccviolenciaeigualdad.com\/dia-internacional-de-la-donna-8-marc\/#breadcrumb","itemListElement":[{"@type":"ListItem","position":1,"name":"Home","item":"https:\/\/ccviolenciaeigualdad.com\/"},{"@type":"ListItem","position":2,"name":"Dia Internacional de la Donna 8 Mar\u00e7:"}]},{"@type":"WebSite","@id":"https:\/\/ccviolenciaeigualdad.com\/#website","url":"https:\/\/ccviolenciaeigualdad.com\/","name":"Claudia Creuat","description":"Consultora especialitzada en igualtat, viol\u00e8ncia de g\u00e8nere i assetjament laboral","publisher":{"@id":"https:\/\/ccviolenciaeigualdad.com\/#organization"},"potentialAction":[{"@type":"SearchAction","target":{"@type":"EntryPoint","urlTemplate":"https:\/\/ccviolenciaeigualdad.com\/?s={search_term_string}"},"query-input":{"@type":"PropertyValueSpecification","valueRequired":true,"valueName":"search_term_string"}}],"inLanguage":"ca"},{"@type":"Organization","@id":"https:\/\/ccviolenciaeigualdad.com\/#organization","name":"Claudia Creuat","url":"https:\/\/ccviolenciaeigualdad.com\/","logo":{"@type":"ImageObject","inLanguage":"ca","@id":"https:\/\/ccviolenciaeigualdad.com\/#\/schema\/logo\/image\/","url":"https:\/\/ccviolenciaeigualdad.com\/wp-content\/uploads\/2025\/10\/cropped-logo-fondo-claudia-cruzado-1-1.png","contentUrl":"https:\/\/ccviolenciaeigualdad.com\/wp-content\/uploads\/2025\/10\/cropped-logo-fondo-claudia-cruzado-1-1.png","width":1080,"height":373,"caption":"Claudia Cruzado"},"image":{"@id":"https:\/\/ccviolenciaeigualdad.com\/#\/schema\/logo\/image\/"}},{"@type":"Person","@id":"https:\/\/ccviolenciaeigualdad.com\/#\/schema\/person\/2b905ae2f475f22f62b4cadef2183a5f","name":"ClaudiaCreuat","url":"https:\/\/ccviolenciaeigualdad.com\/ca\/author\/claudiacruzado\/"}]}},"_links":{"self":[{"href":"https:\/\/ccviolenciaeigualdad.com\/ca\/wp-json\/wp\/v2\/posts\/485","targetHints":{"allow":["GET"]}}],"collection":[{"href":"https:\/\/ccviolenciaeigualdad.com\/ca\/wp-json\/wp\/v2\/posts"}],"about":[{"href":"https:\/\/ccviolenciaeigualdad.com\/ca\/wp-json\/wp\/v2\/types\/post"}],"author":[{"embeddable":true,"href":"https:\/\/ccviolenciaeigualdad.com\/ca\/wp-json\/wp\/v2\/users\/4"}],"replies":[{"embeddable":true,"href":"https:\/\/ccviolenciaeigualdad.com\/ca\/wp-json\/wp\/v2\/comments?post=485"}],"version-history":[{"count":2,"href":"https:\/\/ccviolenciaeigualdad.com\/ca\/wp-json\/wp\/v2\/posts\/485\/revisions"}],"predecessor-version":[{"id":490,"href":"https:\/\/ccviolenciaeigualdad.com\/ca\/wp-json\/wp\/v2\/posts\/485\/revisions\/490"}],"wp:featuredmedia":[{"embeddable":true,"href":"https:\/\/ccviolenciaeigualdad.com\/ca\/wp-json\/wp\/v2\/media\/488"}],"wp:attachment":[{"href":"https:\/\/ccviolenciaeigualdad.com\/ca\/wp-json\/wp\/v2\/media?parent=485"}],"wp:term":[{"taxonomy":"category","embeddable":true,"href":"https:\/\/ccviolenciaeigualdad.com\/ca\/wp-json\/wp\/v2\/categories?post=485"},{"taxonomy":"post_tag","embeddable":true,"href":"https:\/\/ccviolenciaeigualdad.com\/ca\/wp-json\/wp\/v2\/tags?post=485"}],"curies":[{"name":"wp","href":"https:\/\/api.w.org\/{rel}","templated":true}]}}