{"id":473,"date":"2025-01-20T16:58:10","date_gmt":"2025-01-20T16:58:10","guid":{"rendered":"https:\/\/ccviolenciaeigualdad.com\/?p=473"},"modified":"2025-01-20T16:58:11","modified_gmt":"2025-01-20T16:58:11","slug":"presentacion-y-coloquio-del-libro-en-la-tela-de-la-arana-en-ca-la-dona","status":"publish","type":"post","link":"https:\/\/ccviolenciaeigualdad.com\/ca\/presentacion-y-coloquio-del-libro-en-la-tela-de-la-arana-en-ca-la-dona\/","title":{"rendered":"Presentaci\u00f3 i col\u00b7loqui del llibre \u00bb A la teranyina de l&#039;aranya\u00bb a Ca la Dona"},"content":{"rendered":"<p>\u00c9s un llibre que ens ensenya all\u00f2 que algunes mares viuen amb la viol\u00e8ncia als seus fills\/es. Narra la hist\u00f2ria i el present d&#039;una lluita que comen\u00e7a el dia que la teva vida esclata a mil trossos. La de les teves criatures ja ho havia fet abans, per\u00f2 la teva implosiona en el moment que prens consci\u00e8ncia. El dia que les teves filles (fills, fills) et revelen que el seu pare les toca all\u00e0 sota o els metges t&#039;expliquen l&#039;origen d&#039;aquesta vaginitis permanent: els senyals previs que no havies pogut interpretar es connecten i ja no hi ha marxa enrere.<\/p>\n\n\n\n<p>Les nostres mares van callar, les mares de les nostres mares tamb\u00e9 ho van fer. Nosaltres no.<\/p>\n\n\n\n<p>Link: <\/p>\n\n\n\n<figure class=\"wp-block-embed is-type-wp-embed is-provider-ca-la-dona-un-espai-d-039-acci-feminista-per-a-dones-lesbianes-i-trans wp-block-embed-ca-la-dona-un-espai-d-039-acci-feminista-per-a-dones-lesbianes-i-trans\"><div class=\"wp-block-embed__wrapper\">\n<blockquote class=\"wp-embedded-content\" data-secret=\"i45rpfol6c\"><a href=\"https:\/\/caladona.org\/agenda-caladona\/en-la-tela-de-arana\/\">A la teranyina: Presentaci\u00f3 i col\u00b7loqui<\/a><\/blockquote><iframe class=\"wp-embedded-content\" sandbox=\"allow-scripts\" security=\"restricted\" style=\"position: absolute; visibility: hidden;\" title=\"\u201cA la teranyina: Presentaci\u00f3 i col\u00b7loqui\u201d \u2014 Ca la Dona, un espai d&#039;acci\u00f3 feminista per a dones, lesbianes i trans\" src=\"https:\/\/caladona.org\/agenda-caladona\/en-la-tela-de-arana\/embed\/#?secret=Az0zsFK1tR#?secret=i45rpfol6c\" data-secret=\"i45rpfol6c\" width=\"600\" height=\"338\" frameborder=\"0\" marginwidth=\"0\" marginheight=\"0\" scrolling=\"no\"><\/iframe>\n<\/div><\/figure>","protected":false},"excerpt":{"rendered":"<p>\u00c9s un llibre que ens ensenya all\u00f2 que algunes mares viuen amb la viol\u00e8ncia als seus fills\/es. Narra la hist\u00f2ria i el present d&#039;una lluita que comen\u00e7a el dia que la teva vida esclata a mil trossos. La de les teves criatures ja ho havia fet abans, per\u00f2 la teva implosiona en el moment a [\u2026]<\/p>","protected":false},"author":4,"featured_media":474,"comment_status":"closed","ping_status":"closed","sticky":false,"template":"","format":"standard","meta":{"footnotes":""},"categories":[1],"tags":[],"class_list":["post-473","post","type-post","status-publish","format-standard","has-post-thumbnail","hentry","category-uncategorized"],"yoast_head":"<!-- This site is optimized with the Yoast SEO plugin v26.3 - https:\/\/yoast.com\/wordpress\/plugins\/seo\/ -->\n<title>Presentaci\u00f3n y coloquio del libro &quot; En la tela de la ara\u00f1a&quot; en Ca la Dona - Claudia Cruzado<\/title>\n<meta name=\"robots\" content=\"index, follow, max-snippet:-1, max-image-preview:large, max-video-preview:-1\" \/>\n<link rel=\"canonical\" href=\"https:\/\/ccviolenciaeigualdad.com\/ca\/presentacion-y-coloquio-del-libro-en-la-tela-de-la-arana-en-ca-la-dona\/\" \/>\n<meta property=\"og:locale\" content=\"ca_ES\" \/>\n<meta property=\"og:type\" content=\"article\" \/>\n<meta property=\"og:title\" content=\"Presentaci\u00f3n y coloquio del libro &quot; En la tela de la ara\u00f1a&quot; en Ca la Dona - Claudia Cruzado\" \/>\n<meta property=\"og:description\" content=\"Es un libro que nos ense\u00f1a lo que algunas madres viven con la violencia a sus hijos\/as. Narra la historia y el presente de una lucha que comienza el d\u00eda en que tu vida estalla en mil pedazos. La de tus criaturas ya lo hab\u00eda hecho antes, pero la tuya implosiona en el momento en [&hellip;]\" \/>\n<meta property=\"og:url\" content=\"https:\/\/ccviolenciaeigualdad.com\/ca\/presentacion-y-coloquio-del-libro-en-la-tela-de-la-arana-en-ca-la-dona\/\" \/>\n<meta property=\"og:site_name\" content=\"Claudia Cruzado\" \/>\n<meta property=\"article:published_time\" content=\"2025-01-20T16:58:10+00:00\" \/>\n<meta property=\"article:modified_time\" content=\"2025-01-20T16:58:11+00:00\" \/>\n<meta property=\"og:image\" content=\"https:\/\/ccviolenciaeigualdad.com\/wp-content\/uploads\/2025\/01\/Screenshot-2025-01-20-175205.jpg\" \/>\n\t<meta property=\"og:image:width\" content=\"651\" \/>\n\t<meta property=\"og:image:height\" content=\"653\" \/>\n\t<meta property=\"og:image:type\" content=\"image\/jpeg\" \/>\n<meta name=\"author\" content=\"ClaudiaCruzado\" \/>\n<meta name=\"twitter:card\" content=\"summary_large_image\" \/>\n<meta name=\"twitter:label1\" content=\"Escrit per\" \/>\n\t<meta name=\"twitter:data1\" content=\"ClaudiaCruzado\" \/>\n\t<meta name=\"twitter:label2\" content=\"Temps estimat de lectura\" \/>\n\t<meta name=\"twitter:data2\" content=\"1 minut\" \/>\n<script type=\"application\/ld+json\" class=\"yoast-schema-graph\">{\"@context\":\"https:\/\/schema.org\",\"@graph\":[{\"@type\":\"Article\",\"@id\":\"https:\/\/ccviolenciaeigualdad.com\/presentacion-y-coloquio-del-libro-en-la-tela-de-la-arana-en-ca-la-dona\/#article\",\"isPartOf\":{\"@id\":\"https:\/\/ccviolenciaeigualdad.com\/presentacion-y-coloquio-del-libro-en-la-tela-de-la-arana-en-ca-la-dona\/\"},\"author\":{\"name\":\"ClaudiaCruzado\",\"@id\":\"https:\/\/ccviolenciaeigualdad.com\/#\/schema\/person\/2b905ae2f475f22f62b4cadef2183a5f\"},\"headline\":\"Presentaci\u00f3n y coloquio del libro \u00bb En la tela de la ara\u00f1a\u00bb en Ca la Dona\",\"datePublished\":\"2025-01-20T16:58:10+00:00\",\"dateModified\":\"2025-01-20T16:58:11+00:00\",\"mainEntityOfPage\":{\"@id\":\"https:\/\/ccviolenciaeigualdad.com\/presentacion-y-coloquio-del-libro-en-la-tela-de-la-arana-en-ca-la-dona\/\"},\"wordCount\":148,\"publisher\":{\"@id\":\"https:\/\/ccviolenciaeigualdad.com\/#organization\"},\"image\":{\"@id\":\"https:\/\/ccviolenciaeigualdad.com\/presentacion-y-coloquio-del-libro-en-la-tela-de-la-arana-en-ca-la-dona\/#primaryimage\"},\"thumbnailUrl\":\"https:\/\/ccviolenciaeigualdad.com\/wp-content\/uploads\/2025\/01\/Screenshot-2025-01-20-175205.jpg\",\"articleSection\":[\"Uncategorized\"],\"inLanguage\":\"ca\"},{\"@type\":\"WebPage\",\"@id\":\"https:\/\/ccviolenciaeigualdad.com\/presentacion-y-coloquio-del-libro-en-la-tela-de-la-arana-en-ca-la-dona\/\",\"url\":\"https:\/\/ccviolenciaeigualdad.com\/presentacion-y-coloquio-del-libro-en-la-tela-de-la-arana-en-ca-la-dona\/\",\"name\":\"Presentaci\u00f3n y coloquio del libro \\\" En la tela de la ara\u00f1a\\\" en Ca la Dona - Claudia Cruzado\",\"isPartOf\":{\"@id\":\"https:\/\/ccviolenciaeigualdad.com\/#website\"},\"primaryImageOfPage\":{\"@id\":\"https:\/\/ccviolenciaeigualdad.com\/presentacion-y-coloquio-del-libro-en-la-tela-de-la-arana-en-ca-la-dona\/#primaryimage\"},\"image\":{\"@id\":\"https:\/\/ccviolenciaeigualdad.com\/presentacion-y-coloquio-del-libro-en-la-tela-de-la-arana-en-ca-la-dona\/#primaryimage\"},\"thumbnailUrl\":\"https:\/\/ccviolenciaeigualdad.com\/wp-content\/uploads\/2025\/01\/Screenshot-2025-01-20-175205.jpg\",\"datePublished\":\"2025-01-20T16:58:10+00:00\",\"dateModified\":\"2025-01-20T16:58:11+00:00\",\"breadcrumb\":{\"@id\":\"https:\/\/ccviolenciaeigualdad.com\/presentacion-y-coloquio-del-libro-en-la-tela-de-la-arana-en-ca-la-dona\/#breadcrumb\"},\"inLanguage\":\"ca\",\"potentialAction\":[{\"@type\":\"ReadAction\",\"target\":[\"https:\/\/ccviolenciaeigualdad.com\/presentacion-y-coloquio-del-libro-en-la-tela-de-la-arana-en-ca-la-dona\/\"]}]},{\"@type\":\"ImageObject\",\"inLanguage\":\"ca\",\"@id\":\"https:\/\/ccviolenciaeigualdad.com\/presentacion-y-coloquio-del-libro-en-la-tela-de-la-arana-en-ca-la-dona\/#primaryimage\",\"url\":\"https:\/\/ccviolenciaeigualdad.com\/wp-content\/uploads\/2025\/01\/Screenshot-2025-01-20-175205.jpg\",\"contentUrl\":\"https:\/\/ccviolenciaeigualdad.com\/wp-content\/uploads\/2025\/01\/Screenshot-2025-01-20-175205.jpg\",\"width\":651,\"height\":653},{\"@type\":\"BreadcrumbList\",\"@id\":\"https:\/\/ccviolenciaeigualdad.com\/presentacion-y-coloquio-del-libro-en-la-tela-de-la-arana-en-ca-la-dona\/#breadcrumb\",\"itemListElement\":[{\"@type\":\"ListItem\",\"position\":1,\"name\":\"Home\",\"item\":\"https:\/\/ccviolenciaeigualdad.com\/\"},{\"@type\":\"ListItem\",\"position\":2,\"name\":\"Presentaci\u00f3n y coloquio del libro \u00bb En la tela de la ara\u00f1a\u00bb en Ca la Dona\"}]},{\"@type\":\"WebSite\",\"@id\":\"https:\/\/ccviolenciaeigualdad.com\/#website\",\"url\":\"https:\/\/ccviolenciaeigualdad.com\/\",\"name\":\"Claudia Cruzado\",\"description\":\"Consultora especializada en igualdad, violencia de g\u00e9nero y acoso laboral\",\"publisher\":{\"@id\":\"https:\/\/ccviolenciaeigualdad.com\/#organization\"},\"potentialAction\":[{\"@type\":\"SearchAction\",\"target\":{\"@type\":\"EntryPoint\",\"urlTemplate\":\"https:\/\/ccviolenciaeigualdad.com\/?s={search_term_string}\"},\"query-input\":{\"@type\":\"PropertyValueSpecification\",\"valueRequired\":true,\"valueName\":\"search_term_string\"}}],\"inLanguage\":\"ca\"},{\"@type\":\"Organization\",\"@id\":\"https:\/\/ccviolenciaeigualdad.com\/#organization\",\"name\":\"Claudia Cruzado\",\"url\":\"https:\/\/ccviolenciaeigualdad.com\/\",\"logo\":{\"@type\":\"ImageObject\",\"inLanguage\":\"ca\",\"@id\":\"https:\/\/ccviolenciaeigualdad.com\/#\/schema\/logo\/image\/\",\"url\":\"https:\/\/ccviolenciaeigualdad.com\/wp-content\/uploads\/2025\/10\/cropped-logo-fondo-claudia-cruzado-1-1.png\",\"contentUrl\":\"https:\/\/ccviolenciaeigualdad.com\/wp-content\/uploads\/2025\/10\/cropped-logo-fondo-claudia-cruzado-1-1.png\",\"width\":1080,\"height\":373,\"caption\":\"Claudia Cruzado\"},\"image\":{\"@id\":\"https:\/\/ccviolenciaeigualdad.com\/#\/schema\/logo\/image\/\"}},{\"@type\":\"Person\",\"@id\":\"https:\/\/ccviolenciaeigualdad.com\/#\/schema\/person\/2b905ae2f475f22f62b4cadef2183a5f\",\"name\":\"ClaudiaCruzado\",\"url\":\"https:\/\/ccviolenciaeigualdad.com\/ca\/author\/claudiacruzado\/\"}]}<\/script>\n<!-- \/ Yoast SEO plugin. -->","yoast_head_json":{"title":"Presentaci\u00f3n y coloquio del libro \" En la tela de la ara\u00f1a\" en Ca la Dona - Claudia Cruzado","robots":{"index":"index","follow":"follow","max-snippet":"max-snippet:-1","max-image-preview":"max-image-preview:large","max-video-preview":"max-video-preview:-1"},"canonical":"https:\/\/ccviolenciaeigualdad.com\/ca\/presentacion-y-coloquio-del-libro-en-la-tela-de-la-arana-en-ca-la-dona\/","og_locale":"ca_ES","og_type":"article","og_title":"Presentaci\u00f3n y coloquio del libro \" En la tela de la ara\u00f1a\" en Ca la Dona - Claudia Cruzado","og_description":"Es un libro que nos ense\u00f1a lo que algunas madres viven con la violencia a sus hijos\/as. Narra la historia y el presente de una lucha que comienza el d\u00eda en que tu vida estalla en mil pedazos. La de tus criaturas ya lo hab\u00eda hecho antes, pero la tuya implosiona en el momento en [&hellip;]","og_url":"https:\/\/ccviolenciaeigualdad.com\/ca\/presentacion-y-coloquio-del-libro-en-la-tela-de-la-arana-en-ca-la-dona\/","og_site_name":"Claudia Cruzado","article_published_time":"2025-01-20T16:58:10+00:00","article_modified_time":"2025-01-20T16:58:11+00:00","og_image":[{"width":651,"height":653,"url":"https:\/\/ccviolenciaeigualdad.com\/wp-content\/uploads\/2025\/01\/Screenshot-2025-01-20-175205.jpg","type":"image\/jpeg"}],"author":"ClaudiaCruzado","twitter_card":"summary_large_image","twitter_misc":{"Escrit per":"ClaudiaCruzado","Temps estimat de lectura":"1 minut"},"schema":{"@context":"https:\/\/schema.org","@graph":[{"@type":"Article","@id":"https:\/\/ccviolenciaeigualdad.com\/presentacion-y-coloquio-del-libro-en-la-tela-de-la-arana-en-ca-la-dona\/#article","isPartOf":{"@id":"https:\/\/ccviolenciaeigualdad.com\/presentacion-y-coloquio-del-libro-en-la-tela-de-la-arana-en-ca-la-dona\/"},"author":{"name":"ClaudiaCruzado","@id":"https:\/\/ccviolenciaeigualdad.com\/#\/schema\/person\/2b905ae2f475f22f62b4cadef2183a5f"},"headline":"Presentaci\u00f3n y coloquio del libro \u00bb En la tela de la ara\u00f1a\u00bb en Ca la Dona","datePublished":"2025-01-20T16:58:10+00:00","dateModified":"2025-01-20T16:58:11+00:00","mainEntityOfPage":{"@id":"https:\/\/ccviolenciaeigualdad.com\/presentacion-y-coloquio-del-libro-en-la-tela-de-la-arana-en-ca-la-dona\/"},"wordCount":148,"publisher":{"@id":"https:\/\/ccviolenciaeigualdad.com\/#organization"},"image":{"@id":"https:\/\/ccviolenciaeigualdad.com\/presentacion-y-coloquio-del-libro-en-la-tela-de-la-arana-en-ca-la-dona\/#primaryimage"},"thumbnailUrl":"https:\/\/ccviolenciaeigualdad.com\/wp-content\/uploads\/2025\/01\/Screenshot-2025-01-20-175205.jpg","articleSection":["Uncategorized"],"inLanguage":"ca"},{"@type":"WebPage","@id":"https:\/\/ccviolenciaeigualdad.com\/presentacion-y-coloquio-del-libro-en-la-tela-de-la-arana-en-ca-la-dona\/","url":"https:\/\/ccviolenciaeigualdad.com\/presentacion-y-coloquio-del-libro-en-la-tela-de-la-arana-en-ca-la-dona\/","name":"Presentaci\u00f3n y coloquio del libro \" En la tela de la ara\u00f1a\" en Ca la Dona - Claudia Cruzado","isPartOf":{"@id":"https:\/\/ccviolenciaeigualdad.com\/#website"},"primaryImageOfPage":{"@id":"https:\/\/ccviolenciaeigualdad.com\/presentacion-y-coloquio-del-libro-en-la-tela-de-la-arana-en-ca-la-dona\/#primaryimage"},"image":{"@id":"https:\/\/ccviolenciaeigualdad.com\/presentacion-y-coloquio-del-libro-en-la-tela-de-la-arana-en-ca-la-dona\/#primaryimage"},"thumbnailUrl":"https:\/\/ccviolenciaeigualdad.com\/wp-content\/uploads\/2025\/01\/Screenshot-2025-01-20-175205.jpg","datePublished":"2025-01-20T16:58:10+00:00","dateModified":"2025-01-20T16:58:11+00:00","breadcrumb":{"@id":"https:\/\/ccviolenciaeigualdad.com\/presentacion-y-coloquio-del-libro-en-la-tela-de-la-arana-en-ca-la-dona\/#breadcrumb"},"inLanguage":"ca","potentialAction":[{"@type":"ReadAction","target":["https:\/\/ccviolenciaeigualdad.com\/presentacion-y-coloquio-del-libro-en-la-tela-de-la-arana-en-ca-la-dona\/"]}]},{"@type":"ImageObject","inLanguage":"ca","@id":"https:\/\/ccviolenciaeigualdad.com\/presentacion-y-coloquio-del-libro-en-la-tela-de-la-arana-en-ca-la-dona\/#primaryimage","url":"https:\/\/ccviolenciaeigualdad.com\/wp-content\/uploads\/2025\/01\/Screenshot-2025-01-20-175205.jpg","contentUrl":"https:\/\/ccviolenciaeigualdad.com\/wp-content\/uploads\/2025\/01\/Screenshot-2025-01-20-175205.jpg","width":651,"height":653},{"@type":"BreadcrumbList","@id":"https:\/\/ccviolenciaeigualdad.com\/presentacion-y-coloquio-del-libro-en-la-tela-de-la-arana-en-ca-la-dona\/#breadcrumb","itemListElement":[{"@type":"ListItem","position":1,"name":"Home","item":"https:\/\/ccviolenciaeigualdad.com\/"},{"@type":"ListItem","position":2,"name":"Presentaci\u00f3n y coloquio del libro \u00bb En la tela de la ara\u00f1a\u00bb en Ca la Dona"}]},{"@type":"WebSite","@id":"https:\/\/ccviolenciaeigualdad.com\/#website","url":"https:\/\/ccviolenciaeigualdad.com\/","name":"Claudia Creuat","description":"Consultora especialitzada en igualtat, viol\u00e8ncia de g\u00e8nere i assetjament laboral","publisher":{"@id":"https:\/\/ccviolenciaeigualdad.com\/#organization"},"potentialAction":[{"@type":"SearchAction","target":{"@type":"EntryPoint","urlTemplate":"https:\/\/ccviolenciaeigualdad.com\/?s={search_term_string}"},"query-input":{"@type":"PropertyValueSpecification","valueRequired":true,"valueName":"search_term_string"}}],"inLanguage":"ca"},{"@type":"Organization","@id":"https:\/\/ccviolenciaeigualdad.com\/#organization","name":"Claudia Creuat","url":"https:\/\/ccviolenciaeigualdad.com\/","logo":{"@type":"ImageObject","inLanguage":"ca","@id":"https:\/\/ccviolenciaeigualdad.com\/#\/schema\/logo\/image\/","url":"https:\/\/ccviolenciaeigualdad.com\/wp-content\/uploads\/2025\/10\/cropped-logo-fondo-claudia-cruzado-1-1.png","contentUrl":"https:\/\/ccviolenciaeigualdad.com\/wp-content\/uploads\/2025\/10\/cropped-logo-fondo-claudia-cruzado-1-1.png","width":1080,"height":373,"caption":"Claudia Cruzado"},"image":{"@id":"https:\/\/ccviolenciaeigualdad.com\/#\/schema\/logo\/image\/"}},{"@type":"Person","@id":"https:\/\/ccviolenciaeigualdad.com\/#\/schema\/person\/2b905ae2f475f22f62b4cadef2183a5f","name":"ClaudiaCreuat","url":"https:\/\/ccviolenciaeigualdad.com\/ca\/author\/claudiacruzado\/"}]}},"_links":{"self":[{"href":"https:\/\/ccviolenciaeigualdad.com\/ca\/wp-json\/wp\/v2\/posts\/473","targetHints":{"allow":["GET"]}}],"collection":[{"href":"https:\/\/ccviolenciaeigualdad.com\/ca\/wp-json\/wp\/v2\/posts"}],"about":[{"href":"https:\/\/ccviolenciaeigualdad.com\/ca\/wp-json\/wp\/v2\/types\/post"}],"author":[{"embeddable":true,"href":"https:\/\/ccviolenciaeigualdad.com\/ca\/wp-json\/wp\/v2\/users\/4"}],"replies":[{"embeddable":true,"href":"https:\/\/ccviolenciaeigualdad.com\/ca\/wp-json\/wp\/v2\/comments?post=473"}],"version-history":[{"count":1,"href":"https:\/\/ccviolenciaeigualdad.com\/ca\/wp-json\/wp\/v2\/posts\/473\/revisions"}],"predecessor-version":[{"id":475,"href":"https:\/\/ccviolenciaeigualdad.com\/ca\/wp-json\/wp\/v2\/posts\/473\/revisions\/475"}],"wp:featuredmedia":[{"embeddable":true,"href":"https:\/\/ccviolenciaeigualdad.com\/ca\/wp-json\/wp\/v2\/media\/474"}],"wp:attachment":[{"href":"https:\/\/ccviolenciaeigualdad.com\/ca\/wp-json\/wp\/v2\/media?parent=473"}],"wp:term":[{"taxonomy":"category","embeddable":true,"href":"https:\/\/ccviolenciaeigualdad.com\/ca\/wp-json\/wp\/v2\/categories?post=473"},{"taxonomy":"post_tag","embeddable":true,"href":"https:\/\/ccviolenciaeigualdad.com\/ca\/wp-json\/wp\/v2\/tags?post=473"}],"curies":[{"name":"wp","href":"https:\/\/api.w.org\/{rel}","templated":true}]}}