{"id":445,"date":"2024-12-01T12:16:17","date_gmt":"2024-12-01T12:16:17","guid":{"rendered":"https:\/\/ccviolenciaeigualdad.com\/?p=445"},"modified":"2024-12-01T12:16:17","modified_gmt":"2024-12-01T12:16:17","slug":"raul-lizana-recorda-que-els-fills-i-filles-tambe-son-victimes-de-la-violencia-masclista","status":"publish","type":"post","link":"https:\/\/ccviolenciaeigualdad.com\/ca\/raul-lizana-recorda-que-els-fills-i-filles-tambe-son-victimes-de-la-violencia-masclista\/","title":{"rendered":"Ra\u00fal Lizana recorda que els fills i filles tamb\u00e9 s\u00f3n v\u00edctimes de la viol\u00e8ncia masclista"},"content":{"rendered":"<p>Aquest tipus de viol\u00e8ncia pot tenir conseq\u00fc\u00e8ncies devastadores en l&#8217;\u00e0mbit emocional pels infants. Tenim que prevenir aquestes situacions.<strong> STOP.<\/strong><\/p>\n\n\n\n<p>Link article: https:\/\/www.diariandorra.ad\/nacional\/241127\/raul-lizana-recorda-els-fills-i-filles-tambe-son-victimes-violencia-masclista_162721.html<\/p>","protected":false},"excerpt":{"rendered":"<p>Aquest tipus de viol\u00e8ncia pot tenir conseq\u00fc\u00e8ncies devastadores en l&#8217;\u00e0mbit emocional pels infants. Tenim que prevenir aquestes situacions. STOP. Link article: https:\/\/www.diariandorra.ad\/nacional\/241127\/raul-lizana-recorda-els-fills-i-filles-tambe-son-victimes-violencia-masclista_162721.html<\/p>","protected":false},"author":4,"featured_media":446,"comment_status":"closed","ping_status":"closed","sticky":false,"template":"","format":"standard","meta":{"footnotes":""},"categories":[1],"tags":[],"class_list":["post-445","post","type-post","status-publish","format-standard","has-post-thumbnail","hentry","category-uncategorized"],"yoast_head":"<!-- This site is optimized with the Yoast SEO plugin v26.3 - https:\/\/yoast.com\/wordpress\/plugins\/seo\/ -->\n<title>Ra\u00fal Lizana recorda que els fills i filles tamb\u00e9 s\u00f3n v\u00edctimes de la viol\u00e8ncia masclista - Claudia Cruzado<\/title>\n<meta name=\"robots\" content=\"index, follow, max-snippet:-1, max-image-preview:large, max-video-preview:-1\" \/>\n<link rel=\"canonical\" href=\"https:\/\/ccviolenciaeigualdad.com\/ca\/raul-lizana-recorda-que-els-fills-i-filles-tambe-son-victimes-de-la-violencia-masclista\/\" \/>\n<meta property=\"og:locale\" content=\"ca_ES\" \/>\n<meta property=\"og:type\" content=\"article\" \/>\n<meta property=\"og:title\" content=\"Ra\u00fal Lizana recorda que els fills i filles tamb\u00e9 s\u00f3n v\u00edctimes de la viol\u00e8ncia masclista - Claudia Cruzado\" \/>\n<meta property=\"og:description\" content=\"Aquest tipus de viol\u00e8ncia pot tenir conseq\u00fc\u00e8ncies devastadores en l&#8217;\u00e0mbit emocional pels infants. Tenim que prevenir aquestes situacions. STOP. Link article: https:\/\/www.diariandorra.ad\/nacional\/241127\/raul-lizana-recorda-els-fills-i-filles-tambe-son-victimes-violencia-masclista_162721.html\" \/>\n<meta property=\"og:url\" content=\"https:\/\/ccviolenciaeigualdad.com\/ca\/raul-lizana-recorda-que-els-fills-i-filles-tambe-son-victimes-de-la-violencia-masclista\/\" \/>\n<meta property=\"og:site_name\" content=\"Claudia Cruzado\" \/>\n<meta property=\"article:published_time\" content=\"2024-12-01T12:16:17+00:00\" \/>\n<meta property=\"og:image\" content=\"https:\/\/ccviolenciaeigualdad.com\/wp-content\/uploads\/2024\/12\/Dano-a-los-ninos.-2024-12-01-131440.png\" \/>\n\t<meta property=\"og:image:width\" content=\"616\" \/>\n\t<meta property=\"og:image:height\" content=\"561\" \/>\n\t<meta property=\"og:image:type\" content=\"image\/png\" \/>\n<meta name=\"author\" content=\"ClaudiaCruzado\" \/>\n<meta name=\"twitter:card\" content=\"summary_large_image\" \/>\n<meta name=\"twitter:label1\" content=\"Escrit per\" \/>\n\t<meta name=\"twitter:data1\" content=\"ClaudiaCruzado\" \/>\n\t<meta name=\"twitter:label2\" content=\"Temps estimat de lectura\" \/>\n\t<meta name=\"twitter:data2\" content=\"1 minut\" \/>\n<script type=\"application\/ld+json\" class=\"yoast-schema-graph\">{\"@context\":\"https:\/\/schema.org\",\"@graph\":[{\"@type\":\"Article\",\"@id\":\"https:\/\/ccviolenciaeigualdad.com\/raul-lizana-recorda-que-els-fills-i-filles-tambe-son-victimes-de-la-violencia-masclista\/#article\",\"isPartOf\":{\"@id\":\"https:\/\/ccviolenciaeigualdad.com\/raul-lizana-recorda-que-els-fills-i-filles-tambe-son-victimes-de-la-violencia-masclista\/\"},\"author\":{\"name\":\"ClaudiaCruzado\",\"@id\":\"https:\/\/ccviolenciaeigualdad.com\/#\/schema\/person\/2b905ae2f475f22f62b4cadef2183a5f\"},\"headline\":\"Ra\u00fal Lizana recorda que els fills i filles tamb\u00e9 s\u00f3n v\u00edctimes de la viol\u00e8ncia masclista\",\"datePublished\":\"2024-12-01T12:16:17+00:00\",\"mainEntityOfPage\":{\"@id\":\"https:\/\/ccviolenciaeigualdad.com\/raul-lizana-recorda-que-els-fills-i-filles-tambe-son-victimes-de-la-violencia-masclista\/\"},\"wordCount\":50,\"publisher\":{\"@id\":\"https:\/\/ccviolenciaeigualdad.com\/#organization\"},\"image\":{\"@id\":\"https:\/\/ccviolenciaeigualdad.com\/raul-lizana-recorda-que-els-fills-i-filles-tambe-son-victimes-de-la-violencia-masclista\/#primaryimage\"},\"thumbnailUrl\":\"https:\/\/ccviolenciaeigualdad.com\/wp-content\/uploads\/2024\/12\/Dano-a-los-ninos.-2024-12-01-131440.png\",\"articleSection\":[\"Uncategorized\"],\"inLanguage\":\"ca\"},{\"@type\":\"WebPage\",\"@id\":\"https:\/\/ccviolenciaeigualdad.com\/raul-lizana-recorda-que-els-fills-i-filles-tambe-son-victimes-de-la-violencia-masclista\/\",\"url\":\"https:\/\/ccviolenciaeigualdad.com\/raul-lizana-recorda-que-els-fills-i-filles-tambe-son-victimes-de-la-violencia-masclista\/\",\"name\":\"Ra\u00fal Lizana recorda que els fills i filles tamb\u00e9 s\u00f3n v\u00edctimes de la viol\u00e8ncia masclista - Claudia Cruzado\",\"isPartOf\":{\"@id\":\"https:\/\/ccviolenciaeigualdad.com\/#website\"},\"primaryImageOfPage\":{\"@id\":\"https:\/\/ccviolenciaeigualdad.com\/raul-lizana-recorda-que-els-fills-i-filles-tambe-son-victimes-de-la-violencia-masclista\/#primaryimage\"},\"image\":{\"@id\":\"https:\/\/ccviolenciaeigualdad.com\/raul-lizana-recorda-que-els-fills-i-filles-tambe-son-victimes-de-la-violencia-masclista\/#primaryimage\"},\"thumbnailUrl\":\"https:\/\/ccviolenciaeigualdad.com\/wp-content\/uploads\/2024\/12\/Dano-a-los-ninos.-2024-12-01-131440.png\",\"datePublished\":\"2024-12-01T12:16:17+00:00\",\"breadcrumb\":{\"@id\":\"https:\/\/ccviolenciaeigualdad.com\/raul-lizana-recorda-que-els-fills-i-filles-tambe-son-victimes-de-la-violencia-masclista\/#breadcrumb\"},\"inLanguage\":\"ca\",\"potentialAction\":[{\"@type\":\"ReadAction\",\"target\":[\"https:\/\/ccviolenciaeigualdad.com\/raul-lizana-recorda-que-els-fills-i-filles-tambe-son-victimes-de-la-violencia-masclista\/\"]}]},{\"@type\":\"ImageObject\",\"inLanguage\":\"ca\",\"@id\":\"https:\/\/ccviolenciaeigualdad.com\/raul-lizana-recorda-que-els-fills-i-filles-tambe-son-victimes-de-la-violencia-masclista\/#primaryimage\",\"url\":\"https:\/\/ccviolenciaeigualdad.com\/wp-content\/uploads\/2024\/12\/Dano-a-los-ninos.-2024-12-01-131440.png\",\"contentUrl\":\"https:\/\/ccviolenciaeigualdad.com\/wp-content\/uploads\/2024\/12\/Dano-a-los-ninos.-2024-12-01-131440.png\",\"width\":616,\"height\":561},{\"@type\":\"BreadcrumbList\",\"@id\":\"https:\/\/ccviolenciaeigualdad.com\/raul-lizana-recorda-que-els-fills-i-filles-tambe-son-victimes-de-la-violencia-masclista\/#breadcrumb\",\"itemListElement\":[{\"@type\":\"ListItem\",\"position\":1,\"name\":\"Home\",\"item\":\"https:\/\/ccviolenciaeigualdad.com\/\"},{\"@type\":\"ListItem\",\"position\":2,\"name\":\"Ra\u00fal Lizana recorda que els fills i filles tamb\u00e9 s\u00f3n v\u00edctimes de la viol\u00e8ncia masclista\"}]},{\"@type\":\"WebSite\",\"@id\":\"https:\/\/ccviolenciaeigualdad.com\/#website\",\"url\":\"https:\/\/ccviolenciaeigualdad.com\/\",\"name\":\"Claudia Cruzado\",\"description\":\"Consultora especializada en igualdad, violencia de g\u00e9nero y acoso laboral\",\"publisher\":{\"@id\":\"https:\/\/ccviolenciaeigualdad.com\/#organization\"},\"potentialAction\":[{\"@type\":\"SearchAction\",\"target\":{\"@type\":\"EntryPoint\",\"urlTemplate\":\"https:\/\/ccviolenciaeigualdad.com\/?s={search_term_string}\"},\"query-input\":{\"@type\":\"PropertyValueSpecification\",\"valueRequired\":true,\"valueName\":\"search_term_string\"}}],\"inLanguage\":\"ca\"},{\"@type\":\"Organization\",\"@id\":\"https:\/\/ccviolenciaeigualdad.com\/#organization\",\"name\":\"Claudia Cruzado\",\"url\":\"https:\/\/ccviolenciaeigualdad.com\/\",\"logo\":{\"@type\":\"ImageObject\",\"inLanguage\":\"ca\",\"@id\":\"https:\/\/ccviolenciaeigualdad.com\/#\/schema\/logo\/image\/\",\"url\":\"https:\/\/ccviolenciaeigualdad.com\/wp-content\/uploads\/2025\/10\/cropped-logo-fondo-claudia-cruzado-1-1.png\",\"contentUrl\":\"https:\/\/ccviolenciaeigualdad.com\/wp-content\/uploads\/2025\/10\/cropped-logo-fondo-claudia-cruzado-1-1.png\",\"width\":1080,\"height\":373,\"caption\":\"Claudia Cruzado\"},\"image\":{\"@id\":\"https:\/\/ccviolenciaeigualdad.com\/#\/schema\/logo\/image\/\"}},{\"@type\":\"Person\",\"@id\":\"https:\/\/ccviolenciaeigualdad.com\/#\/schema\/person\/2b905ae2f475f22f62b4cadef2183a5f\",\"name\":\"ClaudiaCruzado\",\"url\":\"https:\/\/ccviolenciaeigualdad.com\/ca\/author\/claudiacruzado\/\"}]}<\/script>\n<!-- \/ Yoast SEO plugin. -->","yoast_head_json":{"title":"Ra\u00fal Lizana recorda que els fills i filles tamb\u00e9 s\u00f3n v\u00edctimes de la viol\u00e8ncia masclista - Claudia Cruzado","robots":{"index":"index","follow":"follow","max-snippet":"max-snippet:-1","max-image-preview":"max-image-preview:large","max-video-preview":"max-video-preview:-1"},"canonical":"https:\/\/ccviolenciaeigualdad.com\/ca\/raul-lizana-recorda-que-els-fills-i-filles-tambe-son-victimes-de-la-violencia-masclista\/","og_locale":"ca_ES","og_type":"article","og_title":"Ra\u00fal Lizana recorda que els fills i filles tamb\u00e9 s\u00f3n v\u00edctimes de la viol\u00e8ncia masclista - Claudia Cruzado","og_description":"Aquest tipus de viol\u00e8ncia pot tenir conseq\u00fc\u00e8ncies devastadores en l&#8217;\u00e0mbit emocional pels infants. Tenim que prevenir aquestes situacions. STOP. Link article: https:\/\/www.diariandorra.ad\/nacional\/241127\/raul-lizana-recorda-els-fills-i-filles-tambe-son-victimes-violencia-masclista_162721.html","og_url":"https:\/\/ccviolenciaeigualdad.com\/ca\/raul-lizana-recorda-que-els-fills-i-filles-tambe-son-victimes-de-la-violencia-masclista\/","og_site_name":"Claudia Cruzado","article_published_time":"2024-12-01T12:16:17+00:00","og_image":[{"width":616,"height":561,"url":"https:\/\/ccviolenciaeigualdad.com\/wp-content\/uploads\/2024\/12\/Dano-a-los-ninos.-2024-12-01-131440.png","type":"image\/png"}],"author":"ClaudiaCruzado","twitter_card":"summary_large_image","twitter_misc":{"Escrit per":"ClaudiaCruzado","Temps estimat de lectura":"1 minut"},"schema":{"@context":"https:\/\/schema.org","@graph":[{"@type":"Article","@id":"https:\/\/ccviolenciaeigualdad.com\/raul-lizana-recorda-que-els-fills-i-filles-tambe-son-victimes-de-la-violencia-masclista\/#article","isPartOf":{"@id":"https:\/\/ccviolenciaeigualdad.com\/raul-lizana-recorda-que-els-fills-i-filles-tambe-son-victimes-de-la-violencia-masclista\/"},"author":{"name":"ClaudiaCruzado","@id":"https:\/\/ccviolenciaeigualdad.com\/#\/schema\/person\/2b905ae2f475f22f62b4cadef2183a5f"},"headline":"Ra\u00fal Lizana recorda que els fills i filles tamb\u00e9 s\u00f3n v\u00edctimes de la viol\u00e8ncia masclista","datePublished":"2024-12-01T12:16:17+00:00","mainEntityOfPage":{"@id":"https:\/\/ccviolenciaeigualdad.com\/raul-lizana-recorda-que-els-fills-i-filles-tambe-son-victimes-de-la-violencia-masclista\/"},"wordCount":50,"publisher":{"@id":"https:\/\/ccviolenciaeigualdad.com\/#organization"},"image":{"@id":"https:\/\/ccviolenciaeigualdad.com\/raul-lizana-recorda-que-els-fills-i-filles-tambe-son-victimes-de-la-violencia-masclista\/#primaryimage"},"thumbnailUrl":"https:\/\/ccviolenciaeigualdad.com\/wp-content\/uploads\/2024\/12\/Dano-a-los-ninos.-2024-12-01-131440.png","articleSection":["Uncategorized"],"inLanguage":"ca"},{"@type":"WebPage","@id":"https:\/\/ccviolenciaeigualdad.com\/raul-lizana-recorda-que-els-fills-i-filles-tambe-son-victimes-de-la-violencia-masclista\/","url":"https:\/\/ccviolenciaeigualdad.com\/raul-lizana-recorda-que-els-fills-i-filles-tambe-son-victimes-de-la-violencia-masclista\/","name":"Ra\u00fal Lizana recorda que els fills i filles tamb\u00e9 s\u00f3n v\u00edctimes de la viol\u00e8ncia masclista - Claudia Cruzado","isPartOf":{"@id":"https:\/\/ccviolenciaeigualdad.com\/#website"},"primaryImageOfPage":{"@id":"https:\/\/ccviolenciaeigualdad.com\/raul-lizana-recorda-que-els-fills-i-filles-tambe-son-victimes-de-la-violencia-masclista\/#primaryimage"},"image":{"@id":"https:\/\/ccviolenciaeigualdad.com\/raul-lizana-recorda-que-els-fills-i-filles-tambe-son-victimes-de-la-violencia-masclista\/#primaryimage"},"thumbnailUrl":"https:\/\/ccviolenciaeigualdad.com\/wp-content\/uploads\/2024\/12\/Dano-a-los-ninos.-2024-12-01-131440.png","datePublished":"2024-12-01T12:16:17+00:00","breadcrumb":{"@id":"https:\/\/ccviolenciaeigualdad.com\/raul-lizana-recorda-que-els-fills-i-filles-tambe-son-victimes-de-la-violencia-masclista\/#breadcrumb"},"inLanguage":"ca","potentialAction":[{"@type":"ReadAction","target":["https:\/\/ccviolenciaeigualdad.com\/raul-lizana-recorda-que-els-fills-i-filles-tambe-son-victimes-de-la-violencia-masclista\/"]}]},{"@type":"ImageObject","inLanguage":"ca","@id":"https:\/\/ccviolenciaeigualdad.com\/raul-lizana-recorda-que-els-fills-i-filles-tambe-son-victimes-de-la-violencia-masclista\/#primaryimage","url":"https:\/\/ccviolenciaeigualdad.com\/wp-content\/uploads\/2024\/12\/Dano-a-los-ninos.-2024-12-01-131440.png","contentUrl":"https:\/\/ccviolenciaeigualdad.com\/wp-content\/uploads\/2024\/12\/Dano-a-los-ninos.-2024-12-01-131440.png","width":616,"height":561},{"@type":"BreadcrumbList","@id":"https:\/\/ccviolenciaeigualdad.com\/raul-lizana-recorda-que-els-fills-i-filles-tambe-son-victimes-de-la-violencia-masclista\/#breadcrumb","itemListElement":[{"@type":"ListItem","position":1,"name":"Home","item":"https:\/\/ccviolenciaeigualdad.com\/"},{"@type":"ListItem","position":2,"name":"Ra\u00fal Lizana recorda que els fills i filles tamb\u00e9 s\u00f3n v\u00edctimes de la viol\u00e8ncia masclista"}]},{"@type":"WebSite","@id":"https:\/\/ccviolenciaeigualdad.com\/#website","url":"https:\/\/ccviolenciaeigualdad.com\/","name":"Claudia Creuat","description":"Consultora especialitzada en igualtat, viol\u00e8ncia de g\u00e8nere i assetjament laboral","publisher":{"@id":"https:\/\/ccviolenciaeigualdad.com\/#organization"},"potentialAction":[{"@type":"SearchAction","target":{"@type":"EntryPoint","urlTemplate":"https:\/\/ccviolenciaeigualdad.com\/?s={search_term_string}"},"query-input":{"@type":"PropertyValueSpecification","valueRequired":true,"valueName":"search_term_string"}}],"inLanguage":"ca"},{"@type":"Organization","@id":"https:\/\/ccviolenciaeigualdad.com\/#organization","name":"Claudia Creuat","url":"https:\/\/ccviolenciaeigualdad.com\/","logo":{"@type":"ImageObject","inLanguage":"ca","@id":"https:\/\/ccviolenciaeigualdad.com\/#\/schema\/logo\/image\/","url":"https:\/\/ccviolenciaeigualdad.com\/wp-content\/uploads\/2025\/10\/cropped-logo-fondo-claudia-cruzado-1-1.png","contentUrl":"https:\/\/ccviolenciaeigualdad.com\/wp-content\/uploads\/2025\/10\/cropped-logo-fondo-claudia-cruzado-1-1.png","width":1080,"height":373,"caption":"Claudia Cruzado"},"image":{"@id":"https:\/\/ccviolenciaeigualdad.com\/#\/schema\/logo\/image\/"}},{"@type":"Person","@id":"https:\/\/ccviolenciaeigualdad.com\/#\/schema\/person\/2b905ae2f475f22f62b4cadef2183a5f","name":"ClaudiaCreuat","url":"https:\/\/ccviolenciaeigualdad.com\/ca\/author\/claudiacruzado\/"}]}},"_links":{"self":[{"href":"https:\/\/ccviolenciaeigualdad.com\/ca\/wp-json\/wp\/v2\/posts\/445","targetHints":{"allow":["GET"]}}],"collection":[{"href":"https:\/\/ccviolenciaeigualdad.com\/ca\/wp-json\/wp\/v2\/posts"}],"about":[{"href":"https:\/\/ccviolenciaeigualdad.com\/ca\/wp-json\/wp\/v2\/types\/post"}],"author":[{"embeddable":true,"href":"https:\/\/ccviolenciaeigualdad.com\/ca\/wp-json\/wp\/v2\/users\/4"}],"replies":[{"embeddable":true,"href":"https:\/\/ccviolenciaeigualdad.com\/ca\/wp-json\/wp\/v2\/comments?post=445"}],"version-history":[{"count":1,"href":"https:\/\/ccviolenciaeigualdad.com\/ca\/wp-json\/wp\/v2\/posts\/445\/revisions"}],"predecessor-version":[{"id":447,"href":"https:\/\/ccviolenciaeigualdad.com\/ca\/wp-json\/wp\/v2\/posts\/445\/revisions\/447"}],"wp:featuredmedia":[{"embeddable":true,"href":"https:\/\/ccviolenciaeigualdad.com\/ca\/wp-json\/wp\/v2\/media\/446"}],"wp:attachment":[{"href":"https:\/\/ccviolenciaeigualdad.com\/ca\/wp-json\/wp\/v2\/media?parent=445"}],"wp:term":[{"taxonomy":"category","embeddable":true,"href":"https:\/\/ccviolenciaeigualdad.com\/ca\/wp-json\/wp\/v2\/categories?post=445"},{"taxonomy":"post_tag","embeddable":true,"href":"https:\/\/ccviolenciaeigualdad.com\/ca\/wp-json\/wp\/v2\/tags?post=445"}],"curies":[{"name":"wp","href":"https:\/\/api.w.org\/{rel}","templated":true}]}}