{"id":436,"date":"2024-11-05T11:29:02","date_gmt":"2024-11-05T11:29:02","guid":{"rendered":"https:\/\/ccviolenciaeigualdad.com\/?p=436"},"modified":"2024-11-05T11:29:02","modified_gmt":"2024-11-05T11:29:02","slug":"justicia-restaurativa-i-mediacio-en-casos-de-delictes-de-violencia-sexual-i-violencia-de-genere-risc-o-oportunitat","status":"publish","type":"post","link":"https:\/\/ccviolenciaeigualdad.com\/ca\/justicia-restaurativa-i-mediacio-en-casos-de-delictes-de-violencia-sexual-i-violencia-de-genere-risc-o-oportunitat\/","title":{"rendered":"Just\u00edcia restaurativa i mediaci\u00f3 en casos de delictes de viol\u00e8ncia sexual i viol\u00e8ncia de g\u00e8nere. Risc o oportunitat?"},"content":{"rendered":"<p>Una oportunitat per intercanviar punts de vista sobre les oportunitats i riscos de modificar la legislaci\u00f3 que regula la no intervenci\u00f3 de la mediaci\u00f3 i la just\u00edcia restaurativa en delictes vinculats a la viol\u00e8ncia sexual i la viol\u00e8ncia de g\u00e8nere.<\/p>\n\n\n\n<p>Incorporar elements filos\u00f2fics relacionats amb la concepci\u00f3 del consentiment.<\/p>\n\n\n\n<h6 class=\"wp-block-heading\">DATA I HORA DE FINALITZACI\u00d3 D&#8217;INSCRIPCI\u00d3: 4 de desembre de 2024 20:00 h<\/h6>\n\n\n\n<h6 class=\"wp-block-heading\">DURADA: 02:00h<\/h6>\n\n\n\n<p>Inscripci\u00f3: https:\/\/www.copc.cat\/event\/taula-rodona-justicia-restaurativa-i-mediacio-en-casos-de-delictes-de-violencia-sexual-i-violencia-de-genere-risc-o-oportunitat-2024-12-11-1857\/register<\/p>\n\n\n\n<p><\/p>","protected":false},"excerpt":{"rendered":"<p>Una oportunitat per intercanviar punts de vista sobre les oportunitats i riscos de modificar la legislaci\u00f3 que regula la no intervenci\u00f3 de la mediaci\u00f3 i la just\u00edcia restaurativa en delictes vinculats a la viol\u00e8ncia sexual i la viol\u00e8ncia de g\u00e8nere. Incorporar elements filos\u00f2fics relacionats amb la concepci\u00f3 del consentiment. DATA I HORA DE FINALITZACI\u00d3 D&#8217;INSCRIPCI\u00d3: [&hellip;]<\/p>","protected":false},"author":4,"featured_media":437,"comment_status":"closed","ping_status":"closed","sticky":false,"template":"","format":"standard","meta":{"footnotes":""},"categories":[1],"tags":[],"class_list":["post-436","post","type-post","status-publish","format-standard","has-post-thumbnail","hentry","category-uncategorized"],"yoast_head":"<!-- This site is optimized with the Yoast SEO plugin v26.3 - https:\/\/yoast.com\/wordpress\/plugins\/seo\/ -->\n<title>Just\u00edcia restaurativa i mediaci\u00f3 en casos de delictes de viol\u00e8ncia sexual i viol\u00e8ncia de g\u00e8nere. Risc o oportunitat? - Claudia Cruzado<\/title>\n<meta name=\"robots\" content=\"index, follow, max-snippet:-1, max-image-preview:large, max-video-preview:-1\" \/>\n<link rel=\"canonical\" href=\"https:\/\/ccviolenciaeigualdad.com\/ca\/justicia-restaurativa-i-mediacio-en-casos-de-delictes-de-violencia-sexual-i-violencia-de-genere-risc-o-oportunitat\/\" \/>\n<meta property=\"og:locale\" content=\"ca_ES\" \/>\n<meta property=\"og:type\" content=\"article\" \/>\n<meta property=\"og:title\" content=\"Just\u00edcia restaurativa i mediaci\u00f3 en casos de delictes de viol\u00e8ncia sexual i viol\u00e8ncia de g\u00e8nere. Risc o oportunitat? - Claudia Cruzado\" \/>\n<meta property=\"og:description\" content=\"Una oportunitat per intercanviar punts de vista sobre les oportunitats i riscos de modificar la legislaci\u00f3 que regula la no intervenci\u00f3 de la mediaci\u00f3 i la just\u00edcia restaurativa en delictes vinculats a la viol\u00e8ncia sexual i la viol\u00e8ncia de g\u00e8nere. Incorporar elements filos\u00f2fics relacionats amb la concepci\u00f3 del consentiment. DATA I HORA DE FINALITZACI\u00d3 D&#8217;INSCRIPCI\u00d3: [&hellip;]\" \/>\n<meta property=\"og:url\" content=\"https:\/\/ccviolenciaeigualdad.com\/ca\/justicia-restaurativa-i-mediacio-en-casos-de-delictes-de-violencia-sexual-i-violencia-de-genere-risc-o-oportunitat\/\" \/>\n<meta property=\"og:site_name\" content=\"Claudia Cruzado\" \/>\n<meta property=\"article:published_time\" content=\"2024-11-05T11:29:02+00:00\" \/>\n<meta property=\"og:image\" content=\"https:\/\/ccviolenciaeigualdad.com\/wp-content\/uploads\/2024\/11\/PHOTO-2024-10-29-19-00-15.jpg\" \/>\n\t<meta property=\"og:image:width\" content=\"1080\" \/>\n\t<meta property=\"og:image:height\" content=\"1080\" \/>\n\t<meta property=\"og:image:type\" content=\"image\/jpeg\" \/>\n<meta name=\"author\" content=\"ClaudiaCruzado\" \/>\n<meta name=\"twitter:card\" content=\"summary_large_image\" \/>\n<meta name=\"twitter:label1\" content=\"Escrit per\" \/>\n\t<meta name=\"twitter:data1\" content=\"ClaudiaCruzado\" \/>\n\t<meta name=\"twitter:label2\" content=\"Temps estimat de lectura\" \/>\n\t<meta name=\"twitter:data2\" content=\"1 minut\" \/>\n<script type=\"application\/ld+json\" class=\"yoast-schema-graph\">{\"@context\":\"https:\/\/schema.org\",\"@graph\":[{\"@type\":\"Article\",\"@id\":\"https:\/\/ccviolenciaeigualdad.com\/justicia-restaurativa-i-mediacio-en-casos-de-delictes-de-violencia-sexual-i-violencia-de-genere-risc-o-oportunitat\/#article\",\"isPartOf\":{\"@id\":\"https:\/\/ccviolenciaeigualdad.com\/justicia-restaurativa-i-mediacio-en-casos-de-delictes-de-violencia-sexual-i-violencia-de-genere-risc-o-oportunitat\/\"},\"author\":{\"name\":\"ClaudiaCruzado\",\"@id\":\"https:\/\/ccviolenciaeigualdad.com\/#\/schema\/person\/2b905ae2f475f22f62b4cadef2183a5f\"},\"headline\":\"Just\u00edcia restaurativa i mediaci\u00f3 en casos de delictes de viol\u00e8ncia sexual i viol\u00e8ncia de g\u00e8nere. Risc o oportunitat?\",\"datePublished\":\"2024-11-05T11:29:02+00:00\",\"mainEntityOfPage\":{\"@id\":\"https:\/\/ccviolenciaeigualdad.com\/justicia-restaurativa-i-mediacio-en-casos-de-delictes-de-violencia-sexual-i-violencia-de-genere-risc-o-oportunitat\/\"},\"wordCount\":100,\"publisher\":{\"@id\":\"https:\/\/ccviolenciaeigualdad.com\/#organization\"},\"image\":{\"@id\":\"https:\/\/ccviolenciaeigualdad.com\/justicia-restaurativa-i-mediacio-en-casos-de-delictes-de-violencia-sexual-i-violencia-de-genere-risc-o-oportunitat\/#primaryimage\"},\"thumbnailUrl\":\"https:\/\/ccviolenciaeigualdad.com\/wp-content\/uploads\/2024\/11\/PHOTO-2024-10-29-19-00-15.jpg\",\"articleSection\":[\"Uncategorized\"],\"inLanguage\":\"ca\"},{\"@type\":\"WebPage\",\"@id\":\"https:\/\/ccviolenciaeigualdad.com\/justicia-restaurativa-i-mediacio-en-casos-de-delictes-de-violencia-sexual-i-violencia-de-genere-risc-o-oportunitat\/\",\"url\":\"https:\/\/ccviolenciaeigualdad.com\/justicia-restaurativa-i-mediacio-en-casos-de-delictes-de-violencia-sexual-i-violencia-de-genere-risc-o-oportunitat\/\",\"name\":\"Just\u00edcia restaurativa i mediaci\u00f3 en casos de delictes de viol\u00e8ncia sexual i viol\u00e8ncia de g\u00e8nere. Risc o oportunitat? - Claudia Cruzado\",\"isPartOf\":{\"@id\":\"https:\/\/ccviolenciaeigualdad.com\/#website\"},\"primaryImageOfPage\":{\"@id\":\"https:\/\/ccviolenciaeigualdad.com\/justicia-restaurativa-i-mediacio-en-casos-de-delictes-de-violencia-sexual-i-violencia-de-genere-risc-o-oportunitat\/#primaryimage\"},\"image\":{\"@id\":\"https:\/\/ccviolenciaeigualdad.com\/justicia-restaurativa-i-mediacio-en-casos-de-delictes-de-violencia-sexual-i-violencia-de-genere-risc-o-oportunitat\/#primaryimage\"},\"thumbnailUrl\":\"https:\/\/ccviolenciaeigualdad.com\/wp-content\/uploads\/2024\/11\/PHOTO-2024-10-29-19-00-15.jpg\",\"datePublished\":\"2024-11-05T11:29:02+00:00\",\"breadcrumb\":{\"@id\":\"https:\/\/ccviolenciaeigualdad.com\/justicia-restaurativa-i-mediacio-en-casos-de-delictes-de-violencia-sexual-i-violencia-de-genere-risc-o-oportunitat\/#breadcrumb\"},\"inLanguage\":\"ca\",\"potentialAction\":[{\"@type\":\"ReadAction\",\"target\":[\"https:\/\/ccviolenciaeigualdad.com\/justicia-restaurativa-i-mediacio-en-casos-de-delictes-de-violencia-sexual-i-violencia-de-genere-risc-o-oportunitat\/\"]}]},{\"@type\":\"ImageObject\",\"inLanguage\":\"ca\",\"@id\":\"https:\/\/ccviolenciaeigualdad.com\/justicia-restaurativa-i-mediacio-en-casos-de-delictes-de-violencia-sexual-i-violencia-de-genere-risc-o-oportunitat\/#primaryimage\",\"url\":\"https:\/\/ccviolenciaeigualdad.com\/wp-content\/uploads\/2024\/11\/PHOTO-2024-10-29-19-00-15.jpg\",\"contentUrl\":\"https:\/\/ccviolenciaeigualdad.com\/wp-content\/uploads\/2024\/11\/PHOTO-2024-10-29-19-00-15.jpg\",\"width\":1080,\"height\":1080},{\"@type\":\"BreadcrumbList\",\"@id\":\"https:\/\/ccviolenciaeigualdad.com\/justicia-restaurativa-i-mediacio-en-casos-de-delictes-de-violencia-sexual-i-violencia-de-genere-risc-o-oportunitat\/#breadcrumb\",\"itemListElement\":[{\"@type\":\"ListItem\",\"position\":1,\"name\":\"Home\",\"item\":\"https:\/\/ccviolenciaeigualdad.com\/\"},{\"@type\":\"ListItem\",\"position\":2,\"name\":\"Just\u00edcia restaurativa i mediaci\u00f3 en casos de delictes de viol\u00e8ncia sexual i viol\u00e8ncia de g\u00e8nere. Risc o oportunitat?\"}]},{\"@type\":\"WebSite\",\"@id\":\"https:\/\/ccviolenciaeigualdad.com\/#website\",\"url\":\"https:\/\/ccviolenciaeigualdad.com\/\",\"name\":\"Claudia Cruzado\",\"description\":\"Consultora especializada en igualdad, violencia de g\u00e9nero y acoso laboral\",\"publisher\":{\"@id\":\"https:\/\/ccviolenciaeigualdad.com\/#organization\"},\"potentialAction\":[{\"@type\":\"SearchAction\",\"target\":{\"@type\":\"EntryPoint\",\"urlTemplate\":\"https:\/\/ccviolenciaeigualdad.com\/?s={search_term_string}\"},\"query-input\":{\"@type\":\"PropertyValueSpecification\",\"valueRequired\":true,\"valueName\":\"search_term_string\"}}],\"inLanguage\":\"ca\"},{\"@type\":\"Organization\",\"@id\":\"https:\/\/ccviolenciaeigualdad.com\/#organization\",\"name\":\"Claudia Cruzado\",\"url\":\"https:\/\/ccviolenciaeigualdad.com\/\",\"logo\":{\"@type\":\"ImageObject\",\"inLanguage\":\"ca\",\"@id\":\"https:\/\/ccviolenciaeigualdad.com\/#\/schema\/logo\/image\/\",\"url\":\"https:\/\/ccviolenciaeigualdad.com\/wp-content\/uploads\/2025\/10\/cropped-logo-fondo-claudia-cruzado-1-1.png\",\"contentUrl\":\"https:\/\/ccviolenciaeigualdad.com\/wp-content\/uploads\/2025\/10\/cropped-logo-fondo-claudia-cruzado-1-1.png\",\"width\":1080,\"height\":373,\"caption\":\"Claudia Cruzado\"},\"image\":{\"@id\":\"https:\/\/ccviolenciaeigualdad.com\/#\/schema\/logo\/image\/\"}},{\"@type\":\"Person\",\"@id\":\"https:\/\/ccviolenciaeigualdad.com\/#\/schema\/person\/2b905ae2f475f22f62b4cadef2183a5f\",\"name\":\"ClaudiaCruzado\",\"url\":\"https:\/\/ccviolenciaeigualdad.com\/ca\/author\/claudiacruzado\/\"}]}<\/script>\n<!-- \/ Yoast SEO plugin. -->","yoast_head_json":{"title":"Just\u00edcia restaurativa i mediaci\u00f3 en casos de delictes de viol\u00e8ncia sexual i viol\u00e8ncia de g\u00e8nere. Risc o oportunitat? - Claudia Cruzado","robots":{"index":"index","follow":"follow","max-snippet":"max-snippet:-1","max-image-preview":"max-image-preview:large","max-video-preview":"max-video-preview:-1"},"canonical":"https:\/\/ccviolenciaeigualdad.com\/ca\/justicia-restaurativa-i-mediacio-en-casos-de-delictes-de-violencia-sexual-i-violencia-de-genere-risc-o-oportunitat\/","og_locale":"ca_ES","og_type":"article","og_title":"Just\u00edcia restaurativa i mediaci\u00f3 en casos de delictes de viol\u00e8ncia sexual i viol\u00e8ncia de g\u00e8nere. Risc o oportunitat? - Claudia Cruzado","og_description":"Una oportunitat per intercanviar punts de vista sobre les oportunitats i riscos de modificar la legislaci\u00f3 que regula la no intervenci\u00f3 de la mediaci\u00f3 i la just\u00edcia restaurativa en delictes vinculats a la viol\u00e8ncia sexual i la viol\u00e8ncia de g\u00e8nere. Incorporar elements filos\u00f2fics relacionats amb la concepci\u00f3 del consentiment. DATA I HORA DE FINALITZACI\u00d3 D&#8217;INSCRIPCI\u00d3: [&hellip;]","og_url":"https:\/\/ccviolenciaeigualdad.com\/ca\/justicia-restaurativa-i-mediacio-en-casos-de-delictes-de-violencia-sexual-i-violencia-de-genere-risc-o-oportunitat\/","og_site_name":"Claudia Cruzado","article_published_time":"2024-11-05T11:29:02+00:00","og_image":[{"width":1080,"height":1080,"url":"https:\/\/ccviolenciaeigualdad.com\/wp-content\/uploads\/2024\/11\/PHOTO-2024-10-29-19-00-15.jpg","type":"image\/jpeg"}],"author":"ClaudiaCruzado","twitter_card":"summary_large_image","twitter_misc":{"Escrit per":"ClaudiaCruzado","Temps estimat de lectura":"1 minut"},"schema":{"@context":"https:\/\/schema.org","@graph":[{"@type":"Article","@id":"https:\/\/ccviolenciaeigualdad.com\/justicia-restaurativa-i-mediacio-en-casos-de-delictes-de-violencia-sexual-i-violencia-de-genere-risc-o-oportunitat\/#article","isPartOf":{"@id":"https:\/\/ccviolenciaeigualdad.com\/justicia-restaurativa-i-mediacio-en-casos-de-delictes-de-violencia-sexual-i-violencia-de-genere-risc-o-oportunitat\/"},"author":{"name":"ClaudiaCruzado","@id":"https:\/\/ccviolenciaeigualdad.com\/#\/schema\/person\/2b905ae2f475f22f62b4cadef2183a5f"},"headline":"Just\u00edcia restaurativa i mediaci\u00f3 en casos de delictes de viol\u00e8ncia sexual i viol\u00e8ncia de g\u00e8nere. Risc o oportunitat?","datePublished":"2024-11-05T11:29:02+00:00","mainEntityOfPage":{"@id":"https:\/\/ccviolenciaeigualdad.com\/justicia-restaurativa-i-mediacio-en-casos-de-delictes-de-violencia-sexual-i-violencia-de-genere-risc-o-oportunitat\/"},"wordCount":100,"publisher":{"@id":"https:\/\/ccviolenciaeigualdad.com\/#organization"},"image":{"@id":"https:\/\/ccviolenciaeigualdad.com\/justicia-restaurativa-i-mediacio-en-casos-de-delictes-de-violencia-sexual-i-violencia-de-genere-risc-o-oportunitat\/#primaryimage"},"thumbnailUrl":"https:\/\/ccviolenciaeigualdad.com\/wp-content\/uploads\/2024\/11\/PHOTO-2024-10-29-19-00-15.jpg","articleSection":["Uncategorized"],"inLanguage":"ca"},{"@type":"WebPage","@id":"https:\/\/ccviolenciaeigualdad.com\/justicia-restaurativa-i-mediacio-en-casos-de-delictes-de-violencia-sexual-i-violencia-de-genere-risc-o-oportunitat\/","url":"https:\/\/ccviolenciaeigualdad.com\/justicia-restaurativa-i-mediacio-en-casos-de-delictes-de-violencia-sexual-i-violencia-de-genere-risc-o-oportunitat\/","name":"Just\u00edcia restaurativa i mediaci\u00f3 en casos de delictes de viol\u00e8ncia sexual i viol\u00e8ncia de g\u00e8nere. Risc o oportunitat? - Claudia Cruzado","isPartOf":{"@id":"https:\/\/ccviolenciaeigualdad.com\/#website"},"primaryImageOfPage":{"@id":"https:\/\/ccviolenciaeigualdad.com\/justicia-restaurativa-i-mediacio-en-casos-de-delictes-de-violencia-sexual-i-violencia-de-genere-risc-o-oportunitat\/#primaryimage"},"image":{"@id":"https:\/\/ccviolenciaeigualdad.com\/justicia-restaurativa-i-mediacio-en-casos-de-delictes-de-violencia-sexual-i-violencia-de-genere-risc-o-oportunitat\/#primaryimage"},"thumbnailUrl":"https:\/\/ccviolenciaeigualdad.com\/wp-content\/uploads\/2024\/11\/PHOTO-2024-10-29-19-00-15.jpg","datePublished":"2024-11-05T11:29:02+00:00","breadcrumb":{"@id":"https:\/\/ccviolenciaeigualdad.com\/justicia-restaurativa-i-mediacio-en-casos-de-delictes-de-violencia-sexual-i-violencia-de-genere-risc-o-oportunitat\/#breadcrumb"},"inLanguage":"ca","potentialAction":[{"@type":"ReadAction","target":["https:\/\/ccviolenciaeigualdad.com\/justicia-restaurativa-i-mediacio-en-casos-de-delictes-de-violencia-sexual-i-violencia-de-genere-risc-o-oportunitat\/"]}]},{"@type":"ImageObject","inLanguage":"ca","@id":"https:\/\/ccviolenciaeigualdad.com\/justicia-restaurativa-i-mediacio-en-casos-de-delictes-de-violencia-sexual-i-violencia-de-genere-risc-o-oportunitat\/#primaryimage","url":"https:\/\/ccviolenciaeigualdad.com\/wp-content\/uploads\/2024\/11\/PHOTO-2024-10-29-19-00-15.jpg","contentUrl":"https:\/\/ccviolenciaeigualdad.com\/wp-content\/uploads\/2024\/11\/PHOTO-2024-10-29-19-00-15.jpg","width":1080,"height":1080},{"@type":"BreadcrumbList","@id":"https:\/\/ccviolenciaeigualdad.com\/justicia-restaurativa-i-mediacio-en-casos-de-delictes-de-violencia-sexual-i-violencia-de-genere-risc-o-oportunitat\/#breadcrumb","itemListElement":[{"@type":"ListItem","position":1,"name":"Home","item":"https:\/\/ccviolenciaeigualdad.com\/"},{"@type":"ListItem","position":2,"name":"Just\u00edcia restaurativa i mediaci\u00f3 en casos de delictes de viol\u00e8ncia sexual i viol\u00e8ncia de g\u00e8nere. Risc o oportunitat?"}]},{"@type":"WebSite","@id":"https:\/\/ccviolenciaeigualdad.com\/#website","url":"https:\/\/ccviolenciaeigualdad.com\/","name":"Claudia Creuat","description":"Consultora especialitzada en igualtat, viol\u00e8ncia de g\u00e8nere i assetjament laboral","publisher":{"@id":"https:\/\/ccviolenciaeigualdad.com\/#organization"},"potentialAction":[{"@type":"SearchAction","target":{"@type":"EntryPoint","urlTemplate":"https:\/\/ccviolenciaeigualdad.com\/?s={search_term_string}"},"query-input":{"@type":"PropertyValueSpecification","valueRequired":true,"valueName":"search_term_string"}}],"inLanguage":"ca"},{"@type":"Organization","@id":"https:\/\/ccviolenciaeigualdad.com\/#organization","name":"Claudia Creuat","url":"https:\/\/ccviolenciaeigualdad.com\/","logo":{"@type":"ImageObject","inLanguage":"ca","@id":"https:\/\/ccviolenciaeigualdad.com\/#\/schema\/logo\/image\/","url":"https:\/\/ccviolenciaeigualdad.com\/wp-content\/uploads\/2025\/10\/cropped-logo-fondo-claudia-cruzado-1-1.png","contentUrl":"https:\/\/ccviolenciaeigualdad.com\/wp-content\/uploads\/2025\/10\/cropped-logo-fondo-claudia-cruzado-1-1.png","width":1080,"height":373,"caption":"Claudia Cruzado"},"image":{"@id":"https:\/\/ccviolenciaeigualdad.com\/#\/schema\/logo\/image\/"}},{"@type":"Person","@id":"https:\/\/ccviolenciaeigualdad.com\/#\/schema\/person\/2b905ae2f475f22f62b4cadef2183a5f","name":"ClaudiaCreuat","url":"https:\/\/ccviolenciaeigualdad.com\/ca\/author\/claudiacruzado\/"}]}},"_links":{"self":[{"href":"https:\/\/ccviolenciaeigualdad.com\/ca\/wp-json\/wp\/v2\/posts\/436","targetHints":{"allow":["GET"]}}],"collection":[{"href":"https:\/\/ccviolenciaeigualdad.com\/ca\/wp-json\/wp\/v2\/posts"}],"about":[{"href":"https:\/\/ccviolenciaeigualdad.com\/ca\/wp-json\/wp\/v2\/types\/post"}],"author":[{"embeddable":true,"href":"https:\/\/ccviolenciaeigualdad.com\/ca\/wp-json\/wp\/v2\/users\/4"}],"replies":[{"embeddable":true,"href":"https:\/\/ccviolenciaeigualdad.com\/ca\/wp-json\/wp\/v2\/comments?post=436"}],"version-history":[{"count":1,"href":"https:\/\/ccviolenciaeigualdad.com\/ca\/wp-json\/wp\/v2\/posts\/436\/revisions"}],"predecessor-version":[{"id":438,"href":"https:\/\/ccviolenciaeigualdad.com\/ca\/wp-json\/wp\/v2\/posts\/436\/revisions\/438"}],"wp:featuredmedia":[{"embeddable":true,"href":"https:\/\/ccviolenciaeigualdad.com\/ca\/wp-json\/wp\/v2\/media\/437"}],"wp:attachment":[{"href":"https:\/\/ccviolenciaeigualdad.com\/ca\/wp-json\/wp\/v2\/media?parent=436"}],"wp:term":[{"taxonomy":"category","embeddable":true,"href":"https:\/\/ccviolenciaeigualdad.com\/ca\/wp-json\/wp\/v2\/categories?post=436"},{"taxonomy":"post_tag","embeddable":true,"href":"https:\/\/ccviolenciaeigualdad.com\/ca\/wp-json\/wp\/v2\/tags?post=436"}],"curies":[{"name":"wp","href":"https:\/\/api.w.org\/{rel}","templated":true}]}}